{"id":29926,"date":"2020-11-02T16:47:58","date_gmt":"2020-11-02T20:47:58","guid":{"rendered":"http:\/\/blogdalucianaoliveira.com.br\/blog\/?p=29926"},"modified":"2020-11-02T16:48:06","modified_gmt":"2020-11-02T20:48:06","slug":"a-pandemia-como-balcao-como-o-dinheiro-decide-quando-e-onde-a-vacina-chegara","status":"publish","type":"post","link":"http:\/\/blogdalucianaoliveira.com.br\/blog\/2020\/11\/02\/a-pandemia-como-balcao-como-o-dinheiro-decide-quando-e-onde-a-vacina-chegara\/","title":{"rendered":"A pandemia como balc\u00e3o: como o dinheiro decide quando e onde a vacina chegar\u00e1"},"content":{"rendered":"\n<figure class=\"wp-block-image size-large\"><img data-recalc-dims=\"1\" loading=\"lazy\" decoding=\"async\" width=\"600\" height=\"359\" data-attachment-id=\"29927\" data-permalink=\"http:\/\/blogdalucianaoliveira.com.br\/blog\/2020\/11\/02\/a-pandemia-como-balcao-como-o-dinheiro-decide-quando-e-onde-a-vacina-chegara\/image-1160\/\" data-orig-file=\"https:\/\/i0.wp.com\/blogdalucianaoliveira.com.br\/blog\/wp-content\/uploads\/2020\/11\/image.jpeg?fit=768%2C459\" data-orig-size=\"768,459\" data-comments-opened=\"0\" data-image-meta=\"{&quot;aperture&quot;:&quot;0&quot;,&quot;credit&quot;:&quot;&quot;,&quot;camera&quot;:&quot;&quot;,&quot;caption&quot;:&quot;&quot;,&quot;created_timestamp&quot;:&quot;0&quot;,&quot;copyright&quot;:&quot;&quot;,&quot;focal_length&quot;:&quot;0&quot;,&quot;iso&quot;:&quot;0&quot;,&quot;shutter_speed&quot;:&quot;0&quot;,&quot;title&quot;:&quot;&quot;,&quot;orientation&quot;:&quot;0&quot;}\" data-image-title=\"image\" data-image-description=\"\" data-image-caption=\"\" data-medium-file=\"https:\/\/i0.wp.com\/blogdalucianaoliveira.com.br\/blog\/wp-content\/uploads\/2020\/11\/image.jpeg?fit=300%2C179\" data-large-file=\"https:\/\/i0.wp.com\/blogdalucianaoliveira.com.br\/blog\/wp-content\/uploads\/2020\/11\/image.jpeg?fit=600%2C359\" src=\"https:\/\/i0.wp.com\/blogdalucianaoliveira.com.br\/blog\/wp-content\/uploads\/2020\/11\/image.jpeg?resize=600%2C359\" alt=\"\" class=\"wp-image-29927\" srcset=\"https:\/\/i0.wp.com\/blogdalucianaoliveira.com.br\/blog\/wp-content\/uploads\/2020\/11\/image.jpeg?w=768 768w, https:\/\/i0.wp.com\/blogdalucianaoliveira.com.br\/blog\/wp-content\/uploads\/2020\/11\/image.jpeg?resize=300%2C179 300w, https:\/\/i0.wp.com\/blogdalucianaoliveira.com.br\/blog\/wp-content\/uploads\/2020\/11\/image.jpeg?resize=502%2C300 502w\" sizes=\"auto, (max-width: 600px) 100vw, 600px\" \/><\/figure>\n\n\n\n<h4 class=\"wp-block-heading\">Interesse da ind\u00fastria, patentes e dom\u00ednio de pa\u00edses ricos podem criar desigualdade na distribui\u00e7\u00e3o do imunizante<\/h4>\n\n\n\n<!--more-->\n\n\n\n<p>Erick Gimenes &#8211; Brasil de Fato | Bras\u00edlia (DF)<\/p>\n\n\n\n<p>Os interesses da ind\u00fastria farmac\u00eautica e dos pa\u00edses ricos determinar\u00e3o quando e a quem uma prov\u00e1vel vacina contra a covid-19 chegar\u00e1, segundo pesquisadores ouvidos pelo&nbsp;<strong>Brasil de Fato<\/strong>.<\/p>\n\n\n\n<p>Apesar de esfor\u00e7os da Organiza\u00e7\u00e3o Mundial da Sa\u00fade (OMS) para que a distribui\u00e7\u00e3o seja geoeconomicamente igualit\u00e1ria, \u00e9 prov\u00e1vel que o dinheiro divida ricos imunizados de pobres suscet\u00edveis ao v\u00edrus por algum tempo.<\/p>\n\n\n\n<p><a href=\"https:\/\/www.brasildefato.com.br\/2020\/11\/01\/esperanca-para-carnaval-de-rua-em-2021-e-minima-diz-representante-dos-blocos-do-rj\" target=\"_blank\" rel=\"noreferrer noopener\">:: &#8220;Esperan\u00e7a para carnaval de rua em 2021 \u00e9 m\u00ednima&#8221;, diz representante dos blocos do RJ ::<\/a><\/p>\n\n\n\n<p>O Brasil est\u00e1 entre pa\u00edses com boa condi\u00e7\u00e3o ao privil\u00e9gio de receber as primeiras levas da vacina, quando ela estiver registra. A distribui\u00e7\u00e3o nacional, no entanto, tamb\u00e9m tende a ser desigual entre estados ricos e pobres.<\/p>\n\n\n\n<p>\u201cSe n\u00e3o houver uma coordena\u00e7\u00e3o, uma estrat\u00e9gia, de compra e distribui\u00e7\u00e3o a n\u00edvel nacional, vai haver uma desigualdade muito grande entre os estados que podem pagar e os que n\u00e3o podem pagar\u201d, afirma a m\u00e9dica epidemiologista e pesquisadora Denise Garrett, vice-presidente do Sabin Vaccine Institute, nos Estados Unidos.<\/p>\n\n\n\n<p>O governo brasileiro fechou dois acordos at\u00e9 agora: um com o conglomerado anglo-sueco AstraZeneca, parceiro da Universidade de Oxford, e outro com o Instrumento de Acesso Global de Vacinas Covid-19 (Covax Facility), uma coaliz\u00e3o de mais de 150 pa\u00edses que visa acelerar o desenvolvimento, a produ\u00e7\u00e3o e o acesso equitativo e igualit\u00e1rio aos testes, tratamentos e vacinas.<\/p>\n\n\n\n<p><a href=\"https:\/\/www.brasildefato.com.br\/2020\/10\/31\/brasil-mantem-patamar-superior-a-150-mil-novos-casos-da-covid-19-por-semana\" target=\"_blank\" rel=\"noreferrer noopener\">::&nbsp;Brasil mant\u00e9m patamar superior a 150 mil novos casos da covid-19 por semana ::<\/a><\/p>\n\n\n\n<p>Com a ades\u00e3o ao Covax, o pa\u00eds vai investir cerca de R$ 2,5 bilh\u00f5es para adquirir um portf\u00f3lio de, at\u00e9 ent\u00e3o, nove vacinas em desenvolvimento, na inten\u00e7\u00e3o de garantir a prote\u00e7\u00e3o a 20% da popula\u00e7\u00e3o, inicialmente.<\/p>\n\n\n\n<p>Os contratos, no entanto, n\u00e3o garantem que o pa\u00eds n\u00e3o seja atropelado por pa\u00edses mais ricos, como aconteceu na pandemia de H1N1, em 2009, quando Estados Unidos e China concentraram as compras e deixaram as outras na\u00e7\u00f5es desassistidas. \u201cVoc\u00ea pode se cercar por todos os lados, mas n\u00e3o h\u00e1 uma garantia\u201d, diz Garrett. O governo de Donald Trump, por exemplo, n\u00e3o aceitou entrar no Covax.<\/p>\n\n\n\n<p>A pesquisadora brasileira afirma que coaliz\u00f5es com a divis\u00e3o de investimento entre empresas, estados e funda\u00e7\u00f5es, s\u00e3o a melhor alternativa para garantir acesso igualit\u00e1rio \u00e0 vacina. Segundo ela, o modelo \u00e9 in\u00e9dito e deveria ter sido adotado muito antes.<\/p>\n\n\n\n<p><a href=\"https:\/\/www.brasildefato.com.br\/2020\/11\/01\/siga-em-tempo-real-e-com-graficos-didaticos-o-avanco-do-novo-coronavirus-no-mundo\" target=\"_blank\" rel=\"noreferrer noopener\">::&nbsp;Siga em tempo real e com gr\u00e1ficos did\u00e1ticos o avan\u00e7o do novo coronav\u00edrus no mundo ::<\/a><\/p>\n\n\n\n<p>\u201cUma das coisas que poderiam ficar dessa pandemia \u00e9 a forma\u00e7\u00e3o dessas parcerias p\u00fablico-privadas, que desempenham um papel, como modelo de pesquisa, que seria um modelo que iria permitir uma distribui\u00e7\u00e3o justa, com maior pesquisa e acesso maior\u201d, defende.<\/p>\n\n\n\n<p>Controle da pandemia<\/p>\n\n\n\n<blockquote class=\"wp-block-quote is-layout-flow wp-block-quote-is-layout-flow\"><p>&nbsp;<\/p><p>\u00e9 poss\u00edvel que algumas empresas digam: n\u00e3o, quem define o fim da pandemia sou eu&nbsp;<\/p><\/blockquote>\n\n\n\n<p>Baseada em interesses pr\u00f3prios, a ind\u00fastria tem poder at\u00e9 de determinar o fim ou n\u00e3o da pandemia, afirma o m\u00e9dico sanitarista e pesquisador Reinaldo Guimar\u00e3es, vice-presidente da Associa\u00e7\u00e3o Brasileira de Sa\u00fade Coletiva (Abrasco).<\/p>\n\n\n\n<p>\u201cQuem define quando acaba a pandemia? Na minha opini\u00e3o, quem tem que definir quando a pandemia vai acabar \u00e9 quem instituiu a pandemia, isso \u00e9, a Organiza\u00e7\u00e3o Mundial da Sa\u00fade. Mas \u00e9 poss\u00edvel que algumas empresas digam: n\u00e3o, quem define o fim da pandemia sou eu\u201d, sugere o pesquisador.<\/p>\n\n\n\n<p>Outra vez, o que est\u00e1 em jogo \u00e9 o lucro. \u201cA vontade deles n\u00e3o \u00e9 controlar a pandemia. \u00c9 decretar que a pandemia acabou para eles botarem o pre\u00e7o que quiserem\u201d, explica Guimar\u00e3es. \u201cEsse pre\u00e7o da vacina \u00e9 um pre\u00e7o que est\u00e1 sendo estabelecido no \u00e2mbito da pandemia. Evidentemente, quando acabar a pandemia, as empresas v\u00e3o querer botar outro pre\u00e7o\u201d, complementa.<\/p>\n\n\n\n<p><a href=\"https:\/\/www.brasildefato.com.br\/2020\/10\/30\/dez-capitais-tem-tendencia-de-alta-em-casos-de-sindrome-respiratoria-aguda-grave\" target=\"_blank\" rel=\"noreferrer noopener\">::&nbsp;Dez capitais t\u00eam tend\u00eancia de alta em casos de s\u00edndrome respirat\u00f3ria aguda grave ::<\/a><\/p>\n\n\n\n<p>Para que se garanta a imuniza\u00e7\u00e3o de boa parte do povo, o vice-presidente da Abrasco s\u00f3 v\u00ea um caminho: a incorpora\u00e7\u00e3o da vacina, quando pronta, ao Programa Nacional de Imuniza\u00e7\u00f5es (PNI) do Sistema \u00danico de Sa\u00fade (SUS).<\/p>\n\n\n\n<p>\u201cNo meu ponto de vista, todas as vacinas que forem aprovadas t\u00eam que ser incorporadas ao Sistema \u00danico de Sa\u00fade. O que significa que uma vacina que a&nbsp;<a href=\"https:\/\/www.brasildefato.com.br\/2020\/10\/22\/butantan-acusa-anvisa-de-atrasar-vacina-pazuello-diz-que-vai-obedecer-bolsonaro\" target=\"_blank\" rel=\"noreferrer noopener\">Anvisa (Ag\u00eancia Nacional de Vigil\u00e2ncia Sanit\u00e1ria) registre pode ser comercializada no pa\u00eds,<\/a>&nbsp;mas tem um passo seguinte: ela tem de ser incorporada no Sistema \u00danico de Sa\u00fade, o que n\u00e3o \u00e9 a Anvisa que faz. Quem faz \u00e9 uma comiss\u00e3o chamada Comiss\u00e3o Nacional de Incorpora\u00e7\u00e3o de Tecnologias, o Conitec\u201d, explica&nbsp;o m\u00e9dico.<\/p>\n\n\n\n<p><a href=\"https:\/\/www.brasildefato.com.br\/2020\/10\/30\/com-investimentos-sus-seria-ferramenta-para-envelhecimento-ativo-no-brasil\" target=\"_blank\" rel=\"noreferrer noopener\">::&nbsp;Com investimentos, SUS seria ferramenta para &#8220;envelhecimento ativo&#8221; no Brasil ::<\/a><\/p>\n\n\n\n<p>A precifica\u00e7\u00e3o das doses por parte da ind\u00fastria, por\u00e9m, pode ser entrave para a distribui\u00e7\u00e3o p\u00fablica. \u201cVoc\u00ea pode ter uma vacina que seja registrada pela Anvisa, mas ela vai custar&nbsp;US$ 100 a dose. Estou dando um exemplo extremado. Nessa circunst\u00e2ncia, \u00e9 muito dif\u00edcil que ela venha a ser incorporada no Sistema \u00danico de Sa\u00fade, porque o custo efetividade dela n\u00e3o vai compensar, n\u00e3o haver\u00e1 dinheiro\u201d, diz Reinaldo.<\/p>\n\n\n\n<p>A princ\u00edpio, em raz\u00e3o do cen\u00e1rio urgente, especialistas preveem que a dose deva custar em torno de US$ 5, o que caberia no or\u00e7amento brasileiro.<\/p>\n\n\n\n<p>Quebra de patentes<\/p>\n\n\n\n<p>A ind\u00fastria mant\u00e9m propriedade intelectual sobre as vacinas, as chamadas patentes. \u00c9 um direito dela que, em alguns casos, pode se sobrepor ao direito constitucional de acesso \u00e0 sa\u00fade.<\/p>\n\n\n\n<p>Como consequ\u00eancia, as patentes d\u00e3o \u00e0s empresas autonomia no controle do pre\u00e7o, o que pode restringir o acesso aos cidad\u00e3os, conforme pesquisadores da \u00e1rea de direito.<\/p>\n\n\n\n<p><a href=\"https:\/\/www.brasildefato.com.br\/2020\/10\/29\/pesquisa-mostra-que-70-dos-paulistanos-querem-que-bolsonaro-compre-coronavac\" target=\"_blank\" rel=\"noreferrer noopener\">:: Pesquisa mostra que 70% dos paulistanos querem que Bolsonaro compre Coronavac ::<\/a><\/p>\n\n\n\n<p>A cientista Sandra Regina Martini, p\u00f3s-doutora em Direito e tamb\u00e9m em Pol\u00edticas P\u00fablicas, defende que as patentes sejam quebradas \u2014&nbsp;ou seja, que n\u00e3o haja direito \u00e0 exclusividade \u2014 para que a especula\u00e7\u00e3o comercial n\u00e3o se sobreponha \u00e0&nbsp;universaliza\u00e7\u00e3o do acesso. Ela \u00e9&nbsp;coautora de um&nbsp;<a href=\"http:\/\/200-98-146-54.clouduol.com.br\/bitstream\/123456789\/2605\/3\/978-65-88213-03-2%20%20344-358.pdf\" target=\"_blank\" rel=\"noreferrer noopener\">estudo sobre o tema<\/a>.<\/p>\n\n\n\n<blockquote class=\"wp-block-quote is-layout-flow wp-block-quote-is-layout-flow\"><p>&nbsp;<\/p><p>n\u00f3s estamos fazendo uma diferencia\u00e7\u00e3o entre quem n\u00f3s queremos salvar e quem n\u00f3s queremos matar&nbsp;<\/p><\/blockquote>\n\n\n\n<p>\u201cSe a sa\u00fade \u00e9 um direito universal, se a sa\u00fade \u00e9 um bem para a comunidade, n\u00e3o est\u00e1 em discuss\u00e3o restringir o acesso \u00e0 vacina. A vacina tem que ser de acesso universal. Vamos quebrar patentes. N\u00f3s j\u00e1 fizemos isso mais uma vez [em 2007, quando o presidente Luiz In\u00e1cio Lula da Silva decretou a suspens\u00e3o da licen\u00e7a ao Efavirenz, rem\u00e9dio para o tratamento da aids]\u201d, afirma a especialista.<\/p>\n\n\n\n<p>A p\u00f3s-doutora lamenta que exista uma guerra comercial em um momento pand\u00eamico t\u00e3o delicado. \u201c\u00c9 privatizar os corpos das pessoas. Na medida em que a vacina tem um custo elevado e alguns podem pagar e outros n\u00e3o, n\u00f3s estamos fazendo uma diferencia\u00e7\u00e3o entre quem n\u00f3s queremos salvar e quem n\u00f3s queremos matar\u201d.<\/p>\n\n\n\n<p><a href=\"https:\/\/www.brasildefato.com.br\/2020\/10\/25\/bolsonaro-pratica-xenofobia-ideologica-com-o-veto-a-sinovac\" target=\"_blank\" rel=\"noreferrer noopener\">:: Opini\u00e3o |&nbsp;Bolsonaro pratica xenofobia ideol\u00f3gica com o veto \u00e0 Sinovac ::<\/a><\/p>\n\n\n\n<p>O advogado e pesquisador Theodoro Lu\u00eds Mallmann de Oliveira, que assina o estudo com Sandra Martini, diz que \u00e9 importante que o direito \u00e0 propriedade seja respeitado em situa\u00e7\u00f5es comuns, mas refor\u00e7a que, em casos extremos, como agora, \u00e9 preciso repens\u00e1-lo.<\/p>\n\n\n\n<p>\u201cTem que haver uma compatibiliza\u00e7\u00e3o do direito \u00e0 propriedade com as pol\u00edticas p\u00fablicas, tanto nacionais como internacionais. Temos, por exemplo, a Organiza\u00e7\u00e3o das Na\u00e7\u00f5es Unidas, que pode criar mecanismos para estimular a Organiza\u00e7\u00e3o Mundial do Com\u00e9rcio a tornar esses pre\u00e7os mais acess\u00edveis\u201d, diz.<\/p>\n\n\n\n<p><a href=\"https:\/\/www.brasildefato.com.br\/2020\/10\/24\/politizacao-da-vacina-desinforma-e-prejudica-o-combate-ao-coronavirus\" target=\"_blank\" rel=\"noreferrer noopener\">::&nbsp;Politiza\u00e7\u00e3o da vacina desinforma e prejudica o combate ao coronav\u00edrus ::<\/a><\/p>\n\n\n\n<p>Ele lamenta que a sa\u00fade esteja, muitas vezes, abaixo do lucro. \u201cInfelizmente, muitas vezes o dinheiro fala mais alto, o capital\u201d, afirma o pesquisador. \u201cEnquanto o dinheiro e as diferen\u00e7as pol\u00edticas e ideol\u00f3gicas, culturais, religiosas, falarem mais alto, todos v\u00e3o sair perdendo\u201d, constata.<\/p>\n\n\n\n<p>Edi\u00e7\u00e3o: Lucas Weber<\/p>\n","protected":false},"excerpt":{"rendered":"<p>Interesse da ind\u00fastria, patentes e dom\u00ednio de pa\u00edses ricos podem criar desigualdade na distribui\u00e7\u00e3o do imunizante<\/p>\n","protected":false},"author":1,"featured_media":0,"comment_status":"closed","ping_status":"open","sticky":false,"template":"","format":"standard","meta":{"_exactmetrics_skip_tracking":false,"_exactmetrics_sitenote_active":false,"_exactmetrics_sitenote_note":"","_exactmetrics_sitenote_category":0,"jetpack_post_was_ever_published":false,"_jetpack_newsletter_access":"","_jetpack_dont_email_post_to_subs":false,"_jetpack_newsletter_tier_id":0,"_jetpack_memberships_contains_paywalled_content":false,"_jetpack_memberships_contains_paid_content":false,"footnotes":"","jetpack_publicize_message":"","jetpack_publicize_feature_enabled":true,"jetpack_social_post_already_shared":true,"jetpack_social_options":{"image_generator_settings":{"template":"highway","enabled":false},"version":2}},"categories":[1],"tags":[],"class_list":["post-29926","post","type-post","status-publish","format-standard","hentry","category-notas"],"jetpack_publicize_connections":[],"jetpack_sharing_enabled":true,"jetpack_featured_media_url":"","jetpack_shortlink":"https:\/\/wp.me\/p7wKYW-7MG","jetpack-related-posts":[],"_links":{"self":[{"href":"http:\/\/blogdalucianaoliveira.com.br\/blog\/wp-json\/wp\/v2\/posts\/29926","targetHints":{"allow":["GET"]}}],"collection":[{"href":"http:\/\/blogdalucianaoliveira.com.br\/blog\/wp-json\/wp\/v2\/posts"}],"about":[{"href":"http:\/\/blogdalucianaoliveira.com.br\/blog\/wp-json\/wp\/v2\/types\/post"}],"author":[{"embeddable":true,"href":"http:\/\/blogdalucianaoliveira.com.br\/blog\/wp-json\/wp\/v2\/users\/1"}],"replies":[{"embeddable":true,"href":"http:\/\/blogdalucianaoliveira.com.br\/blog\/wp-json\/wp\/v2\/comments?post=29926"}],"version-history":[{"count":1,"href":"http:\/\/blogdalucianaoliveira.com.br\/blog\/wp-json\/wp\/v2\/posts\/29926\/revisions"}],"predecessor-version":[{"id":29928,"href":"http:\/\/blogdalucianaoliveira.com.br\/blog\/wp-json\/wp\/v2\/posts\/29926\/revisions\/29928"}],"wp:attachment":[{"href":"http:\/\/blogdalucianaoliveira.com.br\/blog\/wp-json\/wp\/v2\/media?parent=29926"}],"wp:term":[{"taxonomy":"category","embeddable":true,"href":"http:\/\/blogdalucianaoliveira.com.br\/blog\/wp-json\/wp\/v2\/categories?post=29926"},{"taxonomy":"post_tag","embeddable":true,"href":"http:\/\/blogdalucianaoliveira.com.br\/blog\/wp-json\/wp\/v2\/tags?post=29926"}],"curies":[{"name":"wp","href":"https:\/\/api.w.org\/{rel}","templated":true}]}}