{"id":29929,"date":"2020-11-03T21:57:35","date_gmt":"2020-11-04T01:57:35","guid":{"rendered":"http:\/\/blogdalucianaoliveira.com.br\/blog\/?p=29929"},"modified":"2020-11-03T21:57:45","modified_gmt":"2020-11-04T01:57:45","slug":"cenas-da-audiencia-de-mariana-ferrer-sao-estarrecedoras","status":"publish","type":"post","link":"http:\/\/blogdalucianaoliveira.com.br\/blog\/2020\/11\/03\/cenas-da-audiencia-de-mariana-ferrer-sao-estarrecedoras\/","title":{"rendered":"\u2018Cenas da audi\u00eancia de Mariana Ferrer s\u00e3o estarrecedoras\u2019"},"content":{"rendered":"\n<figure class=\"wp-block-image size-large\"><img data-recalc-dims=\"1\" loading=\"lazy\" decoding=\"async\" width=\"320\" height=\"192\" data-attachment-id=\"29930\" data-permalink=\"http:\/\/blogdalucianaoliveira.com.br\/blog\/2020\/11\/03\/cenas-da-audiencia-de-mariana-ferrer-sao-estarrecedoras\/1f133756-15fd-4a6c-b7b8-14024b9657cb\/\" data-orig-file=\"https:\/\/i0.wp.com\/blogdalucianaoliveira.com.br\/blog\/wp-content\/uploads\/2020\/11\/1F133756-15FD-4A6C-B7B8-14024B9657CB.jpeg?fit=320%2C192\" data-orig-size=\"320,192\" data-comments-opened=\"0\" data-image-meta=\"{&quot;aperture&quot;:&quot;0&quot;,&quot;credit&quot;:&quot;&quot;,&quot;camera&quot;:&quot;&quot;,&quot;caption&quot;:&quot;&quot;,&quot;created_timestamp&quot;:&quot;0&quot;,&quot;copyright&quot;:&quot;&quot;,&quot;focal_length&quot;:&quot;0&quot;,&quot;iso&quot;:&quot;0&quot;,&quot;shutter_speed&quot;:&quot;0&quot;,&quot;title&quot;:&quot;&quot;,&quot;orientation&quot;:&quot;1&quot;}\" data-image-title=\"1F133756-15FD-4A6C-B7B8-14024B9657CB\" data-image-description=\"\" data-image-caption=\"\" data-medium-file=\"https:\/\/i0.wp.com\/blogdalucianaoliveira.com.br\/blog\/wp-content\/uploads\/2020\/11\/1F133756-15FD-4A6C-B7B8-14024B9657CB.jpeg?fit=300%2C180\" data-large-file=\"https:\/\/i0.wp.com\/blogdalucianaoliveira.com.br\/blog\/wp-content\/uploads\/2020\/11\/1F133756-15FD-4A6C-B7B8-14024B9657CB.jpeg?fit=320%2C192\" src=\"https:\/\/i0.wp.com\/blogdalucianaoliveira.com.br\/blog\/wp-content\/uploads\/2020\/11\/1F133756-15FD-4A6C-B7B8-14024B9657CB.jpeg?resize=320%2C192\" alt=\"\" class=\"wp-image-29930\" srcset=\"https:\/\/i0.wp.com\/blogdalucianaoliveira.com.br\/blog\/wp-content\/uploads\/2020\/11\/1F133756-15FD-4A6C-B7B8-14024B9657CB.jpeg?w=320 320w, https:\/\/i0.wp.com\/blogdalucianaoliveira.com.br\/blog\/wp-content\/uploads\/2020\/11\/1F133756-15FD-4A6C-B7B8-14024B9657CB.jpeg?resize=300%2C180 300w\" sizes=\"auto, (max-width: 320px) 100vw, 320px\" \/><\/figure>\n\n\n\n<p>Carta Capital &#8211; O ministro Gilmar Mendes, do Supremo Tribunal Federal, afirmou que as cenas da audi\u00eancia do caso da influenciadora Mariana Ferrer \u2013 que denunciou um estupro em um clube de Florian\u00f3polis e foi humilhada pelo advogado da defesa do acusado Andr\u00e9 Aranha durante uma sess\u00e3o\u00a0 \u2013 s\u00e3o \u201cestarrecedoras\u201d.<\/p>\n\n\n\n<!--more-->\n\n\n\n<p>\u201cAs cenas da audi\u00eancia de Mariana Ferrer s\u00e3o estarrecedoras. O sistema de Justi\u00e7a deve ser instrumento de acolhimento, jamais de tortura e humilha\u00e7\u00e3o. Os \u00f3rg\u00e3os de correi\u00e7\u00e3o devem apurar a responsabilidade dos agentes envolvidos, inclusive daqueles que se omitiram.\u201d, escreveu o ministro nas redes.<\/p>\n\n\n\n<p>As imagens da audi\u00eancia foram publicadas nesta ter\u00e7a-feira 3 em uma reportagem do portal\u00a0<em>The Intercept Brasil<\/em>. Nelas, o advogado\u00a0Cl\u00e1udio Gast\u00e3o da Rosa Filho humilha a jovem.\u00a0\u201cTu vive disso? Esse \u00e9 teu criadouro, n\u00e9, Mariana, a verdade \u00e9 essa, n\u00e9? \u00c9 teu ganha p\u00e3o a desgra\u00e7a dos outros? Manipular essa hist\u00f3ria de virgem?\u201d, diz Gast\u00e3o.<\/p>\n\n\n\n<figure class=\"wp-block-embed-twitter wp-block-embed is-type-rich is-provider-twitter\"><div class=\"wp-block-embed__wrapper\">\n<blockquote class=\"twitter-tweet\" data-width=\"550\" data-dnt=\"true\"><p lang=\"pt\" dir=\"ltr\">As cenas da audi\u00eancia de Mariana Ferrer s\u00e3o estarrecedoras. O sistema de Justi\u00e7a deve ser instrumento de acolhimento, jamais de tortura e humilha\u00e7\u00e3o. Os \u00f3rg\u00e3os de correi\u00e7\u00e3o devem apurar a responsabilidade dos agentes envolvidos, inclusive daqueles que se omitiram.<\/p>&mdash; Gilmar Mendes (@gilmarmendes) <a href=\"https:\/\/twitter.com\/gilmarmendes\/status\/1323685697342087169?ref_src=twsrc%5Etfw\">November 3, 2020<\/a><\/blockquote><script async src=\"https:\/\/platform.twitter.com\/widgets.js\" charset=\"utf-8\"><\/script>\n<\/div><\/figure>\n\n\n\n<p>Al\u00e9m da publica\u00e7\u00e3o do v\u00eddeo, a reportagem tamb\u00e9m detalhou que o juiz do caso determinou que o estupro foi um \u201cestupro culposo\u201d \u2013 ou seja, que Andr\u00e9 Aranha \u201cn\u00e3o teve a inten\u00e7\u00e3o\u201d de violentar a v\u00edtima. Uma senten\u00e7a do g\u00eanero n\u00e3o tem base no C\u00f3digo Penal brasileiro, afirmaram especialistas \u00e0 reportagem.<\/p>\n\n\n\n<p>O caso ganhou notoriedade nas redes sociais ap\u00f3s Mariana publicar as provas do crime que possu\u00eda como forma de pressionar a Justi\u00e7a para dar continuidade nas investiga\u00e7\u00f5es. Aranha \u00e9 um empres\u00e1rio famoso e tem, entre os amigos, diversos jogadores de futebol.<\/p>\n\n\n\n<p>Segundo a reportagem, a&nbsp;Ordem dos Advogados do Brasil (OAB) de Santa Catarina informou que oficiou Cl\u00e1udio Gast\u00e3o da Rosa Filho para prestar esclarecimentos sobre sua conduta na audi\u00eancia do caso.<\/p>\n\n\n\n<h2 class=\"wp-block-heading\"><strong>O caso<\/strong><\/h2>\n\n\n\n<p>Mariana Ferrer, conhecida como Mari Ferrer, trabalhava na noite do dia 15 de dezembro de 2018 no interior do clube&nbsp;<em>Caf\u00e9 de La Musique<\/em>, em Jurer\u00ea Internacional, como uma promotora digital da casa de eventos.<\/p>\n\n\n\n<p>Ferrer alega que, em determinado momento, foi levada para um setor privativo do clube e n\u00e3o se lembra de ter mantido rela\u00e7\u00f5es sexuais com o acusado. Um v\u00eddeo publicado por ela posteriormente mostra que ela sobe as escadas acompanhada de Andr\u00e9 Aranha, mas desce sozinha e cambaleante de volta \u00e0 \u00e1rea p\u00fablica do clube.<\/p>\n\n\n\n<p>Depois disso, Ferrer alega que foi deixada sozinha no lugar pelas amigas que a acompanhavam e que pediu ajuda da m\u00e3e e da irm\u00e3, que acharam que ela estava apenas embriagada. Ao ir tomar banho, no entanto, a m\u00e3e teria percebido forte cheiro e visto sangue nas roupas da filha.<\/p>\n\n\n\n<p>Exames publicados por Mariana nas redes sociais mostram que houve conjun\u00e7\u00e3o carnal, rompimento de h\u00edmen \u2013 Ferrer era virgem \u2013 e presen\u00e7a de s\u00eamen em suas pe\u00e7as \u00edntimas.<\/p>\n\n\n\n<p>Al\u00e9m disso, a influenciadora publicou laudos psicol\u00f3gicos que atestam estresse p\u00f3s-traum\u00e1tico e narra que teve a vida social, familiar e afetiva interrompida ap\u00f3s o ocorrido.<\/p>\n","protected":false},"excerpt":{"rendered":"<p>Carta Capital &#8211; O ministro Gilmar Mendes, do Supremo Tribunal Federal, afirmou que as cenas da audi\u00eancia do caso da influenciadora Mariana Ferrer \u2013 que denunciou um estupro em um clube de Florian\u00f3polis e foi humilhada pelo advogado da defesa do acusado Andr\u00e9 Aranha durante uma sess\u00e3o\u00a0 \u2013 s\u00e3o \u201cestarrecedoras\u201d.<\/p>\n","protected":false},"author":1,"featured_media":0,"comment_status":"closed","ping_status":"open","sticky":false,"template":"","format":"standard","meta":{"_exactmetrics_skip_tracking":false,"_exactmetrics_sitenote_active":false,"_exactmetrics_sitenote_note":"","_exactmetrics_sitenote_category":0,"jetpack_post_was_ever_published":false,"_jetpack_newsletter_access":"","_jetpack_dont_email_post_to_subs":false,"_jetpack_newsletter_tier_id":0,"_jetpack_memberships_contains_paywalled_content":false,"_jetpack_memberships_contains_paid_content":false,"footnotes":"","jetpack_publicize_message":"","jetpack_publicize_feature_enabled":true,"jetpack_social_post_already_shared":true,"jetpack_social_options":{"image_generator_settings":{"template":"highway","enabled":false},"version":2}},"categories":[1],"tags":[],"class_list":["post-29929","post","type-post","status-publish","format-standard","hentry","category-notas"],"jetpack_publicize_connections":[],"jetpack_sharing_enabled":true,"jetpack_featured_media_url":"","jetpack_shortlink":"https:\/\/wp.me\/p7wKYW-7MJ","jetpack-related-posts":[],"_links":{"self":[{"href":"http:\/\/blogdalucianaoliveira.com.br\/blog\/wp-json\/wp\/v2\/posts\/29929","targetHints":{"allow":["GET"]}}],"collection":[{"href":"http:\/\/blogdalucianaoliveira.com.br\/blog\/wp-json\/wp\/v2\/posts"}],"about":[{"href":"http:\/\/blogdalucianaoliveira.com.br\/blog\/wp-json\/wp\/v2\/types\/post"}],"author":[{"embeddable":true,"href":"http:\/\/blogdalucianaoliveira.com.br\/blog\/wp-json\/wp\/v2\/users\/1"}],"replies":[{"embeddable":true,"href":"http:\/\/blogdalucianaoliveira.com.br\/blog\/wp-json\/wp\/v2\/comments?post=29929"}],"version-history":[{"count":1,"href":"http:\/\/blogdalucianaoliveira.com.br\/blog\/wp-json\/wp\/v2\/posts\/29929\/revisions"}],"predecessor-version":[{"id":29931,"href":"http:\/\/blogdalucianaoliveira.com.br\/blog\/wp-json\/wp\/v2\/posts\/29929\/revisions\/29931"}],"wp:attachment":[{"href":"http:\/\/blogdalucianaoliveira.com.br\/blog\/wp-json\/wp\/v2\/media?parent=29929"}],"wp:term":[{"taxonomy":"category","embeddable":true,"href":"http:\/\/blogdalucianaoliveira.com.br\/blog\/wp-json\/wp\/v2\/categories?post=29929"},{"taxonomy":"post_tag","embeddable":true,"href":"http:\/\/blogdalucianaoliveira.com.br\/blog\/wp-json\/wp\/v2\/tags?post=29929"}],"curies":[{"name":"wp","href":"https:\/\/api.w.org\/{rel}","templated":true}]}}