{"id":29932,"date":"2020-11-04T06:13:30","date_gmt":"2020-11-04T10:13:30","guid":{"rendered":"http:\/\/blogdalucianaoliveira.com.br\/blog\/?p=29932"},"modified":"2020-11-04T06:13:39","modified_gmt":"2020-11-04T10:13:39","slug":"brasil-prende-a-respiracao-diante-das-eleicoes-que-testam-a-potencia-do-bolsonarismo","status":"publish","type":"post","link":"http:\/\/blogdalucianaoliveira.com.br\/blog\/2020\/11\/04\/brasil-prende-a-respiracao-diante-das-eleicoes-que-testam-a-potencia-do-bolsonarismo\/","title":{"rendered":"Brasil prende a respira\u00e7\u00e3o diante das elei\u00e7\u00f5es que testam a pot\u00eancia do bolsonarismo"},"content":{"rendered":"\n<figure class=\"wp-block-image size-large\"><img data-recalc-dims=\"1\" loading=\"lazy\" decoding=\"async\" width=\"600\" height=\"400\" data-attachment-id=\"29933\" data-permalink=\"http:\/\/blogdalucianaoliveira.com.br\/blog\/2020\/11\/04\/brasil-prende-a-respiracao-diante-das-eleicoes-que-testam-a-potencia-do-bolsonarismo\/image-1-18\/\" data-orig-file=\"https:\/\/i0.wp.com\/blogdalucianaoliveira.com.br\/blog\/wp-content\/uploads\/2020\/11\/image-1.jpeg?fit=640%2C427\" data-orig-size=\"640,427\" data-comments-opened=\"0\" data-image-meta=\"{&quot;aperture&quot;:&quot;0&quot;,&quot;credit&quot;:&quot;&quot;,&quot;camera&quot;:&quot;&quot;,&quot;caption&quot;:&quot;&quot;,&quot;created_timestamp&quot;:&quot;0&quot;,&quot;copyright&quot;:&quot;&quot;,&quot;focal_length&quot;:&quot;0&quot;,&quot;iso&quot;:&quot;0&quot;,&quot;shutter_speed&quot;:&quot;0&quot;,&quot;title&quot;:&quot;&quot;,&quot;orientation&quot;:&quot;0&quot;}\" data-image-title=\"image-1\" data-image-description=\"\" data-image-caption=\"\" data-medium-file=\"https:\/\/i0.wp.com\/blogdalucianaoliveira.com.br\/blog\/wp-content\/uploads\/2020\/11\/image-1.jpeg?fit=300%2C200\" data-large-file=\"https:\/\/i0.wp.com\/blogdalucianaoliveira.com.br\/blog\/wp-content\/uploads\/2020\/11\/image-1.jpeg?fit=600%2C400\" src=\"https:\/\/i0.wp.com\/blogdalucianaoliveira.com.br\/blog\/wp-content\/uploads\/2020\/11\/image-1.jpeg?resize=600%2C400\" alt=\"\" class=\"wp-image-29933\" srcset=\"https:\/\/i0.wp.com\/blogdalucianaoliveira.com.br\/blog\/wp-content\/uploads\/2020\/11\/image-1.jpeg?w=640 640w, https:\/\/i0.wp.com\/blogdalucianaoliveira.com.br\/blog\/wp-content\/uploads\/2020\/11\/image-1.jpeg?resize=300%2C200 300w, https:\/\/i0.wp.com\/blogdalucianaoliveira.com.br\/blog\/wp-content\/uploads\/2020\/11\/image-1.jpeg?resize=450%2C300 450w\" sizes=\"auto, (max-width: 600px) 100vw, 600px\" \/><\/figure>\n\n\n\n<p>Com Trump, Bolsonaro ter\u00e1 licen\u00e7a para radicalizar pol\u00edtica, enquanto Biden embaralha ambi\u00e7\u00f5es para 2022. Pleito dos EUA \u00e9 cap\u00edtulo importante para ver se a extrema direita chegou ao teto nos dois pa\u00edses.<\/p>\n\n\n\n<!--more-->\n\n\n\n<p>El Pa\u00eds<\/p>\n\n\n\n<p>Um<a rel=\"noreferrer noopener\" href=\"https:\/\/brasil.elpais.com\/internacional\/2020-11-02\/a-vitoria-de-trump-e-outras-surpresas-possiveis-segundo-as-pesquisas.html\" target=\"_blank\">a encruzilhada est\u00e1 \u00e0 frente<\/a>do Brasil, hoje governado pelo mais leal mandat\u00e1rio do presidente Donald Trump. O resultado\u00a0<a rel=\"noreferrer noopener\" href=\"https:\/\/brasil.elpais.com\/opiniao\/2020-11-02\/o-que-esta-em-jogo-na-eleicao-americana-e-a-democracia-no-mundo.html\" target=\"_blank\">das elei\u00e7\u00f5es 2020 dos Estados Unidos<\/a>\u00a0vai apontar a dire\u00e7\u00e3o da metamorfose do Governo Bolsonaro nos dois anos e dois meses que lhe restam pela frente na presid\u00eancia.\u00a0<a rel=\"noreferrer noopener\" href=\"https:\/\/brasil.elpais.com\/noticias\/donald-trump\/\" target=\"_blank\">Trump<\/a>\u00a0ou\u00a0<a rel=\"noreferrer noopener\" href=\"https:\/\/brasil.elpais.com\/noticias\/joseph-biden\/\" target=\"_blank\">Joe Biden<\/a>\u00a0v\u00e3o modular os passos de Jair Bolsonaro para pleitear a reelei\u00e7\u00e3o em 2022. A d\u00favida, at\u00e9 o momento, \u00e9 se os ventos de mudan\u00e7a que bateram na Am\u00e9rica Latina v\u00e3o inspirar o Brasil com Biden, ou se o Governo Bolsonaro se sentir\u00e1 \u00e0 vontade para radicalizar mais,\u00a0<a rel=\"noreferrer noopener\" href=\"https:\/\/brasil.elpais.com\/internacional\/2020-10-31\/era-trump-o-balanco-politico-de-quatro-anos-freneticos.html\" target=\"_blank\">caso Trump bata seu rival democrat<\/a>a nas urnas neste 3 de novembro.<\/p>\n\n\n\n<p><a href=\"https:\/\/brasil.elpais.com\/internacional\/2020-10-19\/luis-arce-sera-o-proximo-presidente-da-bolivia-com-o-apoio-dos-indigenas-e-do-voto-oculto-da-classe-media.html\" target=\"_blank\" rel=\"noreferrer noopener\">A elei\u00e7\u00e3o de Luis Arce, na Bol\u00edvia,<\/a>&nbsp;e a aprova\u00e7\u00e3o de&nbsp;<a href=\"https:\/\/brasil.elpais.com\/internacional\/2020-10-26\/maioria-esmagadora-dos-chilenos-vota-por-enterrar-a-constituicao-de-pinochet.html\" target=\"_blank\" rel=\"noreferrer noopener\">um plebiscito por press\u00e3o popular no Chile<\/a>&nbsp;no m\u00eas passado deram alento aos que identificam ali uma mudan\u00e7a de p\u00eandulo da direita \u2013 e extrema direita \u2014 para as linhas mais moderada ou progressista. Se Trump for reeleito, por sua vez, a direita ganha f\u00f4lego para se fortalecer e, nesse caso, a m\u00e3o dura do presidente Jair Bolsonaro ficar\u00e1 mais pesada com os aplausos do modelo trumpista. Leia-se persegui\u00e7\u00e3o \u00e0 esquerda, \u00e0 imprensa, e aos grupos apontados como \u2018inimigos\u2019 da pauta conservadora do bolsonarismo.<\/p>\n\n\n\n<p>O professor\u00a0<a rel=\"noreferrer noopener\" href=\"https:\/\/brasil.elpais.com\/brasil\/2019\/01\/01\/politica\/1546360520_432279.html\" target=\"_blank\">Javier Corrales, do Amherst College, em Massachusetts,<\/a>\u00a0pondera, entretanto, que mesmo que Trump fique fora da Casa Branca haver\u00e1 trumpismo na oposi\u00e7\u00e3o, \u201cmuito mais potente\u201d, e continuar\u00e1 inflando o bolsonarismo no Brasil. \u201cGanhe ou perca Trump, a m\u00e3o pesada de Bolsonaro ser\u00e1 a mesma\u201d, avalia Corrales. \u201cO presidente do Brasil usar\u00e1 o que acontecer nos Estados Unidos para se renovar, mas n\u00e3o mudar para um liberalismo democr\u00e1tico\u201d, diz ele, numa men\u00e7\u00e3o aos freios e contrapesos da democracia, constantemente negligenciados por Bolsonaro.<\/p>\n\n\n\n<p>A elei\u00e7\u00e3o nos Estados Unidos, contudo, pega o presidente do Brasil j\u00e1 sob o escrut\u00ednio pr\u00e9vio das elei\u00e7\u00f5es municipais, onde\u00a0<a href=\"https:\/\/oglobo.globo.com\/brasil\/eleicoes-2020\/candidatos-apoiados-por-bolsonaro-tem-baixo-desempenho-nas-pesquisas-24724340?GLBID=1a5f2e05fb87e39089d3a2920b9c49c88344a3531355f6f636934492d744e4362364d4a4330693644724d51546c33695930305942505845676a62\">os candidatos ungidos com o seu apoio<\/a>\u00a0n\u00e3o decolam nas pesquisas eleitorais. Em S\u00e3o Paulo,\u00a0<a rel=\"noreferrer noopener\" href=\"https:\/\/oglobo.globo.com\/brasil\/eleicoes-2020\/governo-de-bolsonaro-considerado-ruim-ou-pessimo-por-52-dos-eleitores-na-cidade-de-sp-24722986\" target=\"_blank\">a avalia\u00e7\u00e3o negativa do presidente chega a 52%<\/a>, segundo o instituto Ibope. O candidato Celso Russomano (Republicanos-SP), que divide a lideran\u00e7a nas pesquisas com o prefeito Bruno Covas (PSDB-SP), foi o \u00fanico a perder pontos na corrida eleitoral paulistana, logo ap\u00f3s firmar-se como apadrinhado do presidente. A t\u00edtulo de compara\u00e7\u00e3o, na elei\u00e7\u00e3o presidencial de 2018 Bolsonaro teve mais de 60% dos votos na capital, contra 39,6% de Fernando Haddad, o que demonstra um desgaste no maior col\u00e9gio eleitoral do pa\u00eds.<\/p>\n\n\n\n<p>Para Corrales, essa rejei\u00e7\u00e3o de Bolsonaro se assemelha \u00e0 de Trump em \u00e1reas urbanas dos Estados Unidos, em mais um espelhismo que os dois mandat\u00e1rios experimentam. Ambos s\u00e3o contidos por movimentos de centro nos dois pa\u00edses, diferentemente de outros l\u00edderes, como Hugo Ch\u00e1vez ou Alberto Fujimori, na Am\u00e9rica do Sul, ou Silvio Berlusconi, na It\u00e1lia, e Viktor Orban, na Hungria. Todos lograram uma popularidade quase absoluta e se estenderam no poder. Todos lograram uma popularidade quase absoluta e se estenderam no poder. Questionado sobre o papel de Bolsonaro nas municipais, o o professor de Amherst College, reflete: \u201cPode ser que a extrema direita tenha chegado a seu teto\u201d. O mesmo vale para Trump. \u201cN\u00e3o \u00e9 normal ter tanto trabalho para se reeleger\u201d, completa.<\/p>\n\n\n\n<p>Por ora, as similaridades de Trump e Bolsonaro se repetem tamb\u00e9m na espetaculariza\u00e7\u00e3o de seus atos e provoca\u00e7\u00f5es corrosivas a advers\u00e1rios, nos movimentos anti-vacina, pr\u00f3-libera\u00e7\u00e3o de armas, e na ado\u00e7\u00e3o de slogan como \u201clei e ordem\u201d para lidar com demandas sociais populares. A gest\u00e3o err\u00e1tica da covid-19 tamb\u00e9m entra nessa conta, com Brasil e Estados Unidos entre os pa\u00edses com mais mortos no mundo. Agora, j\u00e1 temos a certeza de que Bolsonaro tamb\u00e9m questionar\u00e1 resultados quando se candidatar em 2022, como&nbsp;<a href=\"https:\/\/brasil.elpais.com\/internacional\/2020-11-02\/trump-enlameia-o-processo-eleitoral-ao-sugerir-que-os-votos-contados-depois-de-terca-feira-serao-ilegitimos.html\" target=\"_blank\" rel=\"noreferrer noopener\">faz Trump neste momento<\/a>.<\/p>\n\n\n\n<p>A diferen\u00e7a fundamental entre os dois mandat\u00e1rios reside hoje na gest\u00e3o da economia. Enquanto os EUA v\u00e3o bem, o Brasil vai mal sem um plano econ\u00f4mico para fechar suas contas no ano que vem. Vivendo dos acenos de Trump por mais acordos comerciais, Bolsonaro ainda n\u00e3o tem um retorno concreto de tanto investimento pol\u00edtico, a n\u00e3o ser entre seus eleitores mais fieis. \u201cSe eu estivesse nos Estados Unidos eu apoiaria Trump da mesma forma que eu apoio o Bolsonaro no Brasil\u201d, disse Adv\u00e2nia dos Santos ao rep\u00f3rter&nbsp;<strong>Aiuri Rebello<\/strong>. Adv\u00e2nia, que vestia uma camiseta com a figura de Trump ao lado da de Bolsonaro, vive num acampamento bolsonarista em S\u00e3o Paulo. Uma eventual derrota de presidente republicano vai obrigar Bolsonaro a<a href=\"https:\/\/brasil.elpais.com\/brasil\/2020-09-27\/jairo-nicolau-bolsonaro-e-uma-lideranca-inequivoca-e-um-lula-da-direita.html\" target=\"_blank\" rel=\"noreferrer noopener\">segurar a moral da sua tropa&nbsp;<\/a>que v\u00ea nos dois l\u00edderes o caminho para evitar o socialismo no Brasil. Se vitorioso, por\u00e9m, vai refor\u00e7ar sua plataforma anticomunista, dentro e fora do pa\u00eds.<\/p>\n\n\n\n<p>Seja como for, o resultado do pleito nos EUA vai acabar por empurrar o Governo&nbsp;<a href=\"https:\/\/brasil.elpais.com\/internacional\/2020-11-01\/brasil-vislumbra-pressao-por-economia-verde-com-biden-e-aceno-de-acordo-comercial-com-trump.html\" target=\"_blank\" rel=\"noreferrer noopener\">a tomar as r\u00e9deas da pol\u00edtica econ\u00f4mica<\/a>&nbsp;e dan\u00e7ar conforme a m\u00fasica que vier da Am\u00e9rica do Norte. Desde a defini\u00e7\u00e3o do or\u00e7amento para o ano que vem at\u00e9 o tom utilizado para quest\u00f5es dom\u00e9sticas, como Amaz\u00f4nia, ou externas, como a Venezuela, ser\u00e3o influenciadas. Alguns decib\u00e9is acima ou abaixo, a depender do pr\u00f3ximo presidente.<\/p>\n\n\n\n<p>O professor Felipe Loureiro, coordenador do curso de rela\u00e7\u00f5es internacionais da Universidade de S\u00e3o Paulo, diz que com Joe Biden as rela\u00e7\u00f5es entre o Brasil e os Estados Unidos esfriar\u00e3o no curto prazo, mas no longo, haver\u00e1 pragmatismo para avan\u00e7ar pelas vias do com\u00e9rcio para&nbsp;<a href=\"https:\/\/brasil.elpais.com\/brasil\/2020-07-22\/leilao-do-5g-no-brasil-e-novo-capitulo-da-guerra-fria-do-seculo-xxi-entre-china-e-estados-unidos.html\" target=\"_blank\" rel=\"noreferrer noopener\">combater o avan\u00e7o chin\u00eas na Am\u00e9rica Latina<\/a>. Para ele, quest\u00f5es como a Amaz\u00f4nia ser\u00e3o marginais para Biden num primeiro momento, que precisar\u00e1 focar na pandemia e na China. \u201cN\u00e3o somos prioridade. A China e a \u00cdndia sim\u201d, diz Loureiro.<\/p>\n\n\n\n<p>No caso da Venezuela, o democrata deve retomar a pol\u00edtica externa do ex-presidente Barack Obama, com menos virul\u00eancia no trato e mais di\u00e1logo. \u201cO maior exemplo dessa pol\u00edtica externa foi a aproxima\u00e7\u00e3o de Obama do governo Cuba. N\u00e3o ser\u00e1 tanto pol\u00edtica de confronto, recuaria do governo de Juan Guaid\u00f3, e trabalharia pelo engajamento para tentar modificar o regime\u201d, diz o professor da USP.<\/p>\n\n\n\n<p>Para Bolsonaro, por\u00e9m,&nbsp;<a href=\"https:\/\/brasil.elpais.com\/noticias\/venezuela\/\" target=\"_blank\" rel=\"noreferrer noopener\">a Venezuela continua a ter um papel<\/a>&nbsp;absolutamente central para a constru\u00e7\u00e3o de inimigo comunista que fomenta seus apoiadores, avalia o professor. O presidente brasileiro foi um grande aliado na estrat\u00e9gia de Trump de dar palco aos ataques a Nicol\u00e1s Maduro para ganhar dividendos com eleitores latinos residente nos Estados Unidos. Foi durante uma visita de quatro horas a Boa Vista, em 18 de setembro, que o secret\u00e1rio de Estado de Trump, Mike Pompeo, discursou de forma virulenta contra Nicol\u00e1s Maduro,&nbsp;<a href=\"https:\/\/brasil.elpais.com\/brasil\/2020-09-18\/visita-de-secretario-de-estado-dos-eua-ao-brasil-gera-crise-com-rodrigo-maia.html\" target=\"_blank\" rel=\"noreferrer noopener\">chamando-o de \u201ctraficante de drogas\u201d<\/a>. Com Trump, Bolsonaro continua a ter um aliado \u2013 ou mentor \u2014 no papel de salvador da na\u00e7\u00e3o do perigoso comunismo. Entre teorias negacionistas e gest\u00f5es midi\u00e1ticas l\u00e1 e c\u00e1, o Brasil prende a respira\u00e7\u00e3o para conhecer os pr\u00f3ximos cap\u00edtulos que ser\u00e3o definidos nesta semana pelos eleitores dos Estados Unidos.<\/p>\n","protected":false},"excerpt":{"rendered":"<p>Com Trump, Bolsonaro ter\u00e1 licen\u00e7a para radicalizar pol\u00edtica, enquanto Biden embaralha ambi\u00e7\u00f5es para 2022. Pleito dos EUA \u00e9 cap\u00edtulo importante para ver se a extrema direita chegou ao teto nos dois pa\u00edses.<\/p>\n","protected":false},"author":1,"featured_media":0,"comment_status":"closed","ping_status":"open","sticky":false,"template":"","format":"standard","meta":{"_exactmetrics_skip_tracking":false,"_exactmetrics_sitenote_active":false,"_exactmetrics_sitenote_note":"","_exactmetrics_sitenote_category":0,"jetpack_post_was_ever_published":false,"_jetpack_newsletter_access":"","_jetpack_dont_email_post_to_subs":false,"_jetpack_newsletter_tier_id":0,"_jetpack_memberships_contains_paywalled_content":false,"_jetpack_memberships_contains_paid_content":false,"footnotes":"","jetpack_publicize_message":"","jetpack_publicize_feature_enabled":true,"jetpack_social_post_already_shared":true,"jetpack_social_options":{"image_generator_settings":{"template":"highway","enabled":false},"version":2}},"categories":[1],"tags":[],"class_list":["post-29932","post","type-post","status-publish","format-standard","hentry","category-notas"],"jetpack_publicize_connections":[],"jetpack_sharing_enabled":true,"jetpack_featured_media_url":"","jetpack_shortlink":"https:\/\/wp.me\/p7wKYW-7MM","jetpack-related-posts":[],"_links":{"self":[{"href":"http:\/\/blogdalucianaoliveira.com.br\/blog\/wp-json\/wp\/v2\/posts\/29932","targetHints":{"allow":["GET"]}}],"collection":[{"href":"http:\/\/blogdalucianaoliveira.com.br\/blog\/wp-json\/wp\/v2\/posts"}],"about":[{"href":"http:\/\/blogdalucianaoliveira.com.br\/blog\/wp-json\/wp\/v2\/types\/post"}],"author":[{"embeddable":true,"href":"http:\/\/blogdalucianaoliveira.com.br\/blog\/wp-json\/wp\/v2\/users\/1"}],"replies":[{"embeddable":true,"href":"http:\/\/blogdalucianaoliveira.com.br\/blog\/wp-json\/wp\/v2\/comments?post=29932"}],"version-history":[{"count":1,"href":"http:\/\/blogdalucianaoliveira.com.br\/blog\/wp-json\/wp\/v2\/posts\/29932\/revisions"}],"predecessor-version":[{"id":29934,"href":"http:\/\/blogdalucianaoliveira.com.br\/blog\/wp-json\/wp\/v2\/posts\/29932\/revisions\/29934"}],"wp:attachment":[{"href":"http:\/\/blogdalucianaoliveira.com.br\/blog\/wp-json\/wp\/v2\/media?parent=29932"}],"wp:term":[{"taxonomy":"category","embeddable":true,"href":"http:\/\/blogdalucianaoliveira.com.br\/blog\/wp-json\/wp\/v2\/categories?post=29932"},{"taxonomy":"post_tag","embeddable":true,"href":"http:\/\/blogdalucianaoliveira.com.br\/blog\/wp-json\/wp\/v2\/tags?post=29932"}],"curies":[{"name":"wp","href":"https:\/\/api.w.org\/{rel}","templated":true}]}}