{"id":29944,"date":"2020-11-06T07:56:23","date_gmt":"2020-11-06T11:56:23","guid":{"rendered":"http:\/\/blogdalucianaoliveira.com.br\/blog\/?p=29944"},"modified":"2020-11-06T07:56:28","modified_gmt":"2020-11-06T11:56:28","slug":"deputados-propoem-lei-mariana-ferrer-para-proteger-vitimas-de-estupro","status":"publish","type":"post","link":"http:\/\/blogdalucianaoliveira.com.br\/blog\/2020\/11\/06\/deputados-propoem-lei-mariana-ferrer-para-proteger-vitimas-de-estupro\/","title":{"rendered":"Deputados prop\u00f5em Lei Mariana Ferrer para proteger v\u00edtimas de estupro"},"content":{"rendered":"\n<figure class=\"wp-block-image size-large\"><img data-recalc-dims=\"1\" loading=\"lazy\" decoding=\"async\" width=\"600\" height=\"374\" data-attachment-id=\"29945\" data-permalink=\"http:\/\/blogdalucianaoliveira.com.br\/blog\/2020\/11\/06\/deputados-propoem-lei-mariana-ferrer-para-proteger-vitimas-de-estupro\/image-5-17\/\" data-orig-file=\"https:\/\/i0.wp.com\/blogdalucianaoliveira.com.br\/blog\/wp-content\/uploads\/2020\/11\/image-5.jpeg?fit=610%2C380\" data-orig-size=\"610,380\" data-comments-opened=\"0\" data-image-meta=\"{&quot;aperture&quot;:&quot;0&quot;,&quot;credit&quot;:&quot;&quot;,&quot;camera&quot;:&quot;&quot;,&quot;caption&quot;:&quot;&quot;,&quot;created_timestamp&quot;:&quot;0&quot;,&quot;copyright&quot;:&quot;&quot;,&quot;focal_length&quot;:&quot;0&quot;,&quot;iso&quot;:&quot;0&quot;,&quot;shutter_speed&quot;:&quot;0&quot;,&quot;title&quot;:&quot;&quot;,&quot;orientation&quot;:&quot;0&quot;}\" data-image-title=\"image-5\" data-image-description=\"\" data-image-caption=\"\" data-medium-file=\"https:\/\/i0.wp.com\/blogdalucianaoliveira.com.br\/blog\/wp-content\/uploads\/2020\/11\/image-5.jpeg?fit=300%2C187\" data-large-file=\"https:\/\/i0.wp.com\/blogdalucianaoliveira.com.br\/blog\/wp-content\/uploads\/2020\/11\/image-5.jpeg?fit=600%2C374\" src=\"https:\/\/i0.wp.com\/blogdalucianaoliveira.com.br\/blog\/wp-content\/uploads\/2020\/11\/image-5.jpeg?resize=600%2C374\" alt=\"\" class=\"wp-image-29945\" srcset=\"https:\/\/i0.wp.com\/blogdalucianaoliveira.com.br\/blog\/wp-content\/uploads\/2020\/11\/image-5.jpeg?w=610 610w, https:\/\/i0.wp.com\/blogdalucianaoliveira.com.br\/blog\/wp-content\/uploads\/2020\/11\/image-5.jpeg?resize=300%2C187 300w, https:\/\/i0.wp.com\/blogdalucianaoliveira.com.br\/blog\/wp-content\/uploads\/2020\/11\/image-5.jpeg?resize=482%2C300 482w\" sizes=\"auto, (max-width: 600px) 100vw, 600px\" \/><\/figure>\n\n\n\n<p><strong>247<\/strong>&nbsp;&#8211; Deputados federais est\u00e3o propondo leis para a prote\u00e7\u00e3o de v\u00edtimas de estupro. Assinado por 26 parlamentares, um dos projetos determina que nos julgamentos sobre crimes contra a dignidade sexual, o juiz dever\u00e1 garantir a integridade da v\u00edtima, sob pena ser responsabilizado. A proposta tem como autora a deputada L\u00eddice da Mata (PSB-BA).<\/p>\n\n\n\n<!--more-->\n\n\n\n<p>&#8220;Casos como o de Mariana Ferrer certamente podem fazer com que outras v\u00edtimas se sintam desestimuladas a denunciar seus agressores por receio de n\u00e3o encontrarem o apoio necess\u00e1rio das autoridades que deveriam proteg\u00ea-las&#8221;, justificou a parlamentar. &#8220;A posi\u00e7\u00e3o de paralisia do juiz e do promotor \u00e9 o que choca todo mundo e a humilha\u00e7\u00e3o total dela&#8221;, complementou. Os relatos foram publicados pela\u00a0<a href=\"https:\/\/www.uol.com.br\/universa\/noticias\/agencia-estado\/2020\/11\/05\/deputados-propoem-lei-mari-ferrer-para-proteger-vitimas-de-estupro.htm\">coluna Universa<\/a>.\u00a0<br><\/p>\n\n\n\n<p>Outra proposta, de autoria das deputadas Soraya Santos (PL-RJ), Fl\u00e1via Arruda (PL-DF) e Margarete Coelho (PP-PI), prev\u00ea a criminaliza\u00e7\u00e3o de condutas como a observada no julgamento de Mariana Ferrer. &#8220;\u00c9 inconceb\u00edvel que os agentes p\u00fablicos, operadores do Direito, n\u00e3o tenham em momento algum utilizado de suas posi\u00e7\u00f5es para coibir a atitude inaceit\u00e1vel da defesa&#8221;.<\/p>\n\n\n\n<p>O juiz Rudson Marcos, da 3\u00aa Vara Criminal de Florian\u00f3polis, absolveu o empres\u00e1rio Andr\u00e9 de Camargo Aranha, de 43 anos, acusado de estupr\u00e1-la, em Florian\u00f3polis (SC).<\/p>\n","protected":false},"excerpt":{"rendered":"<p>247&nbsp;&#8211; Deputados federais est\u00e3o propondo leis para a prote\u00e7\u00e3o de v\u00edtimas de estupro. Assinado por 26 parlamentares, um dos projetos determina que nos julgamentos sobre crimes contra a dignidade sexual, o juiz dever\u00e1 garantir a integridade da v\u00edtima, sob pena ser responsabilizado. A proposta tem como autora a deputada L\u00eddice da Mata (PSB-BA).<\/p>\n","protected":false},"author":1,"featured_media":0,"comment_status":"closed","ping_status":"open","sticky":false,"template":"","format":"standard","meta":{"_exactmetrics_skip_tracking":false,"_exactmetrics_sitenote_active":false,"_exactmetrics_sitenote_note":"","_exactmetrics_sitenote_category":0,"jetpack_post_was_ever_published":false,"_jetpack_newsletter_access":"","_jetpack_dont_email_post_to_subs":false,"_jetpack_newsletter_tier_id":0,"_jetpack_memberships_contains_paywalled_content":false,"_jetpack_memberships_contains_paid_content":false,"footnotes":"","jetpack_publicize_message":"","jetpack_publicize_feature_enabled":true,"jetpack_social_post_already_shared":true,"jetpack_social_options":{"image_generator_settings":{"template":"highway","enabled":false},"version":2}},"categories":[1],"tags":[],"class_list":["post-29944","post","type-post","status-publish","format-standard","hentry","category-notas"],"jetpack_publicize_connections":[],"jetpack_sharing_enabled":true,"jetpack_featured_media_url":"","jetpack_shortlink":"https:\/\/wp.me\/p7wKYW-7MY","jetpack-related-posts":[],"_links":{"self":[{"href":"http:\/\/blogdalucianaoliveira.com.br\/blog\/wp-json\/wp\/v2\/posts\/29944","targetHints":{"allow":["GET"]}}],"collection":[{"href":"http:\/\/blogdalucianaoliveira.com.br\/blog\/wp-json\/wp\/v2\/posts"}],"about":[{"href":"http:\/\/blogdalucianaoliveira.com.br\/blog\/wp-json\/wp\/v2\/types\/post"}],"author":[{"embeddable":true,"href":"http:\/\/blogdalucianaoliveira.com.br\/blog\/wp-json\/wp\/v2\/users\/1"}],"replies":[{"embeddable":true,"href":"http:\/\/blogdalucianaoliveira.com.br\/blog\/wp-json\/wp\/v2\/comments?post=29944"}],"version-history":[{"count":1,"href":"http:\/\/blogdalucianaoliveira.com.br\/blog\/wp-json\/wp\/v2\/posts\/29944\/revisions"}],"predecessor-version":[{"id":29946,"href":"http:\/\/blogdalucianaoliveira.com.br\/blog\/wp-json\/wp\/v2\/posts\/29944\/revisions\/29946"}],"wp:attachment":[{"href":"http:\/\/blogdalucianaoliveira.com.br\/blog\/wp-json\/wp\/v2\/media?parent=29944"}],"wp:term":[{"taxonomy":"category","embeddable":true,"href":"http:\/\/blogdalucianaoliveira.com.br\/blog\/wp-json\/wp\/v2\/categories?post=29944"},{"taxonomy":"post_tag","embeddable":true,"href":"http:\/\/blogdalucianaoliveira.com.br\/blog\/wp-json\/wp\/v2\/tags?post=29944"}],"curies":[{"name":"wp","href":"https:\/\/api.w.org\/{rel}","templated":true}]}}