{"id":29948,"date":"2020-11-07T14:19:09","date_gmt":"2020-11-07T18:19:09","guid":{"rendered":"http:\/\/blogdalucianaoliveira.com.br\/blog\/?p=29948"},"modified":"2020-11-07T14:19:18","modified_gmt":"2020-11-07T18:19:18","slug":"joe-biden-vence-na-pensilvania-e-e-eleito-presidente-dos-estados-unidos","status":"publish","type":"post","link":"http:\/\/blogdalucianaoliveira.com.br\/blog\/2020\/11\/07\/joe-biden-vence-na-pensilvania-e-e-eleito-presidente-dos-estados-unidos\/","title":{"rendered":"Joe Biden vence na Pensilv\u00e2nia e \u00e9 eleito presidente dos Estados Unidos"},"content":{"rendered":"\n<figure class=\"wp-block-image size-large\"><img data-recalc-dims=\"1\" loading=\"lazy\" decoding=\"async\" width=\"320\" height=\"261\" data-attachment-id=\"29949\" data-permalink=\"http:\/\/blogdalucianaoliveira.com.br\/blog\/2020\/11\/07\/joe-biden-vence-na-pensilvania-e-e-eleito-presidente-dos-estados-unidos\/33b10454-57eb-4b2c-94a3-e2bed44ceba6\/\" data-orig-file=\"https:\/\/i0.wp.com\/blogdalucianaoliveira.com.br\/blog\/wp-content\/uploads\/2020\/11\/33B10454-57EB-4B2C-94A3-E2BED44CEBA6.jpeg?fit=320%2C261\" data-orig-size=\"320,261\" data-comments-opened=\"0\" data-image-meta=\"{&quot;aperture&quot;:&quot;0&quot;,&quot;credit&quot;:&quot;&quot;,&quot;camera&quot;:&quot;&quot;,&quot;caption&quot;:&quot;&quot;,&quot;created_timestamp&quot;:&quot;0&quot;,&quot;copyright&quot;:&quot;&quot;,&quot;focal_length&quot;:&quot;0&quot;,&quot;iso&quot;:&quot;0&quot;,&quot;shutter_speed&quot;:&quot;0&quot;,&quot;title&quot;:&quot;&quot;,&quot;orientation&quot;:&quot;1&quot;}\" data-image-title=\"33B10454-57EB-4B2C-94A3-E2BED44CEBA6\" data-image-description=\"\" data-image-caption=\"\" data-medium-file=\"https:\/\/i0.wp.com\/blogdalucianaoliveira.com.br\/blog\/wp-content\/uploads\/2020\/11\/33B10454-57EB-4B2C-94A3-E2BED44CEBA6.jpeg?fit=300%2C245\" data-large-file=\"https:\/\/i0.wp.com\/blogdalucianaoliveira.com.br\/blog\/wp-content\/uploads\/2020\/11\/33B10454-57EB-4B2C-94A3-E2BED44CEBA6.jpeg?fit=320%2C261\" src=\"https:\/\/i0.wp.com\/blogdalucianaoliveira.com.br\/blog\/wp-content\/uploads\/2020\/11\/33B10454-57EB-4B2C-94A3-E2BED44CEBA6.jpeg?resize=320%2C261\" alt=\"\" class=\"wp-image-29949\" srcset=\"https:\/\/i0.wp.com\/blogdalucianaoliveira.com.br\/blog\/wp-content\/uploads\/2020\/11\/33B10454-57EB-4B2C-94A3-E2BED44CEBA6.jpeg?w=320 320w, https:\/\/i0.wp.com\/blogdalucianaoliveira.com.br\/blog\/wp-content\/uploads\/2020\/11\/33B10454-57EB-4B2C-94A3-E2BED44CEBA6.jpeg?resize=300%2C245 300w\" sizes=\"auto, (max-width: 320px) 100vw, 320px\" \/><\/figure>\n\n\n\n<h4 class=\"wp-block-heading\">Democrata passou dos 270 votos no col\u00e9gio eleitoral, segundo proje\u00e7\u00f5es de diversos ve\u00edculos de imprensa, como Associated Press, &#8216;New York Times&#8217;, NBC e CNN. Trump n\u00e3o concede derrota e diz que vai recorrer \u00e0 Justi\u00e7a.<\/h4>\n\n\n\n<!--more-->\n\n\n\n<p>Por G1\u00a0<\/p>\n\n\n\n<p>O democrata&nbsp;<a href=\"https:\/\/g1.globo.com\/tudo-sobre\/joe-biden\/\">Joe Biden<\/a>&nbsp;passou a marca dos 270 delegados no Col\u00e9gio Eleitoral neste s\u00e1bado (7), segundo proje\u00e7\u00f5es de diversos ve\u00edculos de imprensa. O n\u00famero \u00e9 suficiente para derrotar o republicano&nbsp;<a href=\"https:\/\/g1.globo.com\/tudo-sobre\/donald-trump\/\">Donald Trump<\/a>&nbsp;e se sagrar o 46\u00ba presidente dos&nbsp;<a href=\"https:\/\/g1.globo.com\/tudo-sobre\/estados-unidos\/\">Estados Unidos<\/a>.&nbsp;<a href=\"https:\/\/g1.globo.com\/mundo\/eleicoes-nos-eua\/2020\/noticia\/2020\/11\/07\/entenda-o-papel-de-kamala-harris-na-vitoria-de-joe-biden.ghtml\">Kamala Harris&nbsp;<\/a>torna-se a primeira mulher vice-presidente do pa\u00eds.&nbsp;<\/p>\n\n\n\n<p>Joe Biden agradeceu aos eleitores pelas redes sociais e afirmou que&nbsp;ser\u00e1 um presidente para todos os americanos.&nbsp;<\/p>\n\n\n\n<blockquote class=\"wp-block-quote is-layout-flow wp-block-quote-is-layout-flow\"><p>&#8220;Am\u00e9rica, estou honrado por ter me escolhido para liderar nosso grande pa\u00eds. O trabalho que temos pela frente ser\u00e1 \u00e1rduo, mas prometo o seguinte: serei um presidente para todos os americanos &#8211; quer voc\u00ea tenha votado em mim ou n\u00e3o. Vou manter a f\u00e9 que voc\u00eas colocaram em mim&#8221;, postou Biden no Twitter.<\/p><\/blockquote>\n\n\n\n<p>Embora n\u00e3o oficial, a proje\u00e7\u00e3o dos ve\u00edculos de comunica\u00e7\u00e3o \u00e9 suficiente para que a sociedade americana reconhe\u00e7a a elei\u00e7\u00e3o de um presidente (<a href=\"https:\/\/g1.globo.com\/mundo\/eleicoes-nos-eua\/2020\/noticia\/2020\/10\/28\/entenda-como-funciona-a-projecao-de-resultados-das-eleicoes-americanas.ghtml\">entenda como funciona<\/a>), j\u00e1 que a contagem chega a demorar semanas e o sistema de col\u00e9gio eleitoral permite saber antecipadamente quem ser\u00e1 o vencedor.&nbsp;<\/p>\n\n\n\n<h2 class=\"wp-block-heading\">Arizona<\/h2>\n\n\n\n<p>Na manh\u00e3 deste s\u00e1bado, faltavam pelo menos 6 votos no col\u00e9gio eleitoral para que Biden chegasse a 270 e sua vit\u00f3ria se confirmasse, segundo as proje\u00e7\u00f5es da Associated Press. Com a vit\u00f3ria projetada na Pensilv\u00e2nia, Biden chegou a 290 delegados.<\/p>\n\n\n\n<p>Outros ve\u00edculos, como &#8220;The New York Times&#8221;, por exemplo, ainda\u00a0n\u00e3o haviam declarado Biden vencedor no Arizona, que tem 11 delegados.\u00a0Por\u00e9m, com os 20 delegados da Pensilv\u00e2nia, a disputa no Arizona\u00a0passou a ser indiferente, j\u00e1 que n\u00e3o muda mais o resultado.<\/p>\n\n\n\n<h2 class=\"wp-block-heading\">Medidas judiciais<\/h2>\n\n\n\n<p>O presidente Donald Trump&nbsp;<a href=\"https:\/\/g1.globo.com\/mundo\/noticia\/2020\/11\/04\/campanha-de-trump-diz-que-ira-a-justica-para-suspender-contagem-de-votos-na-pensilvania.ghtml\">alega que a elei\u00e7\u00e3o est\u00e1 sendo roubada<\/a>&nbsp;e promete a\u00e7\u00f5es na Justi\u00e7a. Logo ap\u00f3s a declara\u00e7\u00e3o de Biden como vencedor na imprensa americana, sua campanha&nbsp;soltou nota dizendo que a elei\u00e7\u00e3o n\u00e3o acabou.&nbsp;<\/p>\n\n\n\n<p>&#8220;Todos n\u00f3s sabemos por que Joe Biden est\u00e1 se apressando em fingir que \u00e9 o vencedor e por que seus aliados da m\u00eddia est\u00e3o se esfor\u00e7ando tanto para ajud\u00e1-lo: eles n\u00e3o querem que a verdade seja exposta. O simples fato \u00e9 que esta elei\u00e7\u00e3o est\u00e1 longe de terminar&#8221;, afirmou Trump.<\/p>\n\n\n\n<p>Pouco depois, advogados de Trump disseram a jornalistas que houve fraude eleitoral e que medidas legais, como recursos pedindo a recontagem dos votos, ser\u00e3o apresentados \u00e0 Justi\u00e7a a partir de segunda-feira (9).&nbsp;<\/p>\n\n\n\n<p>A&nbsp;<a href=\"https:\/\/g1.globo.com\/mundo\/noticia\/2020\/11\/04\/campanha-de-trump-diz-que-ira-a-justica-para-suspender-contagem-de-votos-na-pensilvania.ghtml\">campanha republicana pediu recontagem em Wisconsin e tenta suspender a apura\u00e7\u00e3o na Pensilv\u00e2nia, na Ge\u00f3rgia e em Michigan<\/a>.&nbsp;<\/p>\n\n\n\n<p>Tamb\u00e9m pediu interfer\u00eancia em um caso pendente na Suprema Corte dos EUA sobre a Pensilv\u00e2nia, um estado importante da disputa que ainda est\u00e1 contando centenas de milhares de c\u00e9dulas enviadas pelo correio. O republicano tenta impedir que o estado conte votos que cheguem depois da elei\u00e7\u00e3o.&nbsp;<\/p>\n\n\n\n<p>Trump est\u00e1 tentando evitar se tornar o&nbsp;primeiro presidente em exerc\u00edcio dos EUA a perder uma candidatura \u00e0 reelei\u00e7\u00e3o desde George H.W. Bush, em 1992.&nbsp;<\/p>\n\n\n\n<h2 class=\"wp-block-heading\">Biden<\/h2>\n\n\n\n<figure class=\"wp-block-image\"><img data-recalc-dims=\"1\" decoding=\"async\" src=\"https:\/\/i0.wp.com\/s2.glbimg.com\/IZlyJdkouZHIxUs3vapcFHprLGU%3D\/0x0%3A2406x1842\/984x0\/smart\/filters%3Astrip_icc%28%29\/i.s3.glbimg.com\/v1\/AUTH_59edd422c0c84a879bd37670ae4f538a\/internal_photos\/bs\/2020\/u\/Q\/AyiGnJRsAAaM0Srp9mQw\/2020-11-07t163624z-1173016454-rc2gyj9005hw-rtrmadp-3-usa-election-biden.jpg?w=600&#038;ssl=1\" alt=\"Foto de arquivo de setembro de 2008 mostra o ent\u00e3o senador Joe Biden ao lado de Barack Obama, na \u00e9poca candidato presidencial democrata, durante um com\u00edcio de campanha em Detroit, Michigan   \u2014 Foto: Jason Reed\/Reuters\/Arquivo\"\/><\/figure>\n\n\n\n<p>Foto de arquivo de setembro de 2008 mostra o ent\u00e3o senador Joe Biden ao lado de Barack Obama, na \u00e9poca candidato presidencial democrata, durante um com\u00edcio de campanha em Detroit, Michigan \u2014 Foto: Jason Reed\/Reuters\/Arquivo<\/p>\n\n\n\n<p>A vit\u00f3ria de Biden marca o retorno de um democrata \u00e0 Casa Branca ap\u00f3s a sa\u00edda de Barack Obama, que governou o pa\u00eds entre 2009 e 2017. Biden foi seu vice-presidente.&nbsp;<\/p>\n\n\n\n<p>Casado com Jill Biden, Joe Biden nasceu em 1942 na Pensilv\u00e2nia, em uma fam\u00edlia cat\u00f3lica. O democrata se notabilizou na pol\u00edtica em 1972, quando, aos 29 anos, se elegeu para o Senado pelo estado de Delaware e se tornou uma das pessoas mais jovens a assumir o cargo na hist\u00f3ria dos Estados Unidos.<\/p>\n\n\n\n<p>A apura\u00e7\u00e3o dos votos deste ano come\u00e7ou dram\u00e1tica para o democrata, que perdeu a Fl\u00f3rida (<a href=\"https:\/\/g1.globo.com\/mundo\/eleicoes-nos-eua\/2020\/noticia\/2020\/11\/04\/eleicoes-nos-eua-em-quais-estados-as-pesquisas-acertaram-e-erraram.ghtml\">contrariando a m\u00e9dia das pesquisas<\/a>) e sofreu revezes na Ge\u00f3rgia e na Carolina do Norte \u2014 estados onde Biden pretendia virar a vantagem obtida por Trump quatro anos atr\u00e1s.<\/p>\n\n\n\n<p>Mas outras vit\u00f3rias em estados-chave, com votos contados apenas no fim, determinaram a vit\u00f3ria de Biden segundo as proje\u00e7\u00f5es. Uma das raz\u00f5es foi a previs\u00edvel demora na contagem dos votos que chegaram por correio.&nbsp;<\/p>\n\n\n\n<p><a href=\"https:\/\/g1.globo.com\/mundo\/eleicoes-nos-eua\/2020\/noticia\/2020\/11\/03\/eua-tem-quase-100-milhoes-de-votos-antecipados.ghtml\">Mais de 100 milh\u00f5es de eleitores americanos votaram antes do dia oficial das elei\u00e7\u00f5es<\/a>. Isso representa quase 73% do total de pessoas que foram \u00e0s urnas em 2016. Desses, mais de 64,5 milh\u00f5es das c\u00e9dulas foram enviadas pelo correio.&nbsp;<\/p>\n\n\n\n<p>O voto antecipado foi motivado, entre outras raz\u00f5es, por receio de aglomera\u00e7\u00f5es na pandemia. E a maioria desses eleitores votou em Biden, j\u00e1 apontavam proje\u00e7\u00f5es feitas antes mesmo do dia da elei\u00e7\u00e3o.&nbsp;<\/p>\n\n\n\n<p>A pandemia, inclusive, fez Biden&nbsp;evitar com\u00edcios com grandes aglomera\u00e7\u00f5es ao longo da campanha. O democrata preferiu fazer reuni\u00f5es com poucas pessoas \u2014 ou, j\u00e1 na reta final, atos pol\u00edticos com carros.<\/p>\n","protected":false},"excerpt":{"rendered":"<p>Democrata passou dos 270 votos no col\u00e9gio eleitoral, segundo proje\u00e7\u00f5es de diversos ve\u00edculos de imprensa, como Associated Press, &#8216;New York Times&#8217;, NBC e CNN. Trump n\u00e3o concede derrota e diz que vai recorrer \u00e0 Justi\u00e7a.<\/p>\n","protected":false},"author":1,"featured_media":0,"comment_status":"closed","ping_status":"open","sticky":false,"template":"","format":"standard","meta":{"_exactmetrics_skip_tracking":false,"_exactmetrics_sitenote_active":false,"_exactmetrics_sitenote_note":"","_exactmetrics_sitenote_category":0,"jetpack_post_was_ever_published":false,"_jetpack_newsletter_access":"","_jetpack_dont_email_post_to_subs":false,"_jetpack_newsletter_tier_id":0,"_jetpack_memberships_contains_paywalled_content":false,"_jetpack_memberships_contains_paid_content":false,"footnotes":"","jetpack_publicize_message":"","jetpack_publicize_feature_enabled":true,"jetpack_social_post_already_shared":true,"jetpack_social_options":{"image_generator_settings":{"template":"highway","enabled":false},"version":2}},"categories":[1],"tags":[],"class_list":["post-29948","post","type-post","status-publish","format-standard","hentry","category-notas"],"jetpack_publicize_connections":[],"jetpack_sharing_enabled":true,"jetpack_featured_media_url":"","jetpack_shortlink":"https:\/\/wp.me\/p7wKYW-7N2","jetpack-related-posts":[],"_links":{"self":[{"href":"http:\/\/blogdalucianaoliveira.com.br\/blog\/wp-json\/wp\/v2\/posts\/29948","targetHints":{"allow":["GET"]}}],"collection":[{"href":"http:\/\/blogdalucianaoliveira.com.br\/blog\/wp-json\/wp\/v2\/posts"}],"about":[{"href":"http:\/\/blogdalucianaoliveira.com.br\/blog\/wp-json\/wp\/v2\/types\/post"}],"author":[{"embeddable":true,"href":"http:\/\/blogdalucianaoliveira.com.br\/blog\/wp-json\/wp\/v2\/users\/1"}],"replies":[{"embeddable":true,"href":"http:\/\/blogdalucianaoliveira.com.br\/blog\/wp-json\/wp\/v2\/comments?post=29948"}],"version-history":[{"count":1,"href":"http:\/\/blogdalucianaoliveira.com.br\/blog\/wp-json\/wp\/v2\/posts\/29948\/revisions"}],"predecessor-version":[{"id":29950,"href":"http:\/\/blogdalucianaoliveira.com.br\/blog\/wp-json\/wp\/v2\/posts\/29948\/revisions\/29950"}],"wp:attachment":[{"href":"http:\/\/blogdalucianaoliveira.com.br\/blog\/wp-json\/wp\/v2\/media?parent=29948"}],"wp:term":[{"taxonomy":"category","embeddable":true,"href":"http:\/\/blogdalucianaoliveira.com.br\/blog\/wp-json\/wp\/v2\/categories?post=29948"},{"taxonomy":"post_tag","embeddable":true,"href":"http:\/\/blogdalucianaoliveira.com.br\/blog\/wp-json\/wp\/v2\/tags?post=29948"}],"curies":[{"name":"wp","href":"https:\/\/api.w.org\/{rel}","templated":true}]}}