{"id":29952,"date":"2020-11-08T06:36:53","date_gmt":"2020-11-08T10:36:53","guid":{"rendered":"http:\/\/blogdalucianaoliveira.com.br\/blog\/?p=29952"},"modified":"2020-11-08T06:37:02","modified_gmt":"2020-11-08T10:37:02","slug":"o-recado-do-funk-ao-bolsonarismo-a-massa-funkeira-nao-vai-deixar-de-ir-ao-baile","status":"publish","type":"post","link":"http:\/\/blogdalucianaoliveira.com.br\/blog\/2020\/11\/08\/o-recado-do-funk-ao-bolsonarismo-a-massa-funkeira-nao-vai-deixar-de-ir-ao-baile\/","title":{"rendered":"O recado do funk ao bolsonarismo: \u201cA massa funkeira n\u00e3o vai deixar de ir ao baile\u201d"},"content":{"rendered":"\n<figure class=\"wp-block-image size-large\"><img data-recalc-dims=\"1\" loading=\"lazy\" decoding=\"async\" width=\"600\" height=\"400\" data-attachment-id=\"29953\" data-permalink=\"http:\/\/blogdalucianaoliveira.com.br\/blog\/2020\/11\/08\/o-recado-do-funk-ao-bolsonarismo-a-massa-funkeira-nao-vai-deixar-de-ir-ao-baile\/image-6-16\/\" data-orig-file=\"https:\/\/i0.wp.com\/blogdalucianaoliveira.com.br\/blog\/wp-content\/uploads\/2020\/11\/image-6.jpeg?fit=800%2C533\" data-orig-size=\"800,533\" data-comments-opened=\"0\" data-image-meta=\"{&quot;aperture&quot;:&quot;0&quot;,&quot;credit&quot;:&quot;&quot;,&quot;camera&quot;:&quot;&quot;,&quot;caption&quot;:&quot;&quot;,&quot;created_timestamp&quot;:&quot;0&quot;,&quot;copyright&quot;:&quot;&quot;,&quot;focal_length&quot;:&quot;0&quot;,&quot;iso&quot;:&quot;0&quot;,&quot;shutter_speed&quot;:&quot;0&quot;,&quot;title&quot;:&quot;&quot;,&quot;orientation&quot;:&quot;0&quot;}\" data-image-title=\"image-6\" data-image-description=\"\" data-image-caption=\"\" data-medium-file=\"https:\/\/i0.wp.com\/blogdalucianaoliveira.com.br\/blog\/wp-content\/uploads\/2020\/11\/image-6.jpeg?fit=300%2C200\" data-large-file=\"https:\/\/i0.wp.com\/blogdalucianaoliveira.com.br\/blog\/wp-content\/uploads\/2020\/11\/image-6.jpeg?fit=600%2C400\" src=\"https:\/\/i0.wp.com\/blogdalucianaoliveira.com.br\/blog\/wp-content\/uploads\/2020\/11\/image-6.jpeg?resize=600%2C400\" alt=\"\" class=\"wp-image-29953\" srcset=\"https:\/\/i0.wp.com\/blogdalucianaoliveira.com.br\/blog\/wp-content\/uploads\/2020\/11\/image-6.jpeg?w=800 800w, https:\/\/i0.wp.com\/blogdalucianaoliveira.com.br\/blog\/wp-content\/uploads\/2020\/11\/image-6.jpeg?resize=300%2C200 300w, https:\/\/i0.wp.com\/blogdalucianaoliveira.com.br\/blog\/wp-content\/uploads\/2020\/11\/image-6.jpeg?resize=768%2C512 768w, https:\/\/i0.wp.com\/blogdalucianaoliveira.com.br\/blog\/wp-content\/uploads\/2020\/11\/image-6.jpeg?resize=450%2C300 450w\" sizes=\"auto, (max-width: 600px) 100vw, 600px\" \/><\/figure>\n\n\n\n<h4 class=\"wp-block-heading\">Perseguidos pelo deputado que quebrou a placa de Marielle Franco, Mcs foram intimados a depor por \u201capologia ao crime&#8221;<\/h4>\n\n\n\n<!--more-->\n\n\n\n<p>Igor CarvalhoBrasil de Fato | S\u00e3o Paulo (SP) |<br><\/p>\n\n\n\n<p>\u00c0s v\u00e9speras de completar um ano do\u00a0<a rel=\"noreferrer noopener\" href=\"https:\/\/www.facebook.com\/watch\/?v=372061520253322\" target=\"_blank\">massacre de Parais\u00f3polis<\/a>, quando 9 jovens morreram no Baile da DZ7, o funk voltou a ser not\u00edcia nas p\u00e1ginas policiais, gra\u00e7as ao deputado estadual Rodrigo Amorim (PSL-RJ), que denunciou os Mcs Cabelinho e Maneirinho por apologia ao crime, por conta da m\u00fasica<a rel=\"noreferrer noopener\" href=\"https:\/\/www.youtube.com\/watch?v=vp3Gx32g4Mw\" target=\"_blank\">\u00a0\u201cMigu\u00e9\u201d<\/a>, lan\u00e7ada em parceria pelos dois m\u00fasicos.<\/p>\n\n\n\n<p>Em 2018, Amorim, bolsonarista declarado,&nbsp;<a href=\"https:\/\/www.brasildefato.com.br\/2019\/02\/15\/deputado-que-quebrou-placa-com-nome-de-marielle-emoldurou-pedaco-em-seu-gabinete\" target=\"_blank\" rel=\"noreferrer noopener\">quebrou a placa com o nome da vereadora Marielle Franco<\/a>, ao lado do deputado federal Daniel Silveira (PSL-RJ) e do ex-governador do Rio de Janeiro Wilson Witzel (PSC), todos eram candidatos na \u00e9poca.<\/p>\n\n\n\n<p><a href=\"https:\/\/www.instagram.com\/p\/CG7lntzAjk9\/?utm_source=ig_embed\" target=\"_blank\" rel=\"noreferrer noopener\">Cabelinho<\/a>&nbsp;e&nbsp;<a href=\"https:\/\/www.instagram.com\/p\/CG7dqtGrzjG\/\" target=\"_blank\" rel=\"noreferrer noopener\">Maneirinho<\/a>, que j\u00e1 prestaram depoimento \u00e0 pol\u00edcia,&nbsp;se manifestaram pelas redes sociais. \u201c\u00c9 uma den\u00fancia pol\u00edtica, feita por um deputado do PSL. \u00c9 impressionante como preto favelado quando faz sucesso, pra essa gente s\u00f3 pode ser bandido\u201d, afirmou o primeiro. \u201cEu n\u00e3o li e nem assisti a nossa realidade. Mas playboy interpretando o que acontece na favela, concorre ao Oscar\u201d, lamentou o segundo.<\/p>\n\n\n\n<p>Thiago de Souza, dono do&nbsp;<a href=\"https:\/\/www.youtube.com\/channel\/UC6hd3aDOSJsHM9hs9AViOTw\" target=\"_blank\" rel=\"noreferrer noopener\">Canal do Thiagson no Youtube<\/a>, e doutorando na Escola de M\u00fasica da Universidade de S\u00e3o Paulo (USP), onde pesquisa a musicologia do funk, saiu em defesa dos Mcs em suas redes sociais e afirmou que \u201cquem acusa o funk n\u00e3o deve saber o significado da palavra \u2018est\u00e9tica\u2019, n\u00e3o sabe, ou n\u00e3o quer saber, que certas letras s\u00e3o consequ\u00eancia e n\u00e3o a causa de problemas sociais.\u201d<\/p>\n\n\n\n<figure class=\"wp-block-image\"><img data-recalc-dims=\"1\" decoding=\"async\" src=\"https:\/\/i0.wp.com\/images02.brasildefato.com.br\/5bbaa9baf4545cc6339b985937dc4f9c.jpeg?w=600&#038;ssl=1\" alt=\"\"\/><\/figure>\n\n\n\n<p><br>Thiago Souza: \u201cUm baile grande \u00e9 uma organiza\u00e7\u00e3o pol\u00edtica&#8221; \/ Foto: Arquivo Pessoal<\/p>\n\n\n\n<p>Em entrevista ao&nbsp;<strong>Brasil de Fato<\/strong>, Souza lembrou que a capoeira, o samba e o rap sofreram a mesma persegui\u00e7\u00e3o.&nbsp;\u201cO funk nem \u00e9 visto como arte. Pelo fato dele tratar dos assuntos de uma forma mais direta, ele sofre preconceito. O funk \u00e9 arte, tem poesia, tem met\u00e1fora, enfim&#8221;, aponta.<\/p>\n\n\n\n<p>Souza considera que&nbsp;a origem desse preconceito contra o g\u00eanero musical&nbsp;est\u00e1 \u201cna origem preta e perif\u00e9rica\u201d dos m\u00fasicos.<\/p>\n\n\n\n<p>&#8220;O funk n\u00e3o est\u00e1 preocupado em idealizar uma realidade, ele fala diretamente sobre o que vive. A\u00ed voc\u00ea cria um conflito, entre um pa\u00eds como Machado de Assis falava, um pa\u00eds oficial, dos pol\u00edticos, dos brancos e da classe m\u00e9dia, e o Brasil real\u201d, defende.<\/p>\n\n\n\n<p>Hist\u00f3rico<\/p>\n\n\n\n<p>Para&nbsp;<a href=\"https:\/\/www.instagram.com\/renattaprado\/\" target=\"_blank\" rel=\"noreferrer noopener\">Renata Prado<\/a>, diretora da<a href=\"https:\/\/www.fundobrasil.org.br\/projeto\/frente-nacional-de-mulheres-no-funk-sp\/\" target=\"_blank\" rel=\"noreferrer noopener\">&nbsp;Frente Nacional de Mulheres do Funk<\/a>&nbsp;e integrante da Frente de Dan\u00e7arinas de Funk, a persegui\u00e7\u00e3o ao estilo musical tem se intensificado e pode acabar em mais trag\u00e9dias.<\/p>\n\n\n\n<p>\u201cSe nos pr\u00f3ximos anos&nbsp;n\u00e3o pensarmos pol\u00edticas p\u00fablicas que deem conta do funk na cidade, a chance de termos massacres como o de Parais\u00f3polis acontecendo constantemente, \u00e9 muito grande&#8221;, afirma.<\/p>\n\n\n\n<p>Idealizador do Baile da Gaiola, na Penha, zona norte do Rio de Janeiro, o DJ Rennan da Penha ficou preso preventivamente por oito meses em 2019, entre mar\u00e7o e novembro.<\/p>\n\n\n\n<p>O m\u00fasico, que foi inocentado da acusa\u00e7\u00e3o de associa\u00e7\u00e3o ao tr\u00e1fico de drogas em primeira inst\u00e2ncia, teve a senten\u00e7a revertida na segunda inst\u00e2ncia e foi condenado a seis anos e oito meses de pris\u00e3o. Um habeas corpus do Supremo Tribunal Federal (STF)&nbsp;<a href=\"https:\/\/www.brasildefato.com.br\/2019\/11\/22\/dj-rennan-da-penha-deixa-o-presidio-em-bangu\" target=\"_blank\" rel=\"noreferrer noopener\">permitiu a soltura do m\u00fasico<\/a>.<\/p>\n\n\n\n<p>A pris\u00e3o do DJ motivou a campanha \u201cDJ N\u00e3o \u00e9 Bandido\u201d, que foi encampada por diversos artistas no pa\u00eds. Rennan \u00e9 acusado de ser olheiro do tr\u00e1fico na regi\u00e3o da Penha e ter feito m\u00fasicas para os criminosos. Na \u00e9poca, a Ordem dos Advogados do Brasil (OAB) repudiou a senten\u00e7a e afirmou que se tratava de \u201ccriminaliza\u00e7\u00e3o da arte popular.\u201d<\/p>\n\n\n\n<p>Prado afirma que o \u201cmomento pol\u00edtico do pa\u00eds deve aumentar a viol\u00eancia do Estado contra a popula\u00e7\u00e3o pobre e preta que vive nas periferias\u201d. A dan\u00e7arina esteve \u00e0 frente de protestos em dezembro de 2019, ap\u00f3s 9 jovens morrerem durante o Baile da DZ7, em Parais\u00f3polis, na zona sul de S\u00e3o Paulo, ap\u00f3s a\u00e7\u00e3o da Pol\u00edcia Militar para dispersar o evento.<\/p>\n\n\n\n<figure class=\"wp-block-image\"><img data-recalc-dims=\"1\" decoding=\"async\" src=\"https:\/\/i0.wp.com\/images03.brasildefato.com.br\/11bee2612fc947abc92a49a02a0b31f4.jpeg?w=600&#038;ssl=1\" alt=\"\"\/><\/figure>\n\n\n\n<p><br>Renata prado: &#8220;Temos o direito de ocupar a cidade de forma democr\u00e1tica&#8221; \/ Foto: Arquivo Pessoal<\/p>\n\n\n\n<p>\u201c<a href=\"https:\/\/www.brasildefato.com.br\/2019\/12\/08\/mortes-em-paraisopolis-completam-uma-semana-sem-resposta-consistente-do-governo-doria\" target=\"_blank\" rel=\"noreferrer noopener\">N\u00f3s sabemos que foram policiais militares<\/a>&nbsp;que mataram esses jovens, todos com menos de 21 anos. Existe uma cultura de massacre do movimento funk e isso precisa acabar. Infelizmente, o funk \u00e9 tratado como caso de Seguran\u00e7a P\u00fablica\u201d, lamenta Prado.<\/p>\n\n\n\n<p>A vers\u00e3o da PM era de que os jovens morreram asfixiados, ap\u00f3s milhares de pessoas correrem quando as viaturas chegaram ao local. Segundo os moradores, as mortes ocorreram ap\u00f3s os policiais agredirem os funkeiros. Na \u00e9poca, 31 agentes que participaram da a\u00e7\u00e3o foram afastados pelo governo de S\u00e3o Paulo. O caso segue em investiga\u00e7\u00e3o e os culpados ainda n\u00e3o foram apontados.&nbsp;&nbsp;&nbsp;<\/p>\n\n\n\n<p><a href=\"https:\/\/vermelho.org.br\/2013\/05\/10\/evento-homenageia-mcs-djs-e-vitimas-dos-crimes-de-maio-de-2006\/\" target=\"_blank\" rel=\"noreferrer noopener\">Entre abril de 2010 e junho de 2013<\/a>, quatro Mcs e um DJ foram assassinados na Baixada Santista: Careca, Duda do Marap\u00e9, Primo, Felipe Bolad\u00e3o e DJ Felipe. Na \u00e9poca, familiares das v\u00edtimas e moradores da regi\u00e3o acusaram policiais militares pelos crimes. Os assassinos nunca foram identificados.<\/p>\n\n\n\n<p>&#8220;Quando mataram o Duda, eu estava indo fazer uma atividade cultural com os meninos da Funda\u00e7\u00e3o Casa. O Duda pra mim foi exterm\u00ednio, quem fez est\u00e1 na rua&#8221;, lembra o poeta Tubar\u00e3o Dulixo, criado na Baixada Santista e amigo de Duda do Marap\u00e9.<\/p>\n\n\n\n<p>\u201cHoje, o funk toca na televis\u00e3o e virou uma ind\u00fastria. Mas naquela \u00e9poca, era cada um por si, era submundo, marginalizado. Eu j\u00e1 fui mais revoltado com isso, hoje eu consigo ter mais calma. Um estilo de m\u00fasica n\u00e3o \u00e9 um problema social\u201d, conclui.<\/p>\n\n\n\n<figure class=\"wp-block-embed-youtube wp-block-embed is-type-video is-provider-youtube wp-embed-aspect-4-3 wp-has-aspect-ratio\"><div class=\"wp-block-embed__wrapper\">\n<div class=\"jetpack-video-wrapper\"><iframe loading=\"lazy\" title=\"Duda do Marap\u00e9\" width=\"600\" height=\"450\" src=\"https:\/\/www.youtube.com\/embed\/9RsTRfrlVng?feature=oembed\" frameborder=\"0\" allow=\"accelerometer; autoplay; clipboard-write; encrypted-media; gyroscope; picture-in-picture; web-share\" referrerpolicy=\"strict-origin-when-cross-origin\" allowfullscreen><\/iframe><\/div>\n<\/div><\/figure>\n\n\n\n<p>Na lista de m\u00fasicos do funk presos, est\u00e1 na o MC Poze, detido&nbsp;em setembro de 2019 por tr\u00e1fico de drogas, associa\u00e7\u00e3o ao tr\u00e1fico, incita\u00e7\u00e3o ao crime, apologia ao crime, corrup\u00e7\u00e3o de menores e por fornecer bebida alco\u00f3lica a menores.<\/p>\n\n\n\n<p>A opera\u00e7\u00e3o policial ocorreu ap\u00f3s uma den\u00fancia de que o baile em que o m\u00fasico se apresentava, em Sorriso, no Mato Grosso, seria um ponto de venda de drogas.<\/p>\n\n\n\n<p>\u201cTemos o direito de ocupar a cidade\u201d<\/p>\n\n\n\n<p>\u201cApesar de ser reprimido pela pol\u00edcia, a massa funkeira n\u00e3o vai deixar de ir ao baile, pois sabemos que temos o direito de ocupar a cidade de forma democr\u00e1tica&#8221;, afirma Prado. Apesar do hist\u00f3rico, ele acredita que os bailes seguir\u00e3o como uma das principais alternativas de lazer nas periferias.<\/p>\n\n\n\n<p>&#8220;O funk ocupa a cidade, mas n\u00e3o tem consci\u00eancia de que tem esse direito. Ent\u00e3o, quando tem opera\u00e7\u00e3o policial, a molecada corre. Isso acaba se tornando algo cultural, voc\u00ea vai no baile funk sabendo que a qualquer momento vai correr da pol\u00edcia&#8221;, relata.<\/p>\n\n\n\n<p>Souza concorda com Renata Prado. \u201cTem ambival\u00eancia. Tem o medo, mas tem outra coisa: quem que quer sair \u00e0 noite pra curtir&nbsp;e aparece a pol\u00edcia enchendo o saco, jogando bomba, atirando bala de borracha, tomar esculacho, enfim, ningu\u00e9m quer isso. Agora, tem a vontade de resistir tamb\u00e9m. A galera que sai, j\u00e1 sabe que pode tomar um enquadro no caminho. Ser funkeiro \u00e9 ser resist\u00eancia.\u201d<\/p>\n\n\n\n<p>Por fim, Souza exalta a mobiliza\u00e7\u00e3o para que as festas existam, apesar da repress\u00e3o. \u201cUm baile grande \u00e9 uma&nbsp;<a href=\"https:\/\/www.brasildefato.com.br\/2020\/05\/08\/paraisopolis-forma-brigadistas-para-ajudar-no-socorro-a-vitimas-de-coronavirus\" target=\"_blank\" rel=\"noreferrer noopener\">organiza\u00e7\u00e3o pol\u00edtica<\/a>, a quebrada se prepara para um baile, muita gente tem que se comprometer, muitas responsabilidades precisam ser divididas e os pr\u00f3prios Mcs falam isso, que o baile \u00e9 esse espa\u00e7o de resist\u00eancia. Eles sabem disso.\u201d<\/p>\n\n\n\n<p>Edi\u00e7\u00e3o: Leandro Melito<\/p>\n","protected":false},"excerpt":{"rendered":"<p>Perseguidos pelo deputado que quebrou a placa de Marielle Franco, Mcs foram intimados a depor por \u201capologia ao crime&#8221;<\/p>\n","protected":false},"author":1,"featured_media":0,"comment_status":"closed","ping_status":"open","sticky":false,"template":"","format":"standard","meta":{"_exactmetrics_skip_tracking":false,"_exactmetrics_sitenote_active":false,"_exactmetrics_sitenote_note":"","_exactmetrics_sitenote_category":0,"jetpack_post_was_ever_published":false,"_jetpack_newsletter_access":"","_jetpack_dont_email_post_to_subs":false,"_jetpack_newsletter_tier_id":0,"_jetpack_memberships_contains_paywalled_content":false,"_jetpack_memberships_contains_paid_content":false,"footnotes":"","jetpack_publicize_message":"","jetpack_publicize_feature_enabled":true,"jetpack_social_post_already_shared":true,"jetpack_social_options":{"image_generator_settings":{"template":"highway","enabled":false},"version":2}},"categories":[1],"tags":[],"class_list":["post-29952","post","type-post","status-publish","format-standard","hentry","category-notas"],"jetpack_publicize_connections":[],"jetpack_sharing_enabled":true,"jetpack_featured_media_url":"","jetpack_shortlink":"https:\/\/wp.me\/p7wKYW-7N6","jetpack-related-posts":[],"_links":{"self":[{"href":"http:\/\/blogdalucianaoliveira.com.br\/blog\/wp-json\/wp\/v2\/posts\/29952","targetHints":{"allow":["GET"]}}],"collection":[{"href":"http:\/\/blogdalucianaoliveira.com.br\/blog\/wp-json\/wp\/v2\/posts"}],"about":[{"href":"http:\/\/blogdalucianaoliveira.com.br\/blog\/wp-json\/wp\/v2\/types\/post"}],"author":[{"embeddable":true,"href":"http:\/\/blogdalucianaoliveira.com.br\/blog\/wp-json\/wp\/v2\/users\/1"}],"replies":[{"embeddable":true,"href":"http:\/\/blogdalucianaoliveira.com.br\/blog\/wp-json\/wp\/v2\/comments?post=29952"}],"version-history":[{"count":1,"href":"http:\/\/blogdalucianaoliveira.com.br\/blog\/wp-json\/wp\/v2\/posts\/29952\/revisions"}],"predecessor-version":[{"id":29954,"href":"http:\/\/blogdalucianaoliveira.com.br\/blog\/wp-json\/wp\/v2\/posts\/29952\/revisions\/29954"}],"wp:attachment":[{"href":"http:\/\/blogdalucianaoliveira.com.br\/blog\/wp-json\/wp\/v2\/media?parent=29952"}],"wp:term":[{"taxonomy":"category","embeddable":true,"href":"http:\/\/blogdalucianaoliveira.com.br\/blog\/wp-json\/wp\/v2\/categories?post=29952"},{"taxonomy":"post_tag","embeddable":true,"href":"http:\/\/blogdalucianaoliveira.com.br\/blog\/wp-json\/wp\/v2\/tags?post=29952"}],"curies":[{"name":"wp","href":"https:\/\/api.w.org\/{rel}","templated":true}]}}