{"id":29955,"date":"2020-11-08T06:45:07","date_gmt":"2020-11-08T10:45:07","guid":{"rendered":"http:\/\/blogdalucianaoliveira.com.br\/blog\/?p=29955"},"modified":"2020-11-08T06:45:11","modified_gmt":"2020-11-08T10:45:11","slug":"apos-cinco-dias-de-apagao-o-que-esta-acontecendo-no-amapa","status":"publish","type":"post","link":"http:\/\/blogdalucianaoliveira.com.br\/blog\/2020\/11\/08\/apos-cinco-dias-de-apagao-o-que-esta-acontecendo-no-amapa\/","title":{"rendered":"Ap\u00f3s cinco dias de apag\u00e3o, o que est\u00e1 acontecendo no Amap\u00e1?"},"content":{"rendered":"\n<figure class=\"wp-block-image size-large\"><img data-recalc-dims=\"1\" loading=\"lazy\" decoding=\"async\" width=\"600\" height=\"344\" data-attachment-id=\"29957\" data-permalink=\"http:\/\/blogdalucianaoliveira.com.br\/blog\/2020\/11\/08\/apos-cinco-dias-de-apagao-o-que-esta-acontecendo-no-amapa\/ca2733d4-73f8-4436-a685-35758851f185\/\" data-orig-file=\"https:\/\/i0.wp.com\/blogdalucianaoliveira.com.br\/blog\/wp-content\/uploads\/2020\/11\/CA2733D4-73F8-4436-A685-35758851F185.jpeg?fit=648%2C371\" data-orig-size=\"648,371\" data-comments-opened=\"0\" data-image-meta=\"{&quot;aperture&quot;:&quot;0&quot;,&quot;credit&quot;:&quot;&quot;,&quot;camera&quot;:&quot;&quot;,&quot;caption&quot;:&quot;&quot;,&quot;created_timestamp&quot;:&quot;0&quot;,&quot;copyright&quot;:&quot;&quot;,&quot;focal_length&quot;:&quot;0&quot;,&quot;iso&quot;:&quot;0&quot;,&quot;shutter_speed&quot;:&quot;0&quot;,&quot;title&quot;:&quot;&quot;,&quot;orientation&quot;:&quot;1&quot;}\" data-image-title=\"CA2733D4-73F8-4436-A685-35758851F185\" data-image-description=\"\" data-image-caption=\"\" data-medium-file=\"https:\/\/i0.wp.com\/blogdalucianaoliveira.com.br\/blog\/wp-content\/uploads\/2020\/11\/CA2733D4-73F8-4436-A685-35758851F185.jpeg?fit=300%2C172\" data-large-file=\"https:\/\/i0.wp.com\/blogdalucianaoliveira.com.br\/blog\/wp-content\/uploads\/2020\/11\/CA2733D4-73F8-4436-A685-35758851F185.jpeg?fit=600%2C344\" src=\"https:\/\/i0.wp.com\/blogdalucianaoliveira.com.br\/blog\/wp-content\/uploads\/2020\/11\/CA2733D4-73F8-4436-A685-35758851F185.jpeg?resize=600%2C344\" alt=\"\" class=\"wp-image-29957\" srcset=\"https:\/\/i0.wp.com\/blogdalucianaoliveira.com.br\/blog\/wp-content\/uploads\/2020\/11\/CA2733D4-73F8-4436-A685-35758851F185.jpeg?w=648 648w, https:\/\/i0.wp.com\/blogdalucianaoliveira.com.br\/blog\/wp-content\/uploads\/2020\/11\/CA2733D4-73F8-4436-A685-35758851F185.jpeg?resize=300%2C172 300w, https:\/\/i0.wp.com\/blogdalucianaoliveira.com.br\/blog\/wp-content\/uploads\/2020\/11\/CA2733D4-73F8-4436-A685-35758851F185.jpeg?resize=524%2C300 524w\" sizes=\"auto, (max-width: 600px) 100vw, 600px\" \/><\/figure>\n\n\n\n<p><strong>Sputnik &#8211;&nbsp;<\/strong>Fornecimento de energia come\u00e7ou a ser restabelecido em bairros das zonas sul, norte e central de Macap\u00e1, e ainda em \u00e1reas do munic\u00edpio de Santana, na madrugada e no in\u00edcio da manh\u00e3 deste s\u00e1bado (7).<\/p>\n\n\n\n<!--more-->\n\n\n\n<p>Ap\u00f3s&nbsp;<a href=\"https:\/\/br.sputniknews.com\/brasil\/2020110516350414-retorno-da-energia-no-amapa-pode-levar-ate-15-dias\/\" target=\"_blank\" rel=\"noreferrer noopener\">chegar ao quinto dia do apag\u00e3o<\/a>&nbsp;que deixou quase 90% da popula\u00e7\u00e3o sem energia, o governo do Amap\u00e1 comunicou neste s\u00e1bado (7) que haver\u00e1 um rod\u00edzio em turnos de seis horas no fornecimento da eletricidade.<\/p>\n\n\n\n<p>Al\u00e9m disso, mais cedo, governo federal publicou no Di\u00e1rio Oficial da Uni\u00e3o uma portaria que autoriza a contrata\u00e7\u00e3o de at\u00e9 150 megawatts (MW) para o estado. A contrata\u00e7\u00e3o vale por at\u00e9 180 dias, podendo ser reduzida caso o fornecimento volte a atingir &#8220;condi\u00e7\u00e3o satisfat\u00f3ria&#8221;.<\/p>\n\n\n\n<p>Apesar dos esfor\u00e7os, a situa\u00e7\u00e3o parece longe de terminar. Diante de uma onda de protestos da popula\u00e7\u00e3o, que foi \u00e0s ruas e fechou vias na cidade de Macap\u00e1, o senador Randolfe Rodrigues recorreu \u00e0 justi\u00e7a federal, que atendeu ao pedido ainda na noite de s\u00e1bado (7).<\/p>\n\n\n\n<figure><iframe src=\"https:\/\/platform.twitter.com\/embed\/index.html?dnt=false&amp;embedId=twitter-widget-0&amp;frame=false&amp;hideCard=false&amp;hideThread=false&amp;id=1325207188919508992&amp;lang=pt&amp;origin=https%3A%2F%2Fbr.sputniknews.com%2Fbrasil%2F2020110716377987-apos-chegar-ao-5-dia-de-apagao-o-que-esta-acontecendo-no-amapa%2F&amp;siteScreenName=sputnik_brasil&amp;theme=light&amp;widgetsVersion=ed20a2b%3A1601588405575&amp;width=550px#amp=1\"><\/iframe><\/figure>\n\n\n\n<p>\u200bO governo do Amap\u00e1 afirmou que, em Santana, foram providenciados caminh\u00f5es-pipa para a popula\u00e7\u00e3o, e a reativa\u00e7\u00e3o do sistema de capta\u00e7\u00e3o central do munic\u00edpio estava programada para este s\u00e1bado (7), por\u00e9m, com o aux\u00edlio de gerador el\u00e9trico.<\/p>\n","protected":false},"excerpt":{"rendered":"<p>Sputnik &#8211;&nbsp;Fornecimento de energia come\u00e7ou a ser restabelecido em bairros das zonas sul, norte e central de Macap\u00e1, e ainda em \u00e1reas do munic\u00edpio de Santana, na madrugada e no in\u00edcio da manh\u00e3 deste s\u00e1bado (7).<\/p>\n","protected":false},"author":1,"featured_media":0,"comment_status":"closed","ping_status":"open","sticky":false,"template":"","format":"standard","meta":{"_exactmetrics_skip_tracking":false,"_exactmetrics_sitenote_active":false,"_exactmetrics_sitenote_note":"","_exactmetrics_sitenote_category":0,"jetpack_post_was_ever_published":false,"_jetpack_newsletter_access":"","_jetpack_dont_email_post_to_subs":false,"_jetpack_newsletter_tier_id":0,"_jetpack_memberships_contains_paywalled_content":false,"_jetpack_memberships_contains_paid_content":false,"footnotes":"","jetpack_publicize_message":"","jetpack_publicize_feature_enabled":true,"jetpack_social_post_already_shared":true,"jetpack_social_options":{"image_generator_settings":{"template":"highway","enabled":false},"version":2}},"categories":[1],"tags":[],"class_list":["post-29955","post","type-post","status-publish","format-standard","hentry","category-notas"],"jetpack_publicize_connections":[],"jetpack_sharing_enabled":true,"jetpack_featured_media_url":"","jetpack_shortlink":"https:\/\/wp.me\/p7wKYW-7N9","jetpack-related-posts":[],"_links":{"self":[{"href":"http:\/\/blogdalucianaoliveira.com.br\/blog\/wp-json\/wp\/v2\/posts\/29955","targetHints":{"allow":["GET"]}}],"collection":[{"href":"http:\/\/blogdalucianaoliveira.com.br\/blog\/wp-json\/wp\/v2\/posts"}],"about":[{"href":"http:\/\/blogdalucianaoliveira.com.br\/blog\/wp-json\/wp\/v2\/types\/post"}],"author":[{"embeddable":true,"href":"http:\/\/blogdalucianaoliveira.com.br\/blog\/wp-json\/wp\/v2\/users\/1"}],"replies":[{"embeddable":true,"href":"http:\/\/blogdalucianaoliveira.com.br\/blog\/wp-json\/wp\/v2\/comments?post=29955"}],"version-history":[{"count":2,"href":"http:\/\/blogdalucianaoliveira.com.br\/blog\/wp-json\/wp\/v2\/posts\/29955\/revisions"}],"predecessor-version":[{"id":29958,"href":"http:\/\/blogdalucianaoliveira.com.br\/blog\/wp-json\/wp\/v2\/posts\/29955\/revisions\/29958"}],"wp:attachment":[{"href":"http:\/\/blogdalucianaoliveira.com.br\/blog\/wp-json\/wp\/v2\/media?parent=29955"}],"wp:term":[{"taxonomy":"category","embeddable":true,"href":"http:\/\/blogdalucianaoliveira.com.br\/blog\/wp-json\/wp\/v2\/categories?post=29955"},{"taxonomy":"post_tag","embeddable":true,"href":"http:\/\/blogdalucianaoliveira.com.br\/blog\/wp-json\/wp\/v2\/tags?post=29955"}],"curies":[{"name":"wp","href":"https:\/\/api.w.org\/{rel}","templated":true}]}}