{"id":29959,"date":"2020-11-09T16:09:04","date_gmt":"2020-11-09T20:09:04","guid":{"rendered":"http:\/\/blogdalucianaoliveira.com.br\/blog\/?p=29959"},"modified":"2020-11-09T16:09:14","modified_gmt":"2020-11-09T20:09:14","slug":"rondonia-prioridade-aos-indigenas-na-rede-de-saude-estadual-e-recomendada-pelo-mpf","status":"publish","type":"post","link":"http:\/\/blogdalucianaoliveira.com.br\/blog\/2020\/11\/09\/rondonia-prioridade-aos-indigenas-na-rede-de-saude-estadual-e-recomendada-pelo-mpf\/","title":{"rendered":"Rond\u00f4nia: Prioridade aos ind\u00edgenas na rede de sa\u00fade estadual \u00e9 recomendada pelo MPF"},"content":{"rendered":"\n<figure class=\"wp-block-image size-large\"><img data-recalc-dims=\"1\" loading=\"lazy\" decoding=\"async\" width=\"600\" height=\"355\" data-attachment-id=\"29960\" data-permalink=\"http:\/\/blogdalucianaoliveira.com.br\/blog\/2020\/11\/09\/rondonia-prioridade-aos-indigenas-na-rede-de-saude-estadual-e-recomendada-pelo-mpf\/image-7-17\/\" data-orig-file=\"https:\/\/i0.wp.com\/blogdalucianaoliveira.com.br\/blog\/wp-content\/uploads\/2020\/11\/image-7.jpeg?fit=845%2C500\" data-orig-size=\"845,500\" data-comments-opened=\"0\" data-image-meta=\"{&quot;aperture&quot;:&quot;0&quot;,&quot;credit&quot;:&quot;&quot;,&quot;camera&quot;:&quot;&quot;,&quot;caption&quot;:&quot;&quot;,&quot;created_timestamp&quot;:&quot;0&quot;,&quot;copyright&quot;:&quot;&quot;,&quot;focal_length&quot;:&quot;0&quot;,&quot;iso&quot;:&quot;0&quot;,&quot;shutter_speed&quot;:&quot;0&quot;,&quot;title&quot;:&quot;&quot;,&quot;orientation&quot;:&quot;1&quot;}\" data-image-title=\"image-7\" data-image-description=\"\" data-image-caption=\"\" data-medium-file=\"https:\/\/i0.wp.com\/blogdalucianaoliveira.com.br\/blog\/wp-content\/uploads\/2020\/11\/image-7.jpeg?fit=300%2C178\" data-large-file=\"https:\/\/i0.wp.com\/blogdalucianaoliveira.com.br\/blog\/wp-content\/uploads\/2020\/11\/image-7.jpeg?fit=600%2C355\" src=\"https:\/\/i0.wp.com\/blogdalucianaoliveira.com.br\/blog\/wp-content\/uploads\/2020\/11\/image-7.jpeg?resize=600%2C355\" alt=\"\" class=\"wp-image-29960\" srcset=\"https:\/\/i0.wp.com\/blogdalucianaoliveira.com.br\/blog\/wp-content\/uploads\/2020\/11\/image-7.jpeg?w=845 845w, https:\/\/i0.wp.com\/blogdalucianaoliveira.com.br\/blog\/wp-content\/uploads\/2020\/11\/image-7.jpeg?resize=300%2C178 300w, https:\/\/i0.wp.com\/blogdalucianaoliveira.com.br\/blog\/wp-content\/uploads\/2020\/11\/image-7.jpeg?resize=768%2C454 768w, https:\/\/i0.wp.com\/blogdalucianaoliveira.com.br\/blog\/wp-content\/uploads\/2020\/11\/image-7.jpeg?resize=507%2C300 507w\" sizes=\"auto, (max-width: 600px) 100vw, 600px\" \/><\/figure>\n\n\n\n<p>Grande demora nos atendimentos pode causar danos irrepar\u00e1veis \u00e0 sa\u00fade da popula\u00e7\u00e3o ind\u00edgena da regi\u00e3o de Vilhena (RO)<\/p>\n\n\n\n<!--more-->\n\n\n\n<p><strong>MPF\/Arte: Secom\/PGR<\/strong><\/p>\n\n\n\n<p><br>Em recomenda\u00e7\u00e3o ao secret\u00e1rio de estado da sa\u00fade de Rond\u00f4nia, o Minist\u00e9rio P\u00fablico Federal (MPF) requer a cria\u00e7\u00e3o de um n\u00edvel de prioriza\u00e7\u00e3o aos ind\u00edgenas dentro da pol\u00edtica da sa\u00fade estadual. A grande demora dos atendimentos pode causar danos irrepar\u00e1veis \u00e0 sa\u00fade da popula\u00e7\u00e3o ind\u00edgena. O MPF ressalta que o benef\u00edcio da prioridade aos ind\u00edgenas dever\u00e1 ser equilibrado junto \u00e0s necessidades universais, n\u00e3o causando preju\u00edzos aos demais cidad\u00e3os.<\/p>\n\n\n\n<p>Segundo a recomenda\u00e7\u00e3o, o Distrito Sanit\u00e1rio Especial Ind\u00edgena (Dsei) de Vilhena (RO) possui consultas e exames pendentes na rede estadual de sa\u00fade desde 2017. A demanda mais antiga \u00e9 de julho do mesmo ano, em que uma paciente aguarda uma consulta com um ortopedista, contabilizando mais de tr\u00eas anos de espera.<\/p>\n\n\n\n<p>O Dsei Vilhena relata que a causa dos problemas \u00e9 a demora da libera\u00e7\u00e3o de consultas especializadas e exames de m\u00e9dia e alta complexidade para atender a popula\u00e7\u00e3o ind\u00edgena, o que resulta na grande fila de espera. \u00c9 poss\u00edvel que a mesma situa\u00e7\u00e3o esteja acontecendo tamb\u00e9m com ind\u00edgenas que precisam de exames e consultas m\u00e9dicas em outras localidades de Rond\u00f4nia.<\/p>\n\n\n\n<p>O MPF deu prazo de 30 dias para a presta\u00e7\u00e3o de informa\u00e7\u00f5es sobre o acatamento da recomenda\u00e7\u00e3o.<\/p>\n\n\n\n<p>A recomenda\u00e7\u00e3o foi assinada pelos procuradores da Rep\u00fablica Caio Hideki, Daniela Lopes, Gisele Bleggi, Laiz Mello, Raphael Bevilaqua, Tatiana Versiani e Tha\u00eds Ruiz.<\/p>\n\n\n\n<p><a href=\"http:\/\/www.mpf.mp.br\/ro\/sala-de-imprensa\/docs\/2020\/recomendacao-vilhena-prioridade-saude-indigena.pdf\">\u00cdntegra da recomenda\u00e7\u00e3o.<\/a><\/p>\n","protected":false},"excerpt":{"rendered":"<p>Grande demora nos atendimentos pode causar danos irrepar\u00e1veis \u00e0 sa\u00fade da popula\u00e7\u00e3o ind\u00edgena da regi\u00e3o de Vilhena (RO)<\/p>\n","protected":false},"author":1,"featured_media":0,"comment_status":"closed","ping_status":"open","sticky":false,"template":"","format":"standard","meta":{"_exactmetrics_skip_tracking":false,"_exactmetrics_sitenote_active":false,"_exactmetrics_sitenote_note":"","_exactmetrics_sitenote_category":0,"jetpack_post_was_ever_published":false,"_jetpack_newsletter_access":"","_jetpack_dont_email_post_to_subs":false,"_jetpack_newsletter_tier_id":0,"_jetpack_memberships_contains_paywalled_content":false,"_jetpack_memberships_contains_paid_content":false,"footnotes":"","jetpack_publicize_message":"","jetpack_publicize_feature_enabled":true,"jetpack_social_post_already_shared":true,"jetpack_social_options":{"image_generator_settings":{"template":"highway","enabled":false},"version":2}},"categories":[1],"tags":[],"class_list":["post-29959","post","type-post","status-publish","format-standard","hentry","category-notas"],"jetpack_publicize_connections":[],"jetpack_sharing_enabled":true,"jetpack_featured_media_url":"","jetpack_shortlink":"https:\/\/wp.me\/p7wKYW-7Nd","jetpack-related-posts":[],"_links":{"self":[{"href":"http:\/\/blogdalucianaoliveira.com.br\/blog\/wp-json\/wp\/v2\/posts\/29959","targetHints":{"allow":["GET"]}}],"collection":[{"href":"http:\/\/blogdalucianaoliveira.com.br\/blog\/wp-json\/wp\/v2\/posts"}],"about":[{"href":"http:\/\/blogdalucianaoliveira.com.br\/blog\/wp-json\/wp\/v2\/types\/post"}],"author":[{"embeddable":true,"href":"http:\/\/blogdalucianaoliveira.com.br\/blog\/wp-json\/wp\/v2\/users\/1"}],"replies":[{"embeddable":true,"href":"http:\/\/blogdalucianaoliveira.com.br\/blog\/wp-json\/wp\/v2\/comments?post=29959"}],"version-history":[{"count":1,"href":"http:\/\/blogdalucianaoliveira.com.br\/blog\/wp-json\/wp\/v2\/posts\/29959\/revisions"}],"predecessor-version":[{"id":29961,"href":"http:\/\/blogdalucianaoliveira.com.br\/blog\/wp-json\/wp\/v2\/posts\/29959\/revisions\/29961"}],"wp:attachment":[{"href":"http:\/\/blogdalucianaoliveira.com.br\/blog\/wp-json\/wp\/v2\/media?parent=29959"}],"wp:term":[{"taxonomy":"category","embeddable":true,"href":"http:\/\/blogdalucianaoliveira.com.br\/blog\/wp-json\/wp\/v2\/categories?post=29959"},{"taxonomy":"post_tag","embeddable":true,"href":"http:\/\/blogdalucianaoliveira.com.br\/blog\/wp-json\/wp\/v2\/tags?post=29959"}],"curies":[{"name":"wp","href":"https:\/\/api.w.org\/{rel}","templated":true}]}}