{"id":29968,"date":"2020-11-10T16:49:06","date_gmt":"2020-11-10T20:49:06","guid":{"rendered":"http:\/\/blogdalucianaoliveira.com.br\/blog\/?p=29968"},"modified":"2020-11-10T16:49:15","modified_gmt":"2020-11-10T20:49:15","slug":"mercadante-diz-que-vacina-pode-levar-bolsonaro-ao-impeachment","status":"publish","type":"post","link":"http:\/\/blogdalucianaoliveira.com.br\/blog\/2020\/11\/10\/mercadante-diz-que-vacina-pode-levar-bolsonaro-ao-impeachment\/","title":{"rendered":"Mercadante diz que vacina pode levar Bolsonaro ao impeachment"},"content":{"rendered":"\n<figure class=\"wp-block-image size-large\"><img data-recalc-dims=\"1\" loading=\"lazy\" decoding=\"async\" width=\"600\" height=\"374\" data-attachment-id=\"29969\" data-permalink=\"http:\/\/blogdalucianaoliveira.com.br\/blog\/2020\/11\/10\/mercadante-diz-que-vacina-pode-levar-bolsonaro-ao-impeachment\/image-8-14\/\" data-orig-file=\"https:\/\/i0.wp.com\/blogdalucianaoliveira.com.br\/blog\/wp-content\/uploads\/2020\/11\/image-8.jpeg?fit=610%2C380\" data-orig-size=\"610,380\" data-comments-opened=\"0\" data-image-meta=\"{&quot;aperture&quot;:&quot;0&quot;,&quot;credit&quot;:&quot;&quot;,&quot;camera&quot;:&quot;&quot;,&quot;caption&quot;:&quot;&quot;,&quot;created_timestamp&quot;:&quot;0&quot;,&quot;copyright&quot;:&quot;&quot;,&quot;focal_length&quot;:&quot;0&quot;,&quot;iso&quot;:&quot;0&quot;,&quot;shutter_speed&quot;:&quot;0&quot;,&quot;title&quot;:&quot;&quot;,&quot;orientation&quot;:&quot;0&quot;}\" data-image-title=\"image-8\" data-image-description=\"\" data-image-caption=\"\" data-medium-file=\"https:\/\/i0.wp.com\/blogdalucianaoliveira.com.br\/blog\/wp-content\/uploads\/2020\/11\/image-8.jpeg?fit=300%2C187\" data-large-file=\"https:\/\/i0.wp.com\/blogdalucianaoliveira.com.br\/blog\/wp-content\/uploads\/2020\/11\/image-8.jpeg?fit=600%2C374\" src=\"https:\/\/i0.wp.com\/blogdalucianaoliveira.com.br\/blog\/wp-content\/uploads\/2020\/11\/image-8.jpeg?resize=600%2C374\" alt=\"\" class=\"wp-image-29969\" srcset=\"https:\/\/i0.wp.com\/blogdalucianaoliveira.com.br\/blog\/wp-content\/uploads\/2020\/11\/image-8.jpeg?w=610 610w, https:\/\/i0.wp.com\/blogdalucianaoliveira.com.br\/blog\/wp-content\/uploads\/2020\/11\/image-8.jpeg?resize=300%2C187 300w, https:\/\/i0.wp.com\/blogdalucianaoliveira.com.br\/blog\/wp-content\/uploads\/2020\/11\/image-8.jpeg?resize=482%2C300 482w\" sizes=\"auto, (max-width: 600px) 100vw, 600px\" \/><\/figure>\n\n\n\n<p><strong>Funda\u00e7\u00e3o Perseu Abramo &#8211;&nbsp;<\/strong>O ex-ministro e presidente da Funda\u00e7\u00e3o Perseu Abramo, Aloizio Mercadante, afirmou nesta ter\u00e7a-feira (10) que a rea\u00e7\u00e3o do presidente Jair Bolsonaro diante da&nbsp;<a href=\"https:\/\/www.brasil247.com\/coronavirus\/anvisa-suspende-testes-da-vacina-chinesa-contra-covid-19-cp9iv8e7\">decis\u00e3o da Anvisa de suspender os testes da vacina chinesa contra a Covid-19, Coronavac<\/a>, pode lev\u00e1-lo ao impeachment. &nbsp;Bolsonaro politizou a decis\u00e3o da ag\u00eancia reguladora e aproveitou para atacar o governador de S\u00e3o Paulo, Jo\u00e3o Doria (PSDB-SP), e&nbsp;<a href=\"https:\/\/www.brasil247.com\/poder\/bolsonaro-comemora-decisao-da-anvisa-de-suspender-vacina-e-diz-que-ganhou-de-doria\">disse nas redes sociais que \u201cganhou mais uma\u201d<\/a>.&nbsp;<\/p>\n\n\n\n<!--more-->\n\n\n\n<p>Para Mercadante, ao adotar essa postura, Bolsonaro rompeu um limite instranspon\u00edvel, que \u00e9 o da humanidade, da civilidade e da preserva\u00e7\u00e3o da vida. \u201c\u00c9 grav\u00edssimo, especialmente quando falamos de um homem p\u00fablico, que deveria ter isso como valor maior da sua gest\u00e3o proteger o povo brasileiro dessa pandemia, derrotar a Covid, apoiar todas as iniciativas, torcer para que n\u00e3o fosse nenhum epis\u00f3dio que impactasse a testagem, que ele nem tem a no\u00e7\u00e3o do que \u00e9, como a quest\u00e3o da cloroquina j\u00e1 provou. A vacina vai levar o Bolsonaro ao caminho do impeachment. Ele n\u00e3o pode continuar a prejudicar o povo brasileiro, celebrando a morte\u201d, defendeu, em entrevista ao programa DCM Ao Meio-Dia.<\/p>\n\n\n\n<p>De acordo com o ex-ministro, n\u00e3o \u00e9 poss\u00edvel Bolsonaro achar que ganhou, porque a Anvisa suspendeu a an\u00e1lise cl\u00ednica de uma vacina, que todos os resultados v\u00eam demonstrando que \u00e9 segura e exitosa. \u00a0\u201cPor isso tudo \u00e9 muito grave o que ele fez. Ele est\u00e1 construindo uma narrativa para o impeachment nesse epis\u00f3dio da vacina. Ele claramente vem obstruindo e prejudicando que o Brasil tenha a vacina. \u00a0N\u00f3s somos 220 milh\u00f5es de pessoas, algumas vacinas exigem duas doses, ou seja, n\u00f3s vamos precisar de 440 milh\u00f5es de vacinas e o tempo para produzir \u00e9 extremamente escasso\u201d, prosseguiu.\u00a0<br><\/p>\n\n\n\n<h2 class=\"wp-block-heading\"><strong>Paralisa\u00e7\u00e3o dos testes<\/strong><\/h2>\n\n\n\n<p>A respeito da decis\u00e3o da Anvisa, o ex-ministro defendeu que se na amostra, que s\u00e3o 10 mil pessoas, alguma pessoa teve alguma ocorr\u00eancia grave, no caso em quest\u00e3o \u00e9 um \u00f3bito, a Ag\u00eancia tem que suspender o teste, como aconteceu com a vacina de Oxford e investigar o que aconteceu. \u201cO Instituto Butantan, que tem todas as informa\u00e7\u00f5es porque est\u00e1 aplicando o teste, j\u00e1 est\u00e1 se antecipando e dizendo que o \u00f3bito n\u00e3o tem nenhuma incid\u00eancia relacionada ao teste da vacina, mas, n\u00f3s temos que aguardar a an\u00e1lise t\u00e9cnica e o Bolsonaro deveria lamentar que o teste foi interrompido, n\u00e3o comemorar\u201d, explicou.&nbsp;<\/p>\n\n\n\n<p>\u201cPode ser que Anvisa tenha extrapolado, tentado fazer um uso pol\u00edtico desse epis\u00f3dio, mas eu considero que \u00e9 responsabilidade dela suspender um teste quando h\u00e1 um incidente, apurar e imediatamente recome\u00e7ar os testes se o evento n\u00e3o tem nenhuma rela\u00e7\u00e3o com a medica\u00e7\u00e3o em quest\u00e3o\u201d, disse. Mercadante tamb\u00e9m recordou que o mundo inteiro luta pela vacina contra a covid-19 e mencionou a import\u00e2ncia das vacinas, consideradas por ele como instrumentos fundamentais de defesa da vida, na prolifera\u00e7\u00e3o de doen\u00e7as como a poliomielite, o sarampo, o t\u00e9tano, a febre amarele e a tuberculose.<\/p>\n","protected":false},"excerpt":{"rendered":"<p>Funda\u00e7\u00e3o Perseu Abramo &#8211;&nbsp;O ex-ministro e presidente da Funda\u00e7\u00e3o Perseu Abramo, Aloizio Mercadante, afirmou nesta ter\u00e7a-feira (10) que a rea\u00e7\u00e3o do presidente Jair Bolsonaro diante da&nbsp;decis\u00e3o da Anvisa de suspender os testes da vacina chinesa contra a Covid-19, Coronavac, pode lev\u00e1-lo ao impeachment. &nbsp;Bolsonaro politizou a decis\u00e3o da ag\u00eancia reguladora e aproveitou para atacar o&#8230;<a class=\"more-link\" href=\"http:\/\/blogdalucianaoliveira.com.br\/blog\/2020\/11\/10\/mercadante-diz-que-vacina-pode-levar-bolsonaro-ao-impeachment\/\">Continue a leitura <span class=\"meta-nav\">&raquo;<\/span><\/a><\/p>\n","protected":false},"author":1,"featured_media":0,"comment_status":"closed","ping_status":"open","sticky":false,"template":"","format":"standard","meta":{"_exactmetrics_skip_tracking":false,"_exactmetrics_sitenote_active":false,"_exactmetrics_sitenote_note":"","_exactmetrics_sitenote_category":0,"jetpack_post_was_ever_published":false,"_jetpack_newsletter_access":"","_jetpack_dont_email_post_to_subs":false,"_jetpack_newsletter_tier_id":0,"_jetpack_memberships_contains_paywalled_content":false,"_jetpack_memberships_contains_paid_content":false,"footnotes":"","jetpack_publicize_message":"","jetpack_publicize_feature_enabled":true,"jetpack_social_post_already_shared":true,"jetpack_social_options":{"image_generator_settings":{"template":"highway","enabled":false},"version":2}},"categories":[1],"tags":[],"class_list":["post-29968","post","type-post","status-publish","format-standard","hentry","category-notas"],"jetpack_publicize_connections":[],"jetpack_sharing_enabled":true,"jetpack_featured_media_url":"","jetpack_shortlink":"https:\/\/wp.me\/p7wKYW-7Nm","jetpack-related-posts":[],"_links":{"self":[{"href":"http:\/\/blogdalucianaoliveira.com.br\/blog\/wp-json\/wp\/v2\/posts\/29968","targetHints":{"allow":["GET"]}}],"collection":[{"href":"http:\/\/blogdalucianaoliveira.com.br\/blog\/wp-json\/wp\/v2\/posts"}],"about":[{"href":"http:\/\/blogdalucianaoliveira.com.br\/blog\/wp-json\/wp\/v2\/types\/post"}],"author":[{"embeddable":true,"href":"http:\/\/blogdalucianaoliveira.com.br\/blog\/wp-json\/wp\/v2\/users\/1"}],"replies":[{"embeddable":true,"href":"http:\/\/blogdalucianaoliveira.com.br\/blog\/wp-json\/wp\/v2\/comments?post=29968"}],"version-history":[{"count":1,"href":"http:\/\/blogdalucianaoliveira.com.br\/blog\/wp-json\/wp\/v2\/posts\/29968\/revisions"}],"predecessor-version":[{"id":29970,"href":"http:\/\/blogdalucianaoliveira.com.br\/blog\/wp-json\/wp\/v2\/posts\/29968\/revisions\/29970"}],"wp:attachment":[{"href":"http:\/\/blogdalucianaoliveira.com.br\/blog\/wp-json\/wp\/v2\/media?parent=29968"}],"wp:term":[{"taxonomy":"category","embeddable":true,"href":"http:\/\/blogdalucianaoliveira.com.br\/blog\/wp-json\/wp\/v2\/categories?post=29968"},{"taxonomy":"post_tag","embeddable":true,"href":"http:\/\/blogdalucianaoliveira.com.br\/blog\/wp-json\/wp\/v2\/tags?post=29968"}],"curies":[{"name":"wp","href":"https:\/\/api.w.org\/{rel}","templated":true}]}}