{"id":29971,"date":"2020-11-12T00:11:59","date_gmt":"2020-11-12T04:11:59","guid":{"rendered":"http:\/\/blogdalucianaoliveira.com.br\/blog\/?p=29971"},"modified":"2020-11-12T00:12:07","modified_gmt":"2020-11-12T04:12:07","slug":"somos-excluidos-do-pais-amapaenses-veem-descaso-nacional-por-apagao-em-meio-a-protestos-e-violencia","status":"publish","type":"post","link":"http:\/\/blogdalucianaoliveira.com.br\/blog\/2020\/11\/12\/somos-excluidos-do-pais-amapaenses-veem-descaso-nacional-por-apagao-em-meio-a-protestos-e-violencia\/","title":{"rendered":"&#8216;Somos exclu\u00eddos do pa\u00eds&#8217;: amapaenses veem &#8216;descaso nacional&#8217; por apag\u00e3o em meio a protestos e viol\u00eancia"},"content":{"rendered":"\n<figure class=\"wp-block-image size-large\"><img data-recalc-dims=\"1\" loading=\"lazy\" decoding=\"async\" width=\"600\" height=\"338\" data-attachment-id=\"29972\" data-permalink=\"http:\/\/blogdalucianaoliveira.com.br\/blog\/2020\/11\/12\/somos-excluidos-do-pais-amapaenses-veem-descaso-nacional-por-apagao-em-meio-a-protestos-e-violencia\/image-9-13\/\" data-orig-file=\"https:\/\/i0.wp.com\/blogdalucianaoliveira.com.br\/blog\/wp-content\/uploads\/2020\/11\/image-9.jpeg?fit=800%2C450\" data-orig-size=\"800,450\" data-comments-opened=\"0\" data-image-meta=\"{&quot;aperture&quot;:&quot;0&quot;,&quot;credit&quot;:&quot;&quot;,&quot;camera&quot;:&quot;&quot;,&quot;caption&quot;:&quot;&quot;,&quot;created_timestamp&quot;:&quot;0&quot;,&quot;copyright&quot;:&quot;&quot;,&quot;focal_length&quot;:&quot;0&quot;,&quot;iso&quot;:&quot;0&quot;,&quot;shutter_speed&quot;:&quot;0&quot;,&quot;title&quot;:&quot;&quot;,&quot;orientation&quot;:&quot;0&quot;}\" data-image-title=\"image-9\" data-image-description=\"\" data-image-caption=\"\" data-medium-file=\"https:\/\/i0.wp.com\/blogdalucianaoliveira.com.br\/blog\/wp-content\/uploads\/2020\/11\/image-9.jpeg?fit=300%2C169\" data-large-file=\"https:\/\/i0.wp.com\/blogdalucianaoliveira.com.br\/blog\/wp-content\/uploads\/2020\/11\/image-9.jpeg?fit=600%2C338\" src=\"https:\/\/i0.wp.com\/blogdalucianaoliveira.com.br\/blog\/wp-content\/uploads\/2020\/11\/image-9.jpeg?resize=600%2C338\" alt=\"\" class=\"wp-image-29972\" srcset=\"https:\/\/i0.wp.com\/blogdalucianaoliveira.com.br\/blog\/wp-content\/uploads\/2020\/11\/image-9.jpeg?w=800 800w, https:\/\/i0.wp.com\/blogdalucianaoliveira.com.br\/blog\/wp-content\/uploads\/2020\/11\/image-9.jpeg?resize=300%2C169 300w, https:\/\/i0.wp.com\/blogdalucianaoliveira.com.br\/blog\/wp-content\/uploads\/2020\/11\/image-9.jpeg?resize=768%2C432 768w, https:\/\/i0.wp.com\/blogdalucianaoliveira.com.br\/blog\/wp-content\/uploads\/2020\/11\/image-9.jpeg?resize=533%2C300 533w\" sizes=\"auto, (max-width: 600px) 100vw, 600px\" \/><\/figure>\n\n\n\n<p>BBC &#8211; <strong>Nove dias ap\u00f3s o in\u00edcio do apag\u00e3o que deixou a maior parte da popula\u00e7\u00e3o do Amap\u00e1 sem energia el\u00e9trica, moradores da capital, Macap\u00e1, ainda relatam dificuldades para retomar a vida normal e reclamam de &#8220;descaso&#8221; e do &#8220;abandono&#8221; por parte dos governos, al\u00e9m de falta de visibilidade para o problema no restante do pa\u00eds.<\/strong><\/p>\n\n\n\n<!--more-->\n\n\n\n<p>&#8220;Meu sentimento \u00e9 de abandono. A gente (amapaenses) sempre se sentiu muito exclu\u00eddo do resto do Brasil, do resto da popula\u00e7\u00e3o. Acho que agora s\u00f3 ficou mais claro&#8221;, diz o estudante Andr\u00e9 Luiz Fonseca, de 23 anos.<\/p>\n\n\n\n<p>A queda de energia, provocada por um inc\u00eandio em uma subesta\u00e7\u00e3o da empresa Isolux, ocorreu na noite do dia 03 de novembro e atingiu 13 das 16 cidades do Estado. Cerca de 730 mil pessoas do Estado foram afetadas pelo corte, o que representa 85% da popula\u00e7\u00e3o local.<\/p>\n\n\n\n<p>O Minist\u00e9rio de Minas e Energia afirmou hoje que aumentou o fornecimento de energia para 80% do Estado. Na sexta-feira, o ministro da pasta, Bento Albuquerque, disse que o completo restabelecimento \u00e9 &#8220;complexo&#8221; e deve demorar pelo menos dez dias.<\/p>\n\n\n\n<p>J\u00e1 o governador do Amap\u00e1, Waldez G\u00f3es (PDT), culpou o governo federal. &#8220;Quem deve dar resposta ao desastre em termos de puni\u00e7\u00e3o \u00e9 a Ag\u00eancia Nacional de Energia El\u00e9trica e o Operador Nacional do Setor El\u00e9trico. Quem deve dar resposta da transmiss\u00e3o tamb\u00e9m \u00e9 o governo federal, porque j\u00e1 que a iniciativa privada \u00e9 contratada, o governo federal deve dar resposta&#8221;, disse h\u00e1 dois dias, em entrevista \u00e0 Globonews.<\/p>\n\n\n\n<p>H\u00e1 48 horas, a eletricidade tem chegado a parte da popula\u00e7\u00e3o apenas por algumas horas ao dia, e em car\u00e1ter de rod\u00edzio.<\/p>\n\n\n\n<figure class=\"wp-block-image\"><img data-recalc-dims=\"1\" decoding=\"async\" src=\"https:\/\/i0.wp.com\/ichef.bbci.co.uk\/news\/640\/cpsprodpb\/010B\/production\/_115376200_jfcrz_abr_27081921481.jpg?w=600&#038;ssl=1\" alt=\"O governador do Estado, Waldez G\u00f3es (PDT)\"\/><figcaption>Legenda da foto,&nbsp;O governador do Estado, Waldez G\u00f3es (PDT), afirmou que o governo federal \u00e9 quem deveria responder pelo apag\u00e3o<\/figcaption><\/figure>\n\n\n\n<p>Na casa de Andr\u00e9 Luiz Fonseca, por exemplo, a energia funciona duas vezes por dia, das 6h \u00e0s 12h e das 18h \u00e0 0h. Na noite de ter\u00e7a, por\u00e9m, a fam\u00edlia s\u00f3 teve luz el\u00e9trica durante uma hora.<\/p>\n\n\n\n<p>&#8220;Pra dormir, a casa fica toda aberta por causa do calor, mesmo com medo da viol\u00eancia. Nessa semana uma farm\u00e1cia na esquina de casa foi saqueada&#8221;, conta.<\/p>\n\n\n\n<p>Por causa do rod\u00edzio e dos problemas causados pelo apag\u00e3o, muito amapaenses sa\u00edram \u00e0s ruas para protestar, o que gerou epis\u00f3dios de viol\u00eancia e repress\u00e3o policial. Um adolescente foi atingido no olho por uma bala de borracha disparada pela pol\u00edcia.&nbsp;<\/p>\n\n\n\n<p>Na semana passada,&nbsp;<a href=\"https:\/\/www.bbc.com\/portuguese\/brasil-54848362\">filas quilom\u00e9tricas<\/a>&nbsp;se formaram nos poucos pontos onde havia caixas eletr\u00f4nicos em funcionamento, pois m\u00e1quinas de cart\u00f5es de d\u00e9bito e cr\u00e9dito n\u00e3o estavam ativas. Al\u00e9m disso, houve aglomera\u00e7\u00f5es em postos de gasolina e locais com fornecimento de \u00e1gua pot\u00e1vel.&nbsp;<\/p>\n\n\n\n<h2 class=\"wp-block-heading\" id=\"Dormindo-na-universidade\">&#8216;Dormindo na universidade&#8217;<\/h2>\n\n\n\n<p>Na casa de Ana Rita Pinheiro Barcessat, 43, pesquisadora da Universidade Federal do Amap\u00e1, s\u00f3 h\u00e1 eletricidade por seis horas ao dia. O problema \u00e9 a madrugada.<\/p>\n\n\n\n<p>&#8220;Por causa do calor e dos mosquitos, a gente costuma dormir com ventilador ou ar-condicionado. Sem energia, fica praticamente imposs\u00edvel dormir. Sou privilegiada, moro num bairro central e em uma casa boa. Mas nos bairros mais pobres, as pessoas est\u00e3o sofrendo muito&#8221;, diz.<\/p>\n\n\n\n<figure class=\"wp-block-image\"><img data-recalc-dims=\"1\" decoding=\"async\" src=\"https:\/\/i0.wp.com\/ichef.bbci.co.uk\/news\/640\/cpsprodpb\/10E2F\/production\/_115376196_amapa4.jpg?w=600&#038;ssl=1\" alt=\"A pesquisadora Ana Rita Pinheiro Barcessat e sua filha\"\/><figcaption>Legenda da foto,&nbsp;A pesquisadora Ana Rita Pinheiro Barcessat, gr\u00e1vida de cinco meses, cogitou a possibilidade dormir no laborat\u00f3rio da universidade com sua filha mais velha<\/figcaption><\/figure>\n\n\n\n<p>Durante o dia, quando h\u00e1 energia, ela tem recebido amigos em casa, pessoas em busca de uma temperatura mais amena para descansar e de \u00e1gua para tomar banho.<\/p>\n\n\n\n<p>Em Macap\u00e1, boa parte das casas tem po\u00e7os artesianos para armazenar \u00e1gua. Por\u00e9m, ela \u00e9 retirada por meio de bombas, que precisam de eletricidade para funcionar.&nbsp;<\/p>\n\n\n\n<p>&#8220;Alguns colegas, professores e pesquisadores, est\u00e3o dormindo e tomando banho na universidade, onde h\u00e1 energia por causa do hospital universit\u00e1rio. Tamb\u00e9m levei um colch\u00e3o para o meu laborat\u00f3rio, caso eu precise dormir aqui&#8221;, diz Ana Rita, que est\u00e1 gr\u00e1vida de cinco meses.&nbsp;<\/p>\n\n\n\n<p>Ela conta ter cancelado as consultas odontol\u00f3gicas que d\u00e1 em outro hospital p\u00fablico de Macap\u00e1. &#8220;Se eu ligar o compressor do consult\u00f3rio, a quimioterapia do hospital desliga. \u00c9 uma situa\u00e7\u00e3o desesperadora&#8221;, diz.<\/p>\n\n\n\n<p>&#8220;O Amap\u00e1 j\u00e1 teve dois presidentes do Senado (Jos\u00e9 Sarney e o atual senador Davi Alcolumbre). Mas isso nunca se reverteu em melhorias. Como esse tipo de coisa acontece?&#8221;, questiona.<\/p>\n\n\n\n<h2 class=\"wp-block-heading\" id=\"SOSAmap\u00e1\">#SOSAmap\u00e1<\/h2>\n\n\n\n<figure class=\"wp-block-image\"><img data-recalc-dims=\"1\" decoding=\"async\" src=\"https:\/\/i0.wp.com\/ichef.bbci.co.uk\/news\/640\/cpsprodpb\/C00F\/production\/_115376194_amapa.3.jpg?w=600&#038;ssl=1\" alt=\"Daylane Barreto e um grupo de amigos se reuniram para doar \u00e1gua a moradores de regi\u00f5es mais pobres de Macap\u00e1\"\/><figcaption>Legenda da foto,&nbsp;Daylane Barreto e um grupo de amigos se reuniram para doar \u00e1gua a moradores de regi\u00f5es mais pobres de Macap\u00e1<\/figcaption><\/figure>\n\n\n\n<p>J\u00e1 a administradora Daylane Barreto, 31, reclama que o rod\u00edzio tem favorecido bairros mais ricos. &#8220;H\u00e1 comunidades de periferia onde a energia s\u00f3 chega por 2 hora ao dia, \u00e0s vezes s\u00f3 por 20 minutos&#8221;, diz.<\/p>\n\n\n\n<p>&#8220;A gente liga para os n\u00fameros de reclama\u00e7\u00e3o da empresa de energia e do governo, mas nada funciona. N\u00e3o estamos s\u00f3 \u00e0s escuras porque n\u00e3o tem eletricidade, mas tamb\u00e9m por falta de informa\u00e7\u00e3o. \u00c9 um descaso total&#8221;, afirma.<\/p>\n\n\n\n<p>Ela e um grupo de amigos diariamente levam gal\u00f5es de \u00e1gua mineral e cestas b\u00e1sicas para moradores de bairros mais pobres de Macap\u00e1, como Macapaba e Novo Horizonte, onde a energia el\u00e9trica est\u00e1 bastante inst\u00e1vel.&nbsp;<\/p>\n\n\n\n<p>Barreto tamb\u00e9m critica a cobertura da imprensa sobre o caos enfrentado pelo povo amapaense, uma reclama\u00e7\u00e3o bastante citada nas redes sociais sob a hashtag #SOSAmap\u00e1.<\/p>\n\n\n\n<p>&#8220;Se fosse no Sudeste, isso jamais estaria acontecendo. Teria plant\u00e3o 24 horas na televis\u00e3o, o dia inteiro falando do problema, influenciadores da internet cobrando uma solu\u00e7\u00e3o. O que a gente tem visto s\u00e3o reportagens de um minuto, coisa r\u00e1pida. A\u00ed volta o apresentador, falando: &#8216;agora vamos falar mais sobre as elei\u00e7\u00f5es nos Estados Unidos'&#8221;, diz.<\/p>\n\n\n\n<p>O estudante Andr\u00e9 Luiz Fonseca faz a mesma reclama\u00e7\u00e3o. &#8220;Aqui est\u00e1 todo mundo comentando sobre a resto do Brasil n\u00e3o dar a devida aten\u00e7\u00e3o pra gente. Fica todo mundo apreensivo, esperando os jornais na TV, pra ver se haver\u00e1 atualiza\u00e7\u00e3o, e nada. Muitas vezes s\u00e3o mat\u00e9rias recicladas do jornal local&#8221;, afirma, por telefone.<\/p>\n\n\n\n<p>&#8220;As pessoas esquecem que Amaz\u00f4nia n\u00e3o \u00e9 s\u00f3 floresta. S\u00e3o pessoas, animais, cidades. \u00c9 muito f\u00e1cil colocar uma hashtag para salvar a Amaz\u00f4nia, pra gerar engajamento. Se o apag\u00e3o fosse em S\u00e3o Paulo, estaria esquecido ou tendo uma como\u00e7\u00e3o nacional?&#8221;, questiona.<\/p>\n","protected":false},"excerpt":{"rendered":"<p>BBC &#8211; Nove dias ap\u00f3s o in\u00edcio do apag\u00e3o que deixou a maior parte da popula\u00e7\u00e3o do Amap\u00e1 sem energia el\u00e9trica, moradores da capital, Macap\u00e1, ainda relatam dificuldades para retomar a vida normal e reclamam de &#8220;descaso&#8221; e do &#8220;abandono&#8221; por parte dos governos, al\u00e9m de falta de visibilidade para o problema no restante do&#8230;<a class=\"more-link\" href=\"http:\/\/blogdalucianaoliveira.com.br\/blog\/2020\/11\/12\/somos-excluidos-do-pais-amapaenses-veem-descaso-nacional-por-apagao-em-meio-a-protestos-e-violencia\/\">Continue a leitura <span class=\"meta-nav\">&raquo;<\/span><\/a><\/p>\n","protected":false},"author":1,"featured_media":0,"comment_status":"closed","ping_status":"open","sticky":false,"template":"","format":"standard","meta":{"_exactmetrics_skip_tracking":false,"_exactmetrics_sitenote_active":false,"_exactmetrics_sitenote_note":"","_exactmetrics_sitenote_category":0,"jetpack_post_was_ever_published":false,"_jetpack_newsletter_access":"","_jetpack_dont_email_post_to_subs":false,"_jetpack_newsletter_tier_id":0,"_jetpack_memberships_contains_paywalled_content":false,"_jetpack_memberships_contains_paid_content":false,"footnotes":"","jetpack_publicize_message":"","jetpack_publicize_feature_enabled":true,"jetpack_social_post_already_shared":true,"jetpack_social_options":{"image_generator_settings":{"template":"highway","enabled":false},"version":2}},"categories":[1],"tags":[],"class_list":["post-29971","post","type-post","status-publish","format-standard","hentry","category-notas"],"jetpack_publicize_connections":[],"jetpack_sharing_enabled":true,"jetpack_featured_media_url":"","jetpack_shortlink":"https:\/\/wp.me\/p7wKYW-7Np","jetpack-related-posts":[],"_links":{"self":[{"href":"http:\/\/blogdalucianaoliveira.com.br\/blog\/wp-json\/wp\/v2\/posts\/29971","targetHints":{"allow":["GET"]}}],"collection":[{"href":"http:\/\/blogdalucianaoliveira.com.br\/blog\/wp-json\/wp\/v2\/posts"}],"about":[{"href":"http:\/\/blogdalucianaoliveira.com.br\/blog\/wp-json\/wp\/v2\/types\/post"}],"author":[{"embeddable":true,"href":"http:\/\/blogdalucianaoliveira.com.br\/blog\/wp-json\/wp\/v2\/users\/1"}],"replies":[{"embeddable":true,"href":"http:\/\/blogdalucianaoliveira.com.br\/blog\/wp-json\/wp\/v2\/comments?post=29971"}],"version-history":[{"count":1,"href":"http:\/\/blogdalucianaoliveira.com.br\/blog\/wp-json\/wp\/v2\/posts\/29971\/revisions"}],"predecessor-version":[{"id":29973,"href":"http:\/\/blogdalucianaoliveira.com.br\/blog\/wp-json\/wp\/v2\/posts\/29971\/revisions\/29973"}],"wp:attachment":[{"href":"http:\/\/blogdalucianaoliveira.com.br\/blog\/wp-json\/wp\/v2\/media?parent=29971"}],"wp:term":[{"taxonomy":"category","embeddable":true,"href":"http:\/\/blogdalucianaoliveira.com.br\/blog\/wp-json\/wp\/v2\/categories?post=29971"},{"taxonomy":"post_tag","embeddable":true,"href":"http:\/\/blogdalucianaoliveira.com.br\/blog\/wp-json\/wp\/v2\/tags?post=29971"}],"curies":[{"name":"wp","href":"https:\/\/api.w.org\/{rel}","templated":true}]}}