{"id":29975,"date":"2020-11-16T06:49:23","date_gmt":"2020-11-16T10:49:23","guid":{"rendered":"http:\/\/blogdalucianaoliveira.com.br\/blog\/?p=29975"},"modified":"2020-11-16T06:49:30","modified_gmt":"2020-11-16T10:49:30","slug":"indigena-e-eleito-prefeito-em-municipio-de-pernambuco","status":"publish","type":"post","link":"http:\/\/blogdalucianaoliveira.com.br\/blog\/2020\/11\/16\/indigena-e-eleito-prefeito-em-municipio-de-pernambuco\/","title":{"rendered":"Ind\u00edgena \u00e9 eleito prefeito em munic\u00edpio de Pernambuco"},"content":{"rendered":"\n<figure class=\"wp-block-image size-large\"><img data-recalc-dims=\"1\" loading=\"lazy\" decoding=\"async\" width=\"438\" height=\"233\" data-attachment-id=\"29976\" data-permalink=\"http:\/\/blogdalucianaoliveira.com.br\/blog\/2020\/11\/16\/indigena-e-eleito-prefeito-em-municipio-de-pernambuco\/bd69849b-1252-4d48-bff5-d08060c300a1\/\" data-orig-file=\"https:\/\/i0.wp.com\/blogdalucianaoliveira.com.br\/blog\/wp-content\/uploads\/2020\/11\/BD69849B-1252-4D48-BFF5-D08060C300A1.jpeg?fit=438%2C233\" data-orig-size=\"438,233\" data-comments-opened=\"0\" data-image-meta=\"{&quot;aperture&quot;:&quot;0&quot;,&quot;credit&quot;:&quot;&quot;,&quot;camera&quot;:&quot;&quot;,&quot;caption&quot;:&quot;&quot;,&quot;created_timestamp&quot;:&quot;0&quot;,&quot;copyright&quot;:&quot;&quot;,&quot;focal_length&quot;:&quot;0&quot;,&quot;iso&quot;:&quot;0&quot;,&quot;shutter_speed&quot;:&quot;0&quot;,&quot;title&quot;:&quot;&quot;,&quot;orientation&quot;:&quot;0&quot;}\" data-image-title=\"BD69849B-1252-4D48-BFF5-D08060C300A1\" data-image-description=\"\" data-image-caption=\"\" data-medium-file=\"https:\/\/i0.wp.com\/blogdalucianaoliveira.com.br\/blog\/wp-content\/uploads\/2020\/11\/BD69849B-1252-4D48-BFF5-D08060C300A1.jpeg?fit=300%2C160\" data-large-file=\"https:\/\/i0.wp.com\/blogdalucianaoliveira.com.br\/blog\/wp-content\/uploads\/2020\/11\/BD69849B-1252-4D48-BFF5-D08060C300A1.jpeg?fit=438%2C233\" src=\"https:\/\/i0.wp.com\/blogdalucianaoliveira.com.br\/blog\/wp-content\/uploads\/2020\/11\/BD69849B-1252-4D48-BFF5-D08060C300A1.jpeg?resize=438%2C233\" alt=\"\" class=\"wp-image-29976\" srcset=\"https:\/\/i0.wp.com\/blogdalucianaoliveira.com.br\/blog\/wp-content\/uploads\/2020\/11\/BD69849B-1252-4D48-BFF5-D08060C300A1.jpeg?w=438 438w, https:\/\/i0.wp.com\/blogdalucianaoliveira.com.br\/blog\/wp-content\/uploads\/2020\/11\/BD69849B-1252-4D48-BFF5-D08060C300A1.jpeg?resize=300%2C160 300w\" sizes=\"auto, (max-width: 438px) 100vw, 438px\" \/><\/figure>\n\n\n\n<p><strong>247<\/strong>\u00a0&#8211; O cacique Marquinhos Xukuru (Republicanos) foi o primeiro ind\u00edgena a ser eleito para a Prefeitura de Pesqueira, no Agreste de Pernambuco.\u00a0<\/p>\n\n\n\n<!--more-->\n\n\n\n<p>Mesmo fazendo parte de um partido da base bolsonarista, Cacique Marquinhos recebeu o apoio de lideran\u00e7as progressistas, como o senador Paulo Paim (PT-RS) e a l\u00edder ind\u00edgena S\u00f4nia Guajajara, candidata a vice na chapa de Guilherme Boulos (PSOL) na elei\u00e7\u00e3o presidencial em 2018. Marquinhos ainda publicou foto com o ex-presidente Lula nas redes.<\/p>\n\n\n\n<p>Em 2020, aumentou o n\u00famero de candidaturas ind\u00edgenas em Pernambuco, de acordo com o&nbsp;<a target=\"_blank\" rel=\"noreferrer noopener\" href=\"https:\/\/marcozero.org\/candidaturas-indigenas-crescem-e-se-espalham-por-dez-partidos-em-pernambuco\/\">site Marco Zero Conte\u00fado<\/a>. O Tribunal Superior Eleitoral (TSE) informou que 125 ind\u00edgenas inscreveram disputaram vagas para prefeito, vice-prefeito e vereador.&nbsp;<\/p>\n","protected":false},"excerpt":{"rendered":"<p>247\u00a0&#8211; O cacique Marquinhos Xukuru (Republicanos) foi o primeiro ind\u00edgena a ser eleito para a Prefeitura de Pesqueira, no Agreste de Pernambuco.\u00a0<\/p>\n","protected":false},"author":1,"featured_media":0,"comment_status":"closed","ping_status":"open","sticky":false,"template":"","format":"standard","meta":{"_exactmetrics_skip_tracking":false,"_exactmetrics_sitenote_active":false,"_exactmetrics_sitenote_note":"","_exactmetrics_sitenote_category":0,"jetpack_post_was_ever_published":false,"_jetpack_newsletter_access":"","_jetpack_dont_email_post_to_subs":false,"_jetpack_newsletter_tier_id":0,"_jetpack_memberships_contains_paywalled_content":false,"_jetpack_memberships_contains_paid_content":false,"footnotes":"","jetpack_publicize_message":"","jetpack_publicize_feature_enabled":true,"jetpack_social_post_already_shared":true,"jetpack_social_options":{"image_generator_settings":{"template":"highway","enabled":false},"version":2}},"categories":[1],"tags":[],"class_list":["post-29975","post","type-post","status-publish","format-standard","hentry","category-notas"],"jetpack_publicize_connections":[],"jetpack_sharing_enabled":true,"jetpack_featured_media_url":"","jetpack_shortlink":"https:\/\/wp.me\/p7wKYW-7Nt","jetpack-related-posts":[],"_links":{"self":[{"href":"http:\/\/blogdalucianaoliveira.com.br\/blog\/wp-json\/wp\/v2\/posts\/29975","targetHints":{"allow":["GET"]}}],"collection":[{"href":"http:\/\/blogdalucianaoliveira.com.br\/blog\/wp-json\/wp\/v2\/posts"}],"about":[{"href":"http:\/\/blogdalucianaoliveira.com.br\/blog\/wp-json\/wp\/v2\/types\/post"}],"author":[{"embeddable":true,"href":"http:\/\/blogdalucianaoliveira.com.br\/blog\/wp-json\/wp\/v2\/users\/1"}],"replies":[{"embeddable":true,"href":"http:\/\/blogdalucianaoliveira.com.br\/blog\/wp-json\/wp\/v2\/comments?post=29975"}],"version-history":[{"count":1,"href":"http:\/\/blogdalucianaoliveira.com.br\/blog\/wp-json\/wp\/v2\/posts\/29975\/revisions"}],"predecessor-version":[{"id":29977,"href":"http:\/\/blogdalucianaoliveira.com.br\/blog\/wp-json\/wp\/v2\/posts\/29975\/revisions\/29977"}],"wp:attachment":[{"href":"http:\/\/blogdalucianaoliveira.com.br\/blog\/wp-json\/wp\/v2\/media?parent=29975"}],"wp:term":[{"taxonomy":"category","embeddable":true,"href":"http:\/\/blogdalucianaoliveira.com.br\/blog\/wp-json\/wp\/v2\/categories?post=29975"},{"taxonomy":"post_tag","embeddable":true,"href":"http:\/\/blogdalucianaoliveira.com.br\/blog\/wp-json\/wp\/v2\/tags?post=29975"}],"curies":[{"name":"wp","href":"https:\/\/api.w.org\/{rel}","templated":true}]}}