{"id":29978,"date":"2020-11-16T13:31:31","date_gmt":"2020-11-16T17:31:31","guid":{"rendered":"http:\/\/blogdalucianaoliveira.com.br\/blog\/?p=29978"},"modified":"2020-11-16T13:31:40","modified_gmt":"2020-11-16T17:31:40","slug":"falsa-imagem-define-eleicao-da-capital","status":"publish","type":"post","link":"http:\/\/blogdalucianaoliveira.com.br\/blog\/2020\/11\/16\/falsa-imagem-define-eleicao-da-capital\/","title":{"rendered":"Falsa imagem define elei\u00e7\u00e3o da capital"},"content":{"rendered":"\n<figure class=\"wp-block-image size-large\"><img data-recalc-dims=\"1\" loading=\"lazy\" decoding=\"async\" width=\"600\" height=\"615\" data-attachment-id=\"29979\" data-permalink=\"http:\/\/blogdalucianaoliveira.com.br\/blog\/2020\/11\/16\/falsa-imagem-define-eleicao-da-capital\/ef78554b-d57a-4b00-a561-28feb35cd05b\/\" data-orig-file=\"https:\/\/i0.wp.com\/blogdalucianaoliveira.com.br\/blog\/wp-content\/uploads\/2020\/11\/EF78554B-D57A-4B00-A561-28FEB35CD05B.jpeg?fit=684%2C701\" data-orig-size=\"684,701\" data-comments-opened=\"0\" data-image-meta=\"{&quot;aperture&quot;:&quot;0&quot;,&quot;credit&quot;:&quot;&quot;,&quot;camera&quot;:&quot;&quot;,&quot;caption&quot;:&quot;&quot;,&quot;created_timestamp&quot;:&quot;0&quot;,&quot;copyright&quot;:&quot;&quot;,&quot;focal_length&quot;:&quot;0&quot;,&quot;iso&quot;:&quot;0&quot;,&quot;shutter_speed&quot;:&quot;0&quot;,&quot;title&quot;:&quot;&quot;,&quot;orientation&quot;:&quot;0&quot;}\" data-image-title=\"EF78554B-D57A-4B00-A561-28FEB35CD05B\" data-image-description=\"\" data-image-caption=\"\" data-medium-file=\"https:\/\/i0.wp.com\/blogdalucianaoliveira.com.br\/blog\/wp-content\/uploads\/2020\/11\/EF78554B-D57A-4B00-A561-28FEB35CD05B.jpeg?fit=293%2C300\" data-large-file=\"https:\/\/i0.wp.com\/blogdalucianaoliveira.com.br\/blog\/wp-content\/uploads\/2020\/11\/EF78554B-D57A-4B00-A561-28FEB35CD05B.jpeg?fit=600%2C615\" src=\"https:\/\/i0.wp.com\/blogdalucianaoliveira.com.br\/blog\/wp-content\/uploads\/2020\/11\/EF78554B-D57A-4B00-A561-28FEB35CD05B.jpeg?resize=600%2C615\" alt=\"\" class=\"wp-image-29979\" srcset=\"https:\/\/i0.wp.com\/blogdalucianaoliveira.com.br\/blog\/wp-content\/uploads\/2020\/11\/EF78554B-D57A-4B00-A561-28FEB35CD05B.jpeg?w=684 684w, https:\/\/i0.wp.com\/blogdalucianaoliveira.com.br\/blog\/wp-content\/uploads\/2020\/11\/EF78554B-D57A-4B00-A561-28FEB35CD05B.jpeg?resize=293%2C300 293w\" sizes=\"auto, (max-width: 600px) 100vw, 600px\" \/><\/figure>\n\n\n\n<p>Jau\u00e9ra! Perdi mais uma. <\/p>\n\n\n\n<p>Quem quiser dispute na sobra o ran\u00e7o com os eleitos, reeleitos e os que ir\u00e3o para o segundo turno. <\/p>\n\n\n\n<p>Tivesse apostado nos \u2018filtros\u2019 de discurso e imagem pra agradar o eleitorado, estaria eleita. <\/p>\n\n\n\n<p>Preferi fazer o extraordin\u00e1rio: mapear os votos conscientes da minha cidade. <\/p>\n\n\n\n<!--more-->\n\n\n\n<p>Ontem candidata, hoje jornalista que volta ao batente em paz com os votos que teve e em guerra com a realidade do eleitorado portovelhense.<br>\n&nbsp;<br>\nTiveram muito mais votos que eu alguns espertalh\u00f5es, demagogos, popularescos e de falsa moral e f\u00e9 crist\u00e3.<br>\n&nbsp;<br>\nO segundo turno que se definir\u00e1 no dia do meu anivers\u00e1rio n\u00e3o podia ser pior: Hildon Chaves ou Cristiane Lopes.<br>\n&nbsp;<br>\nComo escolher entre prefeito e vereadora que cumpriram muito mal seus mandatos?<br>\n&nbsp;<br>\nEle prop\u00f4s o que era ruim e ela deu voto favor\u00e1vel alegando n\u00e3o ter tido tempo pra ler.<br>\n&nbsp;<br>\n\u00c9 o triunfo da insensatez que a tal maioria do eleitorado nos for\u00e7a \u00e0 escolha.<br>\n&nbsp;<br>\nMeu voto ser\u00e1 em branco, sem impureza, como a consci\u00eancia que quero ter nos pr\u00f3ximos quatro anos. Vou manifestar minha vontade de dizer n\u00e3o aos dois.<br>\n&nbsp;<br>\nVin\u00edcius Miguel, o que mais investiu no discurso de renova\u00e7\u00e3o de postura e gest\u00e3o, perdeu para a conservadorona que usa maquiagem pesada e pior, colou em Breno Mendes, o \u2018sem coment\u00e1rios\u2019 por apelar ridiculamente e falsamente \u00e0s causas e sentimentos populares.<br>\n&nbsp;<br>\nPra l\u00e1 de bom, s\u00f3 Ramon. Ele teve quase 1500 votos \u00e0 frente do raivoso bolsonarista Eyder Brasil.<br>\n&nbsp;<br>\nE a C\u00e2mara de Vereadores, o que dizer?<br>\n&nbsp;<br>\nBom retorno aos que j\u00e1 fizeram vergonha por a\u00e7\u00e3o ou omiss\u00e3o!<br>\n&nbsp;<br>\nBem-vindos os desconhecidos estranhamente eleitos e os vereadores de grupos, n\u00e3o da sociedade como um todo! Eles seguir\u00e3o prestando contas s\u00f3 \u00e0s suas bases eleitorais. <br>\n&nbsp;<br>\nO que devo chamar de desgra\u00e7a \u00e9 o encolhimento da representa\u00e7\u00e3o feminina na C\u00e2mara.<br>\n&nbsp;<br>\nDe quatro, ca\u00edmos pra duas vereadoras. Uma delas \u00e9 mais do mesmo por ter forte base eleitoral e n\u00e3o ampla e vis\u00edvel atua\u00e7\u00e3o legislativa.<br>\n&nbsp;<br>\nForam milhares de milhares de votos de mulheres para homens. Triste demais.<br>\n&nbsp;<br>\nN\u00e3o \u00e9 f\u00e1cil engolir os resultados das elei\u00e7\u00f5es, mas temos que aceitar o \u2018vale tudo\u2019 e o \u2018vale a pena ver de novo\u2019 por for\u00e7a das urnas, ainda que a democracia tenha a cara exageradamente maquiada da Cristiane Lopes.<br>\n&nbsp;<br>\nAceitar sim. Me acomodar, jamais!<br>\n&nbsp;<br>\nComo guerreira, beradeira, portadora de emputecimento e esperan\u00e7amento cr\u00f4nicos, vou bater a poeira e seguir na luta pelos que me deram e os que n\u00e3o me deram votos de confian\u00e7a.<br>\n&nbsp;<br>\nMinha candidatura foi um ato de rebeldia, como pediu Pe. J\u00falio Lancellotti.<br>\n&nbsp;<br>\nE meus votos tamb\u00e9m.<br>\n&nbsp;<br>\nVoc\u00eas poder\u00e3o ver alguns escolhidos neste domingo metidos em esc\u00e2ndalos, omiss\u00f5es e maldades contra o povo.<br>\n&nbsp;<br>\nSer\u00e3o muitos os culpados. Nenhum ter\u00e1 sido meu eleitor ou eleitora.<br>\n&nbsp;<br>\nDeixo a todos e todas uma mensagem do Pe. J\u00falio em refer\u00eancia a texto de Darci Ribeiro:<br>\n&nbsp;<br>\n\u201cO meu lado ser\u00e1 sempre com os pobres, os fracos e os pequenos, os povos origin\u00e1rios, os \u00edndios, a comunidade LGBT, o povo da rua. Estou muito feliz, porque n\u00e3o estou do lado de quem venceu. Estamos do lado da luta, dos que v\u00e3o continuar lutando. Porque \u00e9 imperativo lutar pela vida, pela dignidade da vida\u201d.<br>\n&nbsp;<br>\nMe rendo \u00e9 nunca!<\/p>\n\n\n\n<p>Sigamos com a alegria da luta.<\/p>\n\n\n\n<p>N\u00e3o me ofereci com imagem falsa.<\/p>\n","protected":false},"excerpt":{"rendered":"<p>Jau\u00e9ra! Perdi mais uma. Quem quiser dispute na sobra o ran\u00e7o com os eleitos, reeleitos e os que ir\u00e3o para o segundo turno. Tivesse apostado nos \u2018filtros\u2019 de discurso e imagem pra agradar o eleitorado, estaria eleita. Preferi fazer o extraordin\u00e1rio: mapear os votos conscientes da minha cidade.<\/p>\n","protected":false},"author":1,"featured_media":0,"comment_status":"closed","ping_status":"open","sticky":false,"template":"","format":"standard","meta":{"_exactmetrics_skip_tracking":false,"_exactmetrics_sitenote_active":false,"_exactmetrics_sitenote_note":"","_exactmetrics_sitenote_category":0,"jetpack_post_was_ever_published":false,"_jetpack_newsletter_access":"","_jetpack_dont_email_post_to_subs":false,"_jetpack_newsletter_tier_id":0,"_jetpack_memberships_contains_paywalled_content":false,"_jetpack_memberships_contains_paid_content":false,"footnotes":"","jetpack_publicize_message":"","jetpack_publicize_feature_enabled":true,"jetpack_social_post_already_shared":true,"jetpack_social_options":{"image_generator_settings":{"template":"highway","enabled":false},"version":2}},"categories":[1],"tags":[],"class_list":["post-29978","post","type-post","status-publish","format-standard","hentry","category-notas"],"jetpack_publicize_connections":[],"jetpack_sharing_enabled":true,"jetpack_featured_media_url":"","jetpack_shortlink":"https:\/\/wp.me\/p7wKYW-7Nw","jetpack-related-posts":[],"_links":{"self":[{"href":"http:\/\/blogdalucianaoliveira.com.br\/blog\/wp-json\/wp\/v2\/posts\/29978","targetHints":{"allow":["GET"]}}],"collection":[{"href":"http:\/\/blogdalucianaoliveira.com.br\/blog\/wp-json\/wp\/v2\/posts"}],"about":[{"href":"http:\/\/blogdalucianaoliveira.com.br\/blog\/wp-json\/wp\/v2\/types\/post"}],"author":[{"embeddable":true,"href":"http:\/\/blogdalucianaoliveira.com.br\/blog\/wp-json\/wp\/v2\/users\/1"}],"replies":[{"embeddable":true,"href":"http:\/\/blogdalucianaoliveira.com.br\/blog\/wp-json\/wp\/v2\/comments?post=29978"}],"version-history":[{"count":1,"href":"http:\/\/blogdalucianaoliveira.com.br\/blog\/wp-json\/wp\/v2\/posts\/29978\/revisions"}],"predecessor-version":[{"id":29980,"href":"http:\/\/blogdalucianaoliveira.com.br\/blog\/wp-json\/wp\/v2\/posts\/29978\/revisions\/29980"}],"wp:attachment":[{"href":"http:\/\/blogdalucianaoliveira.com.br\/blog\/wp-json\/wp\/v2\/media?parent=29978"}],"wp:term":[{"taxonomy":"category","embeddable":true,"href":"http:\/\/blogdalucianaoliveira.com.br\/blog\/wp-json\/wp\/v2\/categories?post=29978"},{"taxonomy":"post_tag","embeddable":true,"href":"http:\/\/blogdalucianaoliveira.com.br\/blog\/wp-json\/wp\/v2\/tags?post=29978"}],"curies":[{"name":"wp","href":"https:\/\/api.w.org\/{rel}","templated":true}]}}