{"id":29981,"date":"2020-11-16T19:57:07","date_gmt":"2020-11-16T23:57:07","guid":{"rendered":"http:\/\/blogdalucianaoliveira.com.br\/blog\/?p=29981"},"modified":"2020-11-16T19:57:16","modified_gmt":"2020-11-16T23:57:16","slug":"vereadoras-negras-e-trans-estao-entre-as-candidaturas-mais-votadas-em-13-capitais","status":"publish","type":"post","link":"http:\/\/blogdalucianaoliveira.com.br\/blog\/2020\/11\/16\/vereadoras-negras-e-trans-estao-entre-as-candidaturas-mais-votadas-em-13-capitais\/","title":{"rendered":"Vereadoras negras e trans est\u00e3o entre as candidaturas mais votadas em 13 capitais"},"content":{"rendered":"\n<figure class=\"wp-block-image size-large\"><img data-recalc-dims=\"1\" loading=\"lazy\" decoding=\"async\" width=\"600\" height=\"400\" data-attachment-id=\"29982\" data-permalink=\"http:\/\/blogdalucianaoliveira.com.br\/blog\/2020\/11\/16\/vereadoras-negras-e-trans-estao-entre-as-candidaturas-mais-votadas-em-13-capitais\/c48fe7b0-be67-4291-bf94-6b72b6ebaab0\/\" data-orig-file=\"https:\/\/i0.wp.com\/blogdalucianaoliveira.com.br\/blog\/wp-content\/uploads\/2020\/11\/C48FE7B0-BE67-4291-BF94-6B72B6EBAAB0.jpeg?fit=800%2C533\" data-orig-size=\"800,533\" data-comments-opened=\"0\" data-image-meta=\"{&quot;aperture&quot;:&quot;0&quot;,&quot;credit&quot;:&quot;&quot;,&quot;camera&quot;:&quot;&quot;,&quot;caption&quot;:&quot;&quot;,&quot;created_timestamp&quot;:&quot;0&quot;,&quot;copyright&quot;:&quot;&quot;,&quot;focal_length&quot;:&quot;0&quot;,&quot;iso&quot;:&quot;0&quot;,&quot;shutter_speed&quot;:&quot;0&quot;,&quot;title&quot;:&quot;&quot;,&quot;orientation&quot;:&quot;0&quot;}\" data-image-title=\"C48FE7B0-BE67-4291-BF94-6B72B6EBAAB0\" data-image-description=\"\" data-image-caption=\"\" data-medium-file=\"https:\/\/i0.wp.com\/blogdalucianaoliveira.com.br\/blog\/wp-content\/uploads\/2020\/11\/C48FE7B0-BE67-4291-BF94-6B72B6EBAAB0.jpeg?fit=300%2C200\" data-large-file=\"https:\/\/i0.wp.com\/blogdalucianaoliveira.com.br\/blog\/wp-content\/uploads\/2020\/11\/C48FE7B0-BE67-4291-BF94-6B72B6EBAAB0.jpeg?fit=600%2C400\" src=\"https:\/\/i0.wp.com\/blogdalucianaoliveira.com.br\/blog\/wp-content\/uploads\/2020\/11\/C48FE7B0-BE67-4291-BF94-6B72B6EBAAB0.jpeg?resize=600%2C400\" alt=\"\" class=\"wp-image-29982\" srcset=\"https:\/\/i0.wp.com\/blogdalucianaoliveira.com.br\/blog\/wp-content\/uploads\/2020\/11\/C48FE7B0-BE67-4291-BF94-6B72B6EBAAB0.jpeg?w=800 800w, https:\/\/i0.wp.com\/blogdalucianaoliveira.com.br\/blog\/wp-content\/uploads\/2020\/11\/C48FE7B0-BE67-4291-BF94-6B72B6EBAAB0.jpeg?resize=300%2C200 300w, https:\/\/i0.wp.com\/blogdalucianaoliveira.com.br\/blog\/wp-content\/uploads\/2020\/11\/C48FE7B0-BE67-4291-BF94-6B72B6EBAAB0.jpeg?resize=768%2C512 768w, https:\/\/i0.wp.com\/blogdalucianaoliveira.com.br\/blog\/wp-content\/uploads\/2020\/11\/C48FE7B0-BE67-4291-BF94-6B72B6EBAAB0.jpeg?resize=450%2C300 450w\" sizes=\"auto, (max-width: 600px) 100vw, 600px\" \/><\/figure>\n\n\n\n<h4 class=\"wp-block-heading\">Candidatas foram eleitas neste domingo (15) em grandes cidades do pa\u00eds; confira quem s\u00e3o elas<\/h4>\n\n\n\n<!--more-->\n\n\n\n<p>Lu Sudr\u00e9 &#8211; Brasil de Fato | S\u00e3o Paulo (SP)\u00a0<\/p>\n\n\n\n<p>O primeiro turno das elei\u00e7\u00f5es municipais deste ano se encerrou anunciando um 2021 um pouco mais diverso e representativo nas casas legislativas.<\/p>\n\n\n\n<p>Segundo levantamento feito pelo&nbsp;<strong>Brasil de Fato<\/strong>, treze mulheres negras e&nbsp;<a href=\"https:\/\/www.brasildefato.com.br\/2020\/11\/15\/mulheres-trans-lideram-disputa-para-vereadora-em-aracaju-e-belo-horizonte\" target=\"_blank\" rel=\"noreferrer noopener\">tr\u00eas mulheres transexuais<\/a>&nbsp;est\u00e3o entre as dez candidaturas mais votadas em grandes capitais do Brasil. Eleita para a C\u00e2mara Municipal de S\u00e3o Paulo,&nbsp;Erika Hilton \u00e9 a \u00fanica que aparece nas duas contagens por ser negra e mulher trans.&nbsp;<\/p>\n\n\n\n<p>Em rela\u00e7\u00e3o a g\u00eanero e ra\u00e7a, na regi\u00e3o sul do pa\u00eds, em Porto Alegre (RS) a agora vereadora&nbsp;<a href=\"https:\/\/twitter.com\/resistanega?ref_src=twsrc%5Egoogle%7Ctwcamp%5Eserp%7Ctwgr%5Eauthor\" target=\"_blank\" rel=\"noreferrer noopener\">Karen Santos (PSOL )<\/a>&nbsp;foi a mais votada da capital ga\u00facha com 15.702 votos. O mesmo aconteceu em Recife (PE), onde Dani Portela, da mesma sigla, angariou 14.114 votos, sendo a mais votada na cidade.<\/p>\n\n\n\n<p>Porto Alegre elegeu ainda Laura Sito (PT), a d\u00e9cima vereadora com mais votos. Em Curitiba, Carol Dartora, tamb\u00e9m do PT, foi a terceira mais votada com 8.874 votos depositados nas urnas.&nbsp;<\/p>\n\n\n\n<p><strong><a href=\"https:\/\/www.brasildefato.com.br\/2020\/11\/16\/mulheres-59-disputaram-as-capitais-uma-venceu-no-1-turno-e-somente-5-avancaram%C2%A0\" target=\"_blank\" rel=\"noreferrer noopener\">::&nbsp;Mulheres: 59 disputaram as capitais; uma venceu no 1\u00ba turno e somente 5 avan\u00e7aram ::&nbsp;<\/a><\/strong><br>&nbsp;<br>J\u00e1 em Vit\u00f3ria, no Esp\u00edrito Santo, outras duas mulheres negras est\u00e3o entre as 10 candidaturas mais votados na cidade: Camila Valad\u00e3o (PSOL), na segunda posi\u00e7\u00e3o com 5.625 votos e Karla Coser (PT), s\u00e9tima colocada com 1.961 votos.&nbsp;<br>&nbsp;<br>No Rio de Janeiro, Tain\u00e1 de Paula (PT) foi eleita com 24.881 votos e ocupa a nona posi\u00e7\u00e3o entre as mais votadas na cidade carioca.<\/p>\n\n\n\n<p>Em Cuiab\u00e1 (MT), as mulheres negras ser\u00e3o representadas por Edna Sampaio (PT), a oitava candidata mais votada, com 2.902 votos.&nbsp;<\/p>\n\n\n\n<p>Aquela que pode ser considerada uma onda antirracista e feminista tamb\u00e9m chegou na regi\u00e3o Norte do Brasil. Em Bel\u00e9m, no Par\u00e1, a candidata&nbsp;<a href=\"https:\/\/www.brasildefato.com.br\/2020\/11\/16\/mulher-preta-amazonica-vivi-reis-e-a-5-vereadora-mais-votada-de-belem-no-para\" target=\"_blank\" rel=\"noreferrer noopener\">Vivi Reis<\/a>&nbsp;foi&nbsp;a quinta candidatura mais votada. Ela recebeu 9.654 votos na cidade.<\/p>\n\n\n\n<p><strong><a href=\"https:\/\/www.brasildefato.com.br\/2020\/11\/16\/mulher-preta-amazonica-vivi-reis-e-a-5-vereadora-mais-votada-de-belem-no-para\" target=\"_blank\" rel=\"noreferrer noopener\">:: Mulher, preta, amaz\u00f4nica: Vivi Reis \u00e9 a 5\u00aa vereadora mais votada de Bel\u00e9m, no Par\u00e1 ::<\/a><\/strong><\/p>\n\n\n\n<p>No Rio Grande do Norte, em Natal, a candidata Divaneide (PT) foi a segunda mais votada, sendo escolhida por 5.966 cidad\u00e3os.&nbsp;<\/p>\n\n\n\n<p>Na regi\u00e3o Nordeste, em Macei\u00f3, (AL), a \u00fanica mulher negra entre os dez vereadores mais votados foi F\u00e1tima Santiago (PP), que eleita com 5.577 votos, ocupa a nona posi\u00e7\u00e3o. J\u00e1 em Salvador, na Bahia, Ireuda Silva (Republicanos) foi a 4\u00aa candidata mais votada, com 12.098 votos.&nbsp;<\/p>\n\n\n\n<p>Diversidade<\/p>\n\n\n\n<p>Em uma elei\u00e7\u00e3o hist\u00f3rica para a popula\u00e7\u00e3o LGBTQI+, duas mulheres trans est\u00e3o entre as candidatas mais votadas em suas cidades.<\/p>\n\n\n\n<p>A<a href=\"https:\/\/pt.wikipedia.org\/wiki\/Duda_Salabert\" target=\"_blank\" rel=\"noreferrer noopener\">&nbsp;Professora Duda Salabert (PDT<\/a>) foi a vereadora mais votada em Belo Horizonte (MG) com 37.613 votos, e, em Aracaju (SE) Linda Brasil (PSOL) tamb\u00e9m ficou em primeiro lugar e foi a candidata mais votada com 5.773 votos.&nbsp;<\/p>\n\n\n\n<p>J\u00e1 em S\u00e3o Paulo,&nbsp;<a href=\"https:\/\/www.brasildefato.com.br\/2020\/01\/28\/parlamentares-trans-completam-um-ano-de-mandato-deputados-fingem-que-nos-toleram\" target=\"_blank\" rel=\"noreferrer noopener\">Erika Hilton<\/a>, mulher trans e negra, foi a 6\u00ba candidata mais votada, com 50.477 votos. Os homens trans tamb\u00e9m ser\u00e3o representados por Thammy Miranda na capital paulista, nono candidato com mais votos. &nbsp;<\/p>\n\n\n\n<p><strong><a href=\"https:\/\/www.brasildefato.com.br\/2020\/11\/13\/eleicao-de-kamala-harris-no-eua-e-importante-mas-nao-e-salvacao-diz-rosane-borges\" target=\"_blank\" rel=\"noreferrer noopener\">::&nbsp;Elei\u00e7\u00e3o de Kamala Harris nos EUA \u00e9 importante, &#8220;mas n\u00e3o salva\u00e7\u00e3o&#8221;, diz Rosane Borges ::&nbsp;<\/a><\/strong><\/p>\n\n\n\n<p>Por outro lado, nas outras 12 capitais (Rio Branco, Manaus, Fortaleza, Goi\u00e2nia, S\u00e3o Luiz, Campo Grande, Jo\u00e3o Pessoa, Teresina, Porto Velho, Roraima, Florian\u00f3polis e Palmas) nenhuma mulher negra ou trans est\u00e1 entre as dez candidaturas mais votadas.&nbsp;<\/p>\n\n\n\n<p>Edi\u00e7\u00e3o: Leandro Melito<\/p>\n","protected":false},"excerpt":{"rendered":"<p>Candidatas foram eleitas neste domingo (15) em grandes cidades do pa\u00eds; confira quem s\u00e3o elas<\/p>\n","protected":false},"author":1,"featured_media":0,"comment_status":"closed","ping_status":"open","sticky":false,"template":"","format":"standard","meta":{"_exactmetrics_skip_tracking":false,"_exactmetrics_sitenote_active":false,"_exactmetrics_sitenote_note":"","_exactmetrics_sitenote_category":0,"jetpack_post_was_ever_published":false,"_jetpack_newsletter_access":"","_jetpack_dont_email_post_to_subs":false,"_jetpack_newsletter_tier_id":0,"_jetpack_memberships_contains_paywalled_content":false,"_jetpack_memberships_contains_paid_content":false,"footnotes":"","jetpack_publicize_message":"","jetpack_publicize_feature_enabled":true,"jetpack_social_post_already_shared":true,"jetpack_social_options":{"image_generator_settings":{"template":"highway","enabled":false},"version":2}},"categories":[1],"tags":[],"class_list":["post-29981","post","type-post","status-publish","format-standard","hentry","category-notas"],"jetpack_publicize_connections":[],"jetpack_sharing_enabled":true,"jetpack_featured_media_url":"","jetpack_shortlink":"https:\/\/wp.me\/p7wKYW-7Nz","jetpack-related-posts":[],"_links":{"self":[{"href":"http:\/\/blogdalucianaoliveira.com.br\/blog\/wp-json\/wp\/v2\/posts\/29981","targetHints":{"allow":["GET"]}}],"collection":[{"href":"http:\/\/blogdalucianaoliveira.com.br\/blog\/wp-json\/wp\/v2\/posts"}],"about":[{"href":"http:\/\/blogdalucianaoliveira.com.br\/blog\/wp-json\/wp\/v2\/types\/post"}],"author":[{"embeddable":true,"href":"http:\/\/blogdalucianaoliveira.com.br\/blog\/wp-json\/wp\/v2\/users\/1"}],"replies":[{"embeddable":true,"href":"http:\/\/blogdalucianaoliveira.com.br\/blog\/wp-json\/wp\/v2\/comments?post=29981"}],"version-history":[{"count":1,"href":"http:\/\/blogdalucianaoliveira.com.br\/blog\/wp-json\/wp\/v2\/posts\/29981\/revisions"}],"predecessor-version":[{"id":29983,"href":"http:\/\/blogdalucianaoliveira.com.br\/blog\/wp-json\/wp\/v2\/posts\/29981\/revisions\/29983"}],"wp:attachment":[{"href":"http:\/\/blogdalucianaoliveira.com.br\/blog\/wp-json\/wp\/v2\/media?parent=29981"}],"wp:term":[{"taxonomy":"category","embeddable":true,"href":"http:\/\/blogdalucianaoliveira.com.br\/blog\/wp-json\/wp\/v2\/categories?post=29981"},{"taxonomy":"post_tag","embeddable":true,"href":"http:\/\/blogdalucianaoliveira.com.br\/blog\/wp-json\/wp\/v2\/tags?post=29981"}],"curies":[{"name":"wp","href":"https:\/\/api.w.org\/{rel}","templated":true}]}}