{"id":29985,"date":"2020-11-16T20:07:09","date_gmt":"2020-11-17T00:07:09","guid":{"rendered":"http:\/\/blogdalucianaoliveira.com.br\/blog\/?p=29985"},"modified":"2020-11-16T20:07:18","modified_gmt":"2020-11-17T00:07:18","slug":"policiais-e-militares-elegeram-50-prefeitos-e-807-vereadores","status":"publish","type":"post","link":"http:\/\/blogdalucianaoliveira.com.br\/blog\/2020\/11\/16\/policiais-e-militares-elegeram-50-prefeitos-e-807-vereadores\/","title":{"rendered":"POLICIAIS E MILITARES ELEGERAM 50 PREFEITOS E 807 VEREADORES"},"content":{"rendered":"\n<figure class=\"wp-block-image size-large\"><img loading=\"lazy\" decoding=\"async\" width=\"1200\" height=\"800\" data-attachment-id=\"29986\" data-permalink=\"http:\/\/blogdalucianaoliveira.com.br\/blog\/2020\/11\/16\/policiais-e-militares-elegeram-50-prefeitos-e-807-vereadores\/63e847d9-7b7b-4a4d-8bce-ae1ed2ae0d61\/\" data-orig-file=\"https:\/\/i0.wp.com\/blogdalucianaoliveira.com.br\/blog\/wp-content\/uploads\/2020\/11\/63E847D9-7B7B-4A4D-8BCE-AE1ED2AE0D61.jpeg?fit=1200%2C800\" data-orig-size=\"1200,800\" data-comments-opened=\"0\" data-image-meta=\"{&quot;aperture&quot;:&quot;0&quot;,&quot;credit&quot;:&quot;&quot;,&quot;camera&quot;:&quot;&quot;,&quot;caption&quot;:&quot;&quot;,&quot;created_timestamp&quot;:&quot;0&quot;,&quot;copyright&quot;:&quot;&quot;,&quot;focal_length&quot;:&quot;0&quot;,&quot;iso&quot;:&quot;0&quot;,&quot;shutter_speed&quot;:&quot;0&quot;,&quot;title&quot;:&quot;&quot;,&quot;orientation&quot;:&quot;0&quot;}\" data-image-title=\"63E847D9-7B7B-4A4D-8BCE-AE1ED2AE0D61\" data-image-description=\"\" data-image-caption=\"\" data-medium-file=\"https:\/\/i0.wp.com\/blogdalucianaoliveira.com.br\/blog\/wp-content\/uploads\/2020\/11\/63E847D9-7B7B-4A4D-8BCE-AE1ED2AE0D61.jpeg?fit=300%2C200\" data-large-file=\"https:\/\/i0.wp.com\/blogdalucianaoliveira.com.br\/blog\/wp-content\/uploads\/2020\/11\/63E847D9-7B7B-4A4D-8BCE-AE1ED2AE0D61.jpeg?fit=600%2C400\" src=\"https:\/\/i0.wp.com\/blogdalucianaoliveira.com.br\/blog\/wp-content\/uploads\/2020\/11\/63E847D9-7B7B-4A4D-8BCE-AE1ED2AE0D61.jpeg?fit=600%2C400\" alt=\"\" class=\"wp-image-29986\" srcset=\"https:\/\/i0.wp.com\/blogdalucianaoliveira.com.br\/blog\/wp-content\/uploads\/2020\/11\/63E847D9-7B7B-4A4D-8BCE-AE1ED2AE0D61.jpeg?w=1200 1200w, https:\/\/i0.wp.com\/blogdalucianaoliveira.com.br\/blog\/wp-content\/uploads\/2020\/11\/63E847D9-7B7B-4A4D-8BCE-AE1ED2AE0D61.jpeg?resize=300%2C200 300w, https:\/\/i0.wp.com\/blogdalucianaoliveira.com.br\/blog\/wp-content\/uploads\/2020\/11\/63E847D9-7B7B-4A4D-8BCE-AE1ED2AE0D61.jpeg?resize=1024%2C683 1024w, https:\/\/i0.wp.com\/blogdalucianaoliveira.com.br\/blog\/wp-content\/uploads\/2020\/11\/63E847D9-7B7B-4A4D-8BCE-AE1ED2AE0D61.jpeg?resize=768%2C512 768w, https:\/\/i0.wp.com\/blogdalucianaoliveira.com.br\/blog\/wp-content\/uploads\/2020\/11\/63E847D9-7B7B-4A4D-8BCE-AE1ED2AE0D61.jpeg?resize=450%2C300 450w\" sizes=\"auto, (max-width: 600px) 100vw, 600px\" \/><\/figure>\n\n\n\n<h4 class=\"wp-block-heading\">De cada dez profissionais de seguran\u00e7a que se candidataram, um foi eleito; tr\u00eas capitais ter\u00e3o delegados e um capit\u00e3o disputando o segundo turno&nbsp;<\/h4>\n\n\n\n<!--more-->\n\n\n\n<p><strong>RENATO S\u00c9RGIO DE LIMA<\/strong>, Revista Piau\u00ed <\/p>\n\n\n\n<p><strong>N<\/strong>estas elei\u00e7\u00f5es, os policiais n\u00e3o podem reclamar da for\u00e7a que adquiriram. Dados do Tribunal Superior Eleitoral tabulados pela empresa ASK-AR a pedido da\u00a0<strong>piau\u00ed<\/strong>\u00a0mostram que foram eleitos 50 prefeitos e 807 vereadores oriundos da \u00e1rea de seguran\u00e7a. Dos cerca de 8 mil profissionais ligados \u00e0s for\u00e7as de seguran\u00e7a (pol\u00edcias e For\u00e7as Armadas) que se lan\u00e7aram candidatos em 2020, cerca de 10,2% foram eleitos. Foram consideradas como candidaturas policiais e das for\u00e7as de seguran\u00e7a todas aquelas cujos titulares declararam como profiss\u00e3o bombeiro militar, membro das For\u00e7as Armadas, militar reformado, policial civil, policial militar ou nome na urna de cunho militar.<\/p>\n\n\n\n<p>Conseguir 10% de sucesso nas candidaturas \u00e9 um percentual alto para um tipo de carreira espec\u00edfico. Indica que os policiais que enveredam para a pol\u00edtica partid\u00e1ria consolidaram um espa\u00e7o pol\u00edtico significativo e que n\u00e3o pode ser visto apenas como fruto do cen\u00e1rio de medo, viol\u00eancia e crime do pa\u00eds. Os resultados das elei\u00e7\u00f5es deste ano mostram que, se por um lado o direito de participa\u00e7\u00e3o de policiais na pol\u00edtica, assegurado pela Constitui\u00e7\u00e3o de 1988, est\u00e1 garantido e precisa ser respeitado, por outro lado a baixa governan\u00e7a da forma como esse direito \u00e9 exercido pode provocar privil\u00e9gios e precisa ser repensada.&nbsp;<\/p>\n\n\n\n<p>Em um exemplo pr\u00e1tico, um policial que deseja ser candidato deveria se desincompatibilizar de sua fun\u00e7\u00e3o nos mesmos prazos e condi\u00e7\u00f5es de qualquer outro servidor p\u00fablico, em abril do ano da elei\u00e7\u00e3o. Contudo, em um privil\u00e9gio inoportuno, os policiais podem aguardar a confirma\u00e7\u00e3o dos seus nomes pelas conven\u00e7\u00f5es partid\u00e1rias, por volta do m\u00eas de agosto de um ano eleitoral, para se afastar e concorrer ao cargo pretendido. S\u00e3o ao menos quatro meses de vantagem sobre os demais servidores p\u00fablicos, nos quais a popula\u00e7\u00e3o continuar\u00e1 associando suas imagens \u00e0s suas respectivas corpora\u00e7\u00f5es.<\/p>\n\n\n\n<p>Ou seja, nenhuma outra carreira p\u00fablica trabalha com limites t\u00e3o fluidos e que viabilizam uma taxa de sucesso eleitoral t\u00e3o significativa. Mas essa taxa n\u00e3o \u00e9 igual em todos os estados e, em alguns, ela \u00e9 ainda maior. Ainda segundo os dados da\u00a0<strong>piau\u00ed<\/strong>, do total de policiais candidatos aos cargos de vereadores no estado de Mato Grosso, 21,5% deles foram eleitos. Naquele estado, 1 em cada 5 candidatos policiais ao cargo de vereador conseguiu se eleger \u2013 a capital, Cuiab\u00e1, elegeu tr\u00eas policiais militares para vereador. Outros doze estados elegeram, proporcionalmente, mais policiais do que a m\u00e9dia de 10,2% anteriormente mencionada. Entre eles, vale destacar Alagoas, com 18,5%; a Para\u00edba, com 14,7%; e o Rio Grande do Norte, com 14,4%.<\/p>\n\n\n\n<p>No Amazonas s\u00f3 3,4% dos policiais candidatos ao cargo de vereador conseguiram se eleger. No Rio de Janeiro, esse percentual \u00e9 de 5,4%. E, em S\u00e3o Paulo, de 8,2% \u2013 na capital, S\u00e3o Paulo, nenhum policial militar foi eleito vereador. No Cear\u00e1, palco do motim dos policiais militares em fevereiro deste ano, 9,4% dos policiais candidatos se elegeram \u2013 Sobral, local do confronto entre policiais amotinados e o senador Cid Gomes, que avan\u00e7ou sobre o quartel da PM com uma retroescavadeira, n\u00e3o elegeu nenhum policial.<\/p>\n\n\n\n<p>Entre os partidos, o MDB elegeu 19,8% dos policiais que se candidataram a vereador pela legenda (18,6 se somados todos os cargos), seguido pelo PP, com 18,5%, e pelo PSD, com 17%, em um sinal de que a centro-direita conseguiu um desempenho muito superior aos partidos de direita. O Republicanos, que abriga os filhos do presidente Jair Bolsonaro e \u00e9 tido como bra\u00e7o auxiliar da Igreja Universal, elegeu apenas 8,5% dos policiais candidatos a vereador que nele encontraram abrigo. E esse percentual \u00e9 inferior \u00e0quele obtido pelo PT, que elegeu 9,7% dos policiais que se candidataram aos cargos de vereador pela agremia\u00e7\u00e3o. Quem mais perdeu foi o PSL, que s\u00f3 conseguiu eleger 7,5% dos policiais que se candidataram pelo partido este ano.<\/p>\n\n\n\n<p>Diante desses percentuais, uma mudan\u00e7a importante ajuda a entender tal movimento: em 2018, de acordo com o Anu\u00e1rio Brasileiro de Seguran\u00e7a P\u00fablica, 77,7% dos policiais candidatos estavam em partidos de direita e ultradireita. Em 2020, s\u00f3 57,5% dos policiais sa\u00edram candidatos por tais partidos. Os partidos de centro-direita, que tinham perdido espa\u00e7o em 2018, ganharam quase toda essa diferen\u00e7a e lan\u00e7aram 30,2% dos policiais candidatos.&nbsp;Uma das explica\u00e7\u00f5es \u00e9 o pragmatismo dos policiais para aproveitarem a for\u00e7a da estrutura partid\u00e1ria. O MDB, por exemplo, lan\u00e7ou 40,8 mil candidatos a vereador no pa\u00eds e elegeu 7.320 (17,9%), propor\u00e7\u00e3o um pouco menor que a observada entre os policiais candidatos da legenda.&nbsp;<\/p>\n\n\n\n<p>Para o cargo de prefeito, \u00e9 destaque o fato de que dois delegados, sendo uma mulher, est\u00e3o no segundo turno em capitais: o Delegado Eguchi, em Bel\u00e9m, e a Delegada Danielle, em Aracaju. O Capit\u00e3o Wagner est\u00e1 na disputa em Fortaleza. A Major Denice, em Salvador, ficou em segundo lugar, mas naquela cidade o primeiro colocado venceu em primeiro turno. Com exce\u00e7\u00e3o desta \u00faltima, filiada ao PT, os tr\u00eas nomes anteriores flertaram com o bolsonarismo em algum momento das suas campanhas, mesmo que modulando o discurso ora em dire\u00e7\u00e3o do combate \u00e0 corrup\u00e7\u00e3o defendido pelo ex-ministro Sergio Moro, ora pelo discurso de ordem conservadora mais associado ao presidente Bolsonaro.<\/p>\n\n\n\n<p><strong>P<\/strong>or falar em Sergio Moro, os dados gerais aqui analisados ajudam na compreens\u00e3o das raz\u00f5es do retrofit de imagem que ele est\u00e1 tentando emplacar a partir da divulga\u00e7\u00e3o do seu encontro com Luciano Huck. Para manter la\u00e7os e v\u00ednculos com o universo policial, Moro precisa seguir a tend\u00eancia dos policiais em 2020 de caminharem para o centro, at\u00e9 como forma de se descolar dos bolsonaristas radicais. Sem o apoio de policiais do Centr\u00e3o, Moro ter\u00e1 grandes dificuldades para conseguir se viabilizar como um dos nomes estrat\u00e9gicos de 2022 \u2013 vale observarmos como ser\u00e1 o di\u00e1logo de Sergio Moro com o Capit\u00e3o Augusto, do PP, l\u00edder da chamada Bancada da Bala na C\u00e2mara dos Deputados, que deve se lan\u00e7ar candidato \u00e0 presid\u00eancia da C\u00e2mara no lugar de Rodrigo Maia, do DEM.&nbsp;<\/p>\n\n\n\n<p>Em um balan\u00e7o geral, para al\u00e9m de Sergio Moro, o PSL deixou de ser o porto seguro dos policiais candidatos, do presidente Jair Bolsonaro e das Pol\u00edcias Militares \u2013 cujos representantes tiveram menos sucesso proporcional do que os policiais civis e federais, seguindo o padr\u00e3o das \u00faltimas elei\u00e7\u00f5es desde 2010. Os policiais militares, que cresceram com o discurso de ordem conservadora e antipol\u00edtica que tomou conta do pa\u00eds em 2018, perderam f\u00f4lego e precisar\u00e3o repensar seus posicionamentos para os pr\u00f3ximos pleitos, bem como ter\u00e3o que se reaproximar das pautas cotidianas da comunidade.<\/p>\n\n\n\n<p>Bolsonaro perdeu o posto de porta-voz dos policiais e deve redobrar as promessas de solu\u00e7\u00f5es radicais na \u00e1rea, ainda mais quando os \u00edndices de criminalidade violenta voltaram a crescer e tiraram dele a bandeira eleitoral da queda da viol\u00eancia (isso sem contar com a agenda anticorrup\u00e7\u00e3o, que havia sido abandonada por ele). S\u00f3 lhe resta o confronto escatol\u00f3gico, nos dois sentidos que os dicion\u00e1rios d\u00e3o \u00e0 palavra, como estrat\u00e9gia de remobiliza\u00e7\u00e3o de sua base eleitoral e de retomada do protagonismo.<\/p>\n\n\n\n<p>Do outro lado do espectro ideol\u00f3gico, a esquerda e a centro-esquerda n\u00e3o ganham e nem perdem espa\u00e7o. O destaque aqui fica para a elei\u00e7\u00e3o do investigador da Pol\u00edcia Civil do Rio Grande do Sul Leonel Radde (PT), oitavo candidato mais votado em Porto Alegre e&nbsp; membro do grupo de Policiais Antifascimo, objeto de um dossi\u00ea ilegal elaborado pela Secretaria de Opera\u00e7\u00f5es Integradas \u2013 SEOPI, ligada ao Minist\u00e9rio da Justi\u00e7a e da Seguran\u00e7a P\u00fablica.<\/p>\n\n\n\n<p>Em suma, os dados sobre policiais candidatos e eleitos em 2020 revelam que n\u00e3o podemos mais negligenciar o debate da seguran\u00e7a p\u00fablica. Se queremos garantir os direitos de todos, incluindo os dos policiais, temos que romper com a in\u00e9rcia e construir um modelo de reforma das pol\u00edcias mais eficiente e efetivo. As pr\u00f3prias pol\u00edcias n\u00e3o podem acreditar e\/ou se acostumar com o discurso de ultradireita que valoriza confronto e a viol\u00eancia e que tem dado o tom das pol\u00edticas p\u00fablicas na \u00e1rea. Vale ressaltar a gest\u00e3o e seus limites organizacionais e legais como um espa\u00e7o de aprendizado que pode ser mais bem explorado.<\/p>\n\n\n\n<p>As elei\u00e7\u00f5es de 2020 mostram que h\u00e1, sim, espa\u00e7o de resist\u00eancia; h\u00e1 espa\u00e7o pol\u00edtico para acabar com a for\u00e7a dos mercadores da morte e para valorizar as pol\u00edcias como institui\u00e7\u00f5es-chave de uma democracia din\u00e2mica e plural.<\/p>\n","protected":false},"excerpt":{"rendered":"<p>De cada dez profissionais de seguran\u00e7a que se candidataram, um foi eleito; tr\u00eas capitais ter\u00e3o delegados e um capit\u00e3o disputando o segundo turno&nbsp;<\/p>\n","protected":false},"author":1,"featured_media":0,"comment_status":"closed","ping_status":"open","sticky":false,"template":"","format":"standard","meta":{"_exactmetrics_skip_tracking":false,"_exactmetrics_sitenote_active":false,"_exactmetrics_sitenote_note":"","_exactmetrics_sitenote_category":0,"jetpack_post_was_ever_published":false,"_jetpack_newsletter_access":"","_jetpack_dont_email_post_to_subs":false,"_jetpack_newsletter_tier_id":0,"_jetpack_memberships_contains_paywalled_content":false,"_jetpack_memberships_contains_paid_content":false,"footnotes":"","jetpack_publicize_message":"","jetpack_publicize_feature_enabled":true,"jetpack_social_post_already_shared":true,"jetpack_social_options":{"image_generator_settings":{"template":"highway","enabled":false},"version":2}},"categories":[1],"tags":[],"class_list":["post-29985","post","type-post","status-publish","format-standard","hentry","category-notas"],"jetpack_publicize_connections":[],"jetpack_sharing_enabled":true,"jetpack_featured_media_url":"","jetpack_shortlink":"https:\/\/wp.me\/p7wKYW-7ND","jetpack-related-posts":[],"_links":{"self":[{"href":"http:\/\/blogdalucianaoliveira.com.br\/blog\/wp-json\/wp\/v2\/posts\/29985","targetHints":{"allow":["GET"]}}],"collection":[{"href":"http:\/\/blogdalucianaoliveira.com.br\/blog\/wp-json\/wp\/v2\/posts"}],"about":[{"href":"http:\/\/blogdalucianaoliveira.com.br\/blog\/wp-json\/wp\/v2\/types\/post"}],"author":[{"embeddable":true,"href":"http:\/\/blogdalucianaoliveira.com.br\/blog\/wp-json\/wp\/v2\/users\/1"}],"replies":[{"embeddable":true,"href":"http:\/\/blogdalucianaoliveira.com.br\/blog\/wp-json\/wp\/v2\/comments?post=29985"}],"version-history":[{"count":1,"href":"http:\/\/blogdalucianaoliveira.com.br\/blog\/wp-json\/wp\/v2\/posts\/29985\/revisions"}],"predecessor-version":[{"id":29987,"href":"http:\/\/blogdalucianaoliveira.com.br\/blog\/wp-json\/wp\/v2\/posts\/29985\/revisions\/29987"}],"wp:attachment":[{"href":"http:\/\/blogdalucianaoliveira.com.br\/blog\/wp-json\/wp\/v2\/media?parent=29985"}],"wp:term":[{"taxonomy":"category","embeddable":true,"href":"http:\/\/blogdalucianaoliveira.com.br\/blog\/wp-json\/wp\/v2\/categories?post=29985"},{"taxonomy":"post_tag","embeddable":true,"href":"http:\/\/blogdalucianaoliveira.com.br\/blog\/wp-json\/wp\/v2\/tags?post=29985"}],"curies":[{"name":"wp","href":"https:\/\/api.w.org\/{rel}","templated":true}]}}