{"id":29988,"date":"2020-11-17T11:53:29","date_gmt":"2020-11-17T15:53:29","guid":{"rendered":"http:\/\/blogdalucianaoliveira.com.br\/blog\/?p=29988"},"modified":"2020-11-17T11:53:33","modified_gmt":"2020-11-17T15:53:33","slug":"marielle-inspira-eleicoes-de-vereadoras-do-rio-enquanto-sp-elege-politicos-trans-e-amplia-bancada-do-mbl","status":"publish","type":"post","link":"http:\/\/blogdalucianaoliveira.com.br\/blog\/2020\/11\/17\/marielle-inspira-eleicoes-de-vereadoras-do-rio-enquanto-sp-elege-politicos-trans-e-amplia-bancada-do-mbl\/","title":{"rendered":"Marielle inspira elei\u00e7\u00f5es de vereadoras do Rio enquanto SP elege pol\u00edticos trans e amplia bancada do MBL"},"content":{"rendered":"\n<figure class=\"wp-block-image size-large\"><img data-recalc-dims=\"1\" loading=\"lazy\" decoding=\"async\" width=\"600\" height=\"450\" data-attachment-id=\"29989\" data-permalink=\"http:\/\/blogdalucianaoliveira.com.br\/blog\/2020\/11\/17\/marielle-inspira-eleicoes-de-vereadoras-do-rio-enquanto-sp-elege-politicos-trans-e-amplia-bancada-do-mbl\/image-10-13\/\" data-orig-file=\"https:\/\/i0.wp.com\/blogdalucianaoliveira.com.br\/blog\/wp-content\/uploads\/2020\/11\/image-10.jpeg?fit=640%2C480\" data-orig-size=\"640,480\" data-comments-opened=\"0\" data-image-meta=\"{&quot;aperture&quot;:&quot;0&quot;,&quot;credit&quot;:&quot;&quot;,&quot;camera&quot;:&quot;&quot;,&quot;caption&quot;:&quot;&quot;,&quot;created_timestamp&quot;:&quot;0&quot;,&quot;copyright&quot;:&quot;&quot;,&quot;focal_length&quot;:&quot;0&quot;,&quot;iso&quot;:&quot;0&quot;,&quot;shutter_speed&quot;:&quot;0&quot;,&quot;title&quot;:&quot;&quot;,&quot;orientation&quot;:&quot;0&quot;}\" data-image-title=\"image-10\" data-image-description=\"\" data-image-caption=\"\" data-medium-file=\"https:\/\/i0.wp.com\/blogdalucianaoliveira.com.br\/blog\/wp-content\/uploads\/2020\/11\/image-10.jpeg?fit=300%2C225\" data-large-file=\"https:\/\/i0.wp.com\/blogdalucianaoliveira.com.br\/blog\/wp-content\/uploads\/2020\/11\/image-10.jpeg?fit=600%2C450\" src=\"https:\/\/i0.wp.com\/blogdalucianaoliveira.com.br\/blog\/wp-content\/uploads\/2020\/11\/image-10.jpeg?resize=600%2C450\" alt=\"\" class=\"wp-image-29989\" srcset=\"https:\/\/i0.wp.com\/blogdalucianaoliveira.com.br\/blog\/wp-content\/uploads\/2020\/11\/image-10.jpeg?w=640 640w, https:\/\/i0.wp.com\/blogdalucianaoliveira.com.br\/blog\/wp-content\/uploads\/2020\/11\/image-10.jpeg?resize=300%2C225 300w, https:\/\/i0.wp.com\/blogdalucianaoliveira.com.br\/blog\/wp-content\/uploads\/2020\/11\/image-10.jpeg?resize=400%2C300 400w\" sizes=\"auto, (max-width: 600px) 100vw, 600px\" \/><\/figure>\n\n\n\n<p>PT e PSDB diminuem de tamanho na capital paulista, mas seguem com as maiores bancadas. MDB \u00e9 dizimado na capital fluminense e Legislativos mant\u00eam fragmenta\u00e7\u00e3o partid\u00e1ria.<\/p>\n\n\n\n<!--more-->\n\n\n\n<p><a href=\"https:\/\/brasil.elpais.com\/autor\/felipe-betim\/\">FELIPE BETIM<\/a> &#8211; El Pa\u00eds<\/p>\n\n\n\n<p>As elei\u00e7\u00f5es municipais deste domingo trouxeram novidades importantes e simb\u00f3licas para as C\u00e2maras de Vereadores do\u00a0<a rel=\"noreferrer noopener\" href=\"https:\/\/brasil.elpais.com\/noticias\/rio-de-janeiro\/\" target=\"_blank\">Rio de Janeiro<\/a>\u00a0e de\u00a0<a rel=\"noreferrer noopener\" href=\"https:\/\/brasil.elpais.com\/noticias\/sao-paulo\/\" target=\"_blank\">S\u00e3o Paulo<\/a>. Foram eleitas figuras como a primeira\u00a0<a rel=\"noreferrer noopener\" href=\"https:\/\/brasil.elpais.com\/brasil\/2020-11-16\/belo-horizonte-elege-sua-primeira-vereadora-trans-duda-salabert-que-faz-historia-com-votacao-recorde.html\" target=\"_blank\">vereadora negra e trans da hist\u00f3ria de S\u00e3o Paulo<\/a>, Erika Hilton, do PSOL \u2015eleita em 6\u00ba lugar com 50.508 votos\u2015 e Thammy Miranda (PL), o primeiro homem transexual da C\u00e2mara de Vereadores, em 9\u00ba lugar. Outra vota\u00e7\u00e3o inovadora veio com a\u00a0<a rel=\"noreferrer noopener\" href=\"https:\/\/bancadafeministapsol.com.br\/\" target=\"_blank\">Bancada Feminista (PSOL)<\/a>, candidatura coletiva constitu\u00edda por cinco mulheres, eleita em 7\u00ba lugar com 46.167 votos.<\/p>\n\n\n\n<p>J\u00e1 no Rio, foi eleita M\u00f4nica Ben\u00edcio, vi\u00fava de Marielle Franco,&nbsp;<a href=\"https:\/\/brasil.elpais.com\/noticias\/caso-marielle-franco\/\" target=\"_blank\" rel=\"noreferrer noopener\">assassinada em 16 de mar\u00e7o de 2018<\/a>, quando exercia o mandato de vereadora tamb\u00e9m pelo PSOL, junto com seu motorista Anderson Gomes. Na capital fluminense, Ben\u00edcio conseguiu 22.919 votos e ficou com o 11\u00ba lugar. Outros nomes tamb\u00e9m se elegeram sob a inspira\u00e7\u00e3o de Marielle, como a arquiteta Tain\u00e1 de Paula (PT), que conseguiu 24.881 votos e conquistou o 9\u00ba lugar.<\/p>\n\n\n\n<p>No campo da direita em S\u00e3o Paulo, o&nbsp;<a href=\"https:\/\/brasil.elpais.com\/noticias\/mbl-movimiento-brasil-libre\/\" target=\"_blank\" rel=\"noreferrer noopener\">Movimento Brasil Livre<\/a>&nbsp;mostrou for\u00e7a nas urnas e aumentou sua bancada, que passa de um para tr\u00eas vereadores \u2014todos eles filiados ao Patriota, partido do candidato a prefeito Arthur do Val. Entre eles est\u00e1 Fernando Holiday, que aumentou sua vota\u00e7\u00e3o e se reelegeu com 67.715 votos, ficando com o 5\u00ba lugar, e tamb\u00e9m o advogado Rubinho Nunes.<\/p>\n\n\n\n<p>No Rio, o ex-policial militar Gabriel Monteiro (PSD) \u00e9 outro nome que o MBL elege. Monteiro foi eleito com 60.326 votos e conquistou o terceiro lugar. Ele ficou atr\u00e1s somente de Tarc\u00edsio Motta (PSOL), eleito em primeiro lugar com 86.243 votos, e Carlos Bolsonaro (Republicanos), eleito em segundo lugar com 71.000. O filho&nbsp;<em>zero tr\u00eas<\/em>&nbsp;do presidente&nbsp;<a href=\"https:\/\/brasil.elpais.com\/noticias\/jair-messias-bolsonaro\/\" target=\"_blank\" rel=\"noreferrer noopener\">Jair Bolsonaro<\/a>&nbsp;perdeu 33% dos votos que recebeu em 2016, ano em que foi o mais votado da C\u00e2mara, com o respaldo de 106.657 cariocas.<\/p>\n\n\n\n<h3 class=\"wp-block-heading\">Fragmenta\u00e7\u00e3o<\/h3>\n\n\n\n<p>Em termos num\u00e9ricos, as novidades nos Legislativos foram menores. Ambas as casas seguem fragmentadas, com quase 20 partidos presentes em cada uma. A taxa de renova\u00e7\u00e3o dos vereadores na capital paulista manteve o padr\u00e3o registrado \u00faltimas elei\u00e7\u00f5es nas duas vota\u00e7\u00f5es: 38%. No Rio, por\u00e9m, a taxa foi menor, 30%, um recuo em compara\u00e7\u00e3o a 2016 (35%) e 2012 (41%).<\/p>\n\n\n\n<p>Em S\u00e3o Paulo, PSDB e PT seguem com as maiores bancadas, embora com menos for\u00e7a, enquanto no Rio o MDB foi quase dizimado. No rastro dessas quedas,&nbsp;<a href=\"https:\/\/brasil.elpais.com\/brasil\/2020-11-16\/covas-reafirma-poder-tucano-em-sao-paulo-e-vai-a-segundo-turno-com-boulos-surpresa-da-eleicao.html\" target=\"_blank\" rel=\"noreferrer noopener\">nas duas capitais mais importantes do pa\u00eds<\/a>, o esquerdista Partido Socialismo e Liberdade (PSOL) e o direitista Democratas (DEM) se fortaleceram e estar\u00e3o entre bancadas mais importantes a partir de 2021.&nbsp;<\/p>\n\n\n\n<p>PSDB e o PT continuar\u00e3o tendo as principais bancadas, ainda que tenham declinado seu n\u00famero de vereadores. Cada partido possuir\u00e1 oito representantes a partir de janeiro de 2021. Em seguida est\u00e3o o PSOL, cuja bancada passou de dois para seis vereadores, e o DEM, que cresceu de quatro para seis.<\/p>\n\n\n\n<p>O vereador mais votado de S\u00e3o Paulo foi novamente o petista Eduardo Suplicy, ainda que o veterano pol\u00edtico tenha visto seu n\u00famero de votos cair de 301.446 em 2016 para 167.552 em 2020. O segundo lugar ficou mais uma vez com Milton Leite (DEM), que se reelegeu pela sexta vez, com 132.716 votos.\u00a0<\/p>\n\n\n\n<h2 class=\"wp-block-heading\">Composi\u00e7\u00e3o da C\u00e2mara Municipal de S\u00e3o Paulo \u2014 55 vereadores<\/h2>\n\n\n\n<figure class=\"wp-block-table\"><table class=\"\"><thead><tr><th><\/th><th>2016<\/th><th>2020<\/th><\/tr><\/thead><tbody><tr><td><strong>PSDB<\/strong><\/td><td>11 vereadores<\/td><td>8 vereadores<\/td><\/tr><tr><td><strong>PT<\/strong><\/td><td>9 vereadores<\/td><td>8 vereadores<\/td><\/tr><tr><td><strong>PSD<\/strong><\/td><td>4 vereadores<\/td><td>3 vereadores<\/td><\/tr><tr><td><strong>Republicanos (antigo PRB)<\/strong><\/td><td>4 vereadores<\/td><td>4 vereadores<\/td><\/tr><tr><td><strong>PL (antigo PR)<\/strong><\/td><td>4 vereadores<\/td><td>2 vereadores<\/td><\/tr><tr><td><strong>DEM<\/strong><\/td><td>4 vereadores<\/td><td>6 vereadores<\/td><\/tr><tr><td><strong>PSB<\/strong><\/td><td>3 vereadores<\/td><td>2 vereadores<\/td><\/tr><tr><td><strong>PV<\/strong><\/td><td>2 vereadores<\/td><td>1 vereador<\/td><\/tr><tr><td><strong>PTB<\/strong><\/td><td>2 vereadores<\/td><td>1 vereador<\/td><\/tr><tr><td><strong>PSOL<\/strong><\/td><td>2 vereadores<\/td><td>6 vereadores<\/td><\/tr><tr><td><strong>Cidadania (antigo PPS)<\/strong><\/td><td>2 vereadores<\/td><td>x<\/td><\/tr><tr><td><strong>MDB (antigo PMDB)<\/strong><\/td><td>2 vereadores<\/td><td>3 vereadores<\/td><\/tr><tr><td><strong>Podemos (antigo PTN)<\/strong><\/td><td>1 vereador<\/td><td>3 vereadores<\/td><\/tr><tr><td><strong>PSC<\/strong><\/td><td>1 vereador<\/td><td>1 vereador<\/td><\/tr><tr><td><strong>PROS<\/strong><\/td><td>1 vereador<\/td><td>x<\/td><\/tr><tr><td><strong>Progressistas (antigo PP)<\/strong><\/td><td>1 vereador<\/td><td>1 vereador<\/td><\/tr><tr><td><strong>PHS<\/strong><\/td><td>1 vereador<\/td><td>x<\/td><\/tr><tr><td><strong>NOVO<\/strong><\/td><td>1 vereador<\/td><td>2 vereadores<\/td><\/tr><tr><td><strong>Patriota (antigo PEN)<\/strong><\/td><td>x<\/td><td>3 vereadores<\/td><\/tr><tr><td><strong>PSL<\/strong><\/td><td>x<\/td><td>1 vereador<\/td><\/tr><\/tbody><\/table><\/figure>\n\n\n\n<p>No Rio de Janeiro, 17 das 51 pessoas eleitas cumprir\u00e3o um primeiro mandato. As maiores bancadas ficaram com o DEM do ex-prefeito Eduardo Paes, o Republicanos do atual prefeito Marcelo Crivella \u2014<a href=\"https:\/\/brasil.elpais.com\/brasil\/2020-11-16\/paes-vai-com-crivella-apoiado-por-bolsonaro-para-o-segundo-turno-no-rio-de-janeiro.html\" target=\"_blank\" rel=\"noreferrer noopener\">ambos disputar\u00e3o o segundo turno em 29 de novembro<\/a>\u2014 e o PSOL. Os tr\u00eas partidos registraram crescimento nessas elei\u00e7\u00f5es e contar\u00e3o com sete vereadores cada um a partir do ano que vem.<\/p>\n\n\n\n<p>O DEM, que ganhou quatro cadeiras em 2016, agora ocupa o lugar que foi o MDB. Atingido por esc\u00e2ndalos que resultaram para a pris\u00e3o do ex-governadores S\u00e9rgio Cabral e Luiz Fernando Pez\u00e3o,e na mudan\u00e7a de Paes para o DEM, o MDB contar\u00e1 com apenas um vereador em 2021. Quatro anos antes, o partido havia eleito 10 pessoas nas elei\u00e7\u00f5es municipais.<\/p>\n\n\n\n<p>Entre os velhos conhecidos est\u00e3o o ex-prefeito Cesar Maia (DEM), eleito com 55.031 votos (4\u00ba lugar), e o ex-deputado federal Chico Alencar (PSOL), que retorna para a C\u00e2mara dos Vereadores com 49.422 votos (5\u00ba lugar).&nbsp;<\/p>\n\n\n\n<h2 class=\"wp-block-heading\">Composi\u00e7\u00e3o da C\u00e2mara Municipal do Rio de Janeiro \u2014 51 vereadores<\/h2>\n\n\n\n<figure class=\"wp-block-table\"><table class=\"\"><thead><tr><th><\/th><th>2016<\/th><th>2020<\/th><\/tr><\/thead><tbody><tr><td><strong>MDB (antigo PMDB)<\/strong><\/td><td>10 vereadores<\/td><td>1 vereador<\/td><\/tr><tr><td><strong>PSOL<\/strong><\/td><td>6 vereadores<\/td><td>7 vereadores<\/td><\/tr><tr><td><strong>DEM<\/strong><\/td><td>4 vereadores<\/td><td>7 vereadores<\/td><\/tr><tr><td><strong>Republicanos (antigo PRB)<\/strong><\/td><td>3 vereadores<\/td><td>7 vereadores<\/td><\/tr><tr><td><strong>PSC<\/strong><\/td><td>3 vereadores<\/td><td>2 vereadores<\/td><\/tr><tr><td><strong>PSDB<\/strong><\/td><td>3 vereadores<\/td><td>x<\/td><\/tr><tr><td><strong>PTB<\/strong><\/td><td>3 vereadores<\/td><td>2 vereadores<\/td><\/tr><tr><td><strong>PT<\/strong><\/td><td>2 vereadores<\/td><td>3 vereadores<\/td><\/tr><tr><td><strong>PDT<\/strong><\/td><td>2 vereadores<\/td><td>1 vereador<\/td><\/tr><tr><td><strong>PSD<\/strong><\/td><td>2 vereadores<\/td><td>3 vereadores<\/td><\/tr><tr><td><strong>PMN<\/strong><\/td><td>2 vereadores<\/td><td>1 vereador<\/td><\/tr><tr><td><strong>Solidariedade<\/strong><\/td><td>2 vereadores<\/td><td>1 vereador<\/td><\/tr><tr><td><strong>PHS<\/strong><\/td><td>2 vereadores<\/td><td>x<\/td><\/tr><tr><td><strong>Progressistas (antigo PP)<\/strong><\/td><td>2 vereadores<\/td><td>2 vereadores<\/td><\/tr><tr><td><strong>Patriota (antigo PEN)<\/strong><\/td><td>1 vereador<\/td><td>1 vereador<\/td><\/tr><tr><td><strong>PROS<\/strong><\/td><td>1 vereador<\/td><td>1 vereador<\/td><\/tr><tr><td><strong>Podemos (antigo PTN)<\/strong><\/td><td>1 vereador<\/td><td>1 vereador<\/td><\/tr><tr><td><strong>Avante (antigo PTdoB)<\/strong><\/td><td>1 vereador<\/td><td>3 vereadores<\/td><\/tr><tr><td><strong>NOVO<\/strong><\/td><td>1 vereador<\/td><td>1 vereador<\/td><\/tr><tr><td><strong>PTC<\/strong><\/td><td>x<\/td><td>1 vereador<\/td><\/tr><\/tbody><\/table><\/figure>\n\n\n\n<p><\/p>\n","protected":false},"excerpt":{"rendered":"<p>PT e PSDB diminuem de tamanho na capital paulista, mas seguem com as maiores bancadas. MDB \u00e9 dizimado na capital fluminense e Legislativos mant\u00eam fragmenta\u00e7\u00e3o partid\u00e1ria.<\/p>\n","protected":false},"author":1,"featured_media":0,"comment_status":"closed","ping_status":"open","sticky":false,"template":"","format":"standard","meta":{"_exactmetrics_skip_tracking":false,"_exactmetrics_sitenote_active":false,"_exactmetrics_sitenote_note":"","_exactmetrics_sitenote_category":0,"jetpack_post_was_ever_published":false,"_jetpack_newsletter_access":"","_jetpack_dont_email_post_to_subs":false,"_jetpack_newsletter_tier_id":0,"_jetpack_memberships_contains_paywalled_content":false,"_jetpack_memberships_contains_paid_content":false,"footnotes":"","jetpack_publicize_message":"","jetpack_publicize_feature_enabled":true,"jetpack_social_post_already_shared":true,"jetpack_social_options":{"image_generator_settings":{"template":"highway","enabled":false},"version":2}},"categories":[1],"tags":[],"class_list":["post-29988","post","type-post","status-publish","format-standard","hentry","category-notas"],"jetpack_publicize_connections":[],"jetpack_sharing_enabled":true,"jetpack_featured_media_url":"","jetpack_shortlink":"https:\/\/wp.me\/p7wKYW-7NG","jetpack-related-posts":[],"_links":{"self":[{"href":"http:\/\/blogdalucianaoliveira.com.br\/blog\/wp-json\/wp\/v2\/posts\/29988","targetHints":{"allow":["GET"]}}],"collection":[{"href":"http:\/\/blogdalucianaoliveira.com.br\/blog\/wp-json\/wp\/v2\/posts"}],"about":[{"href":"http:\/\/blogdalucianaoliveira.com.br\/blog\/wp-json\/wp\/v2\/types\/post"}],"author":[{"embeddable":true,"href":"http:\/\/blogdalucianaoliveira.com.br\/blog\/wp-json\/wp\/v2\/users\/1"}],"replies":[{"embeddable":true,"href":"http:\/\/blogdalucianaoliveira.com.br\/blog\/wp-json\/wp\/v2\/comments?post=29988"}],"version-history":[{"count":1,"href":"http:\/\/blogdalucianaoliveira.com.br\/blog\/wp-json\/wp\/v2\/posts\/29988\/revisions"}],"predecessor-version":[{"id":29990,"href":"http:\/\/blogdalucianaoliveira.com.br\/blog\/wp-json\/wp\/v2\/posts\/29988\/revisions\/29990"}],"wp:attachment":[{"href":"http:\/\/blogdalucianaoliveira.com.br\/blog\/wp-json\/wp\/v2\/media?parent=29988"}],"wp:term":[{"taxonomy":"category","embeddable":true,"href":"http:\/\/blogdalucianaoliveira.com.br\/blog\/wp-json\/wp\/v2\/categories?post=29988"},{"taxonomy":"post_tag","embeddable":true,"href":"http:\/\/blogdalucianaoliveira.com.br\/blog\/wp-json\/wp\/v2\/tags?post=29988"}],"curies":[{"name":"wp","href":"https:\/\/api.w.org\/{rel}","templated":true}]}}