{"id":29991,"date":"2020-11-17T13:11:58","date_gmt":"2020-11-17T17:11:58","guid":{"rendered":"http:\/\/blogdalucianaoliveira.com.br\/blog\/?p=29991"},"modified":"2020-11-17T13:12:03","modified_gmt":"2020-11-17T17:12:03","slug":"precisamos-de-um-manifesto-pela-cultura-de-porto-velho","status":"publish","type":"post","link":"http:\/\/blogdalucianaoliveira.com.br\/blog\/2020\/11\/17\/precisamos-de-um-manifesto-pela-cultura-de-porto-velho\/","title":{"rendered":"Precisamos de um manifesto pela cultura de Porto Velho"},"content":{"rendered":"\n<figure class=\"wp-block-image size-large\"><img data-recalc-dims=\"1\" loading=\"lazy\" decoding=\"async\" width=\"600\" height=\"338\" data-attachment-id=\"29995\" data-permalink=\"http:\/\/blogdalucianaoliveira.com.br\/blog\/2020\/11\/17\/precisamos-de-um-manifesto-pela-cultura-de-porto-velho\/b6ffa297-fba4-4dc3-a18c-30b385108f43\/\" data-orig-file=\"https:\/\/i0.wp.com\/blogdalucianaoliveira.com.br\/blog\/wp-content\/uploads\/2020\/11\/B6FFA297-FBA4-4DC3-A18C-30B385108F43.jpeg?fit=960%2C540\" data-orig-size=\"960,540\" data-comments-opened=\"0\" data-image-meta=\"{&quot;aperture&quot;:&quot;0&quot;,&quot;credit&quot;:&quot;&quot;,&quot;camera&quot;:&quot;&quot;,&quot;caption&quot;:&quot;&quot;,&quot;created_timestamp&quot;:&quot;0&quot;,&quot;copyright&quot;:&quot;&quot;,&quot;focal_length&quot;:&quot;0&quot;,&quot;iso&quot;:&quot;0&quot;,&quot;shutter_speed&quot;:&quot;0&quot;,&quot;title&quot;:&quot;&quot;,&quot;orientation&quot;:&quot;1&quot;}\" data-image-title=\"B6FFA297-FBA4-4DC3-A18C-30B385108F43\" data-image-description=\"\" data-image-caption=\"\" data-medium-file=\"https:\/\/i0.wp.com\/blogdalucianaoliveira.com.br\/blog\/wp-content\/uploads\/2020\/11\/B6FFA297-FBA4-4DC3-A18C-30B385108F43.jpeg?fit=300%2C169\" data-large-file=\"https:\/\/i0.wp.com\/blogdalucianaoliveira.com.br\/blog\/wp-content\/uploads\/2020\/11\/B6FFA297-FBA4-4DC3-A18C-30B385108F43.jpeg?fit=600%2C338\" src=\"https:\/\/i0.wp.com\/blogdalucianaoliveira.com.br\/blog\/wp-content\/uploads\/2020\/11\/B6FFA297-FBA4-4DC3-A18C-30B385108F43.jpeg?resize=600%2C338\" alt=\"\" class=\"wp-image-29995\" srcset=\"https:\/\/i0.wp.com\/blogdalucianaoliveira.com.br\/blog\/wp-content\/uploads\/2020\/11\/B6FFA297-FBA4-4DC3-A18C-30B385108F43.jpeg?w=960 960w, https:\/\/i0.wp.com\/blogdalucianaoliveira.com.br\/blog\/wp-content\/uploads\/2020\/11\/B6FFA297-FBA4-4DC3-A18C-30B385108F43.jpeg?resize=300%2C169 300w, https:\/\/i0.wp.com\/blogdalucianaoliveira.com.br\/blog\/wp-content\/uploads\/2020\/11\/B6FFA297-FBA4-4DC3-A18C-30B385108F43.jpeg?resize=768%2C432 768w, https:\/\/i0.wp.com\/blogdalucianaoliveira.com.br\/blog\/wp-content\/uploads\/2020\/11\/B6FFA297-FBA4-4DC3-A18C-30B385108F43.jpeg?resize=533%2C300 533w\" sizes=\"auto, (max-width: 600px) 100vw, 600px\" \/><\/figure>\n\n\n\n<p>A capital ter\u00e1 o mesmo prefeito ou uma prefeita em poucos dias.<br>Hildon Chaves ou Cristiane Lopes, s\u00e3o indiferentes a quem faz ou vive a cultura de Porto Velho.  <br>A escolha \u00e9 sobre manter o que est\u00e1 ou ruim ou arriscar no pior.<\/p>\n\n\n\n<p>A sa\u00edda \u00e9 comprometer ambos com nova postura. <\/p>\n\n\n\n<!--more-->\n\n\n\n<p><br>Nem ele, nem ela, conhecem o m\u00ednimo do que se produz aqui e os dois nunca foram capazes de defender o nosso patrim\u00f4nio cultural nos seus mandatos de prefeito e vereadora.<br>Foram quatro anos de pouca a\u00e7\u00e3o e muita omiss\u00e3o.<br><br>A prefeitura se dedicou a contribuir com o m\u00ednimo de estrutura, limpeza e ilumina\u00e7\u00e3o em pequenos eventos.  <br><br>A express\u00e3o mais vigorosa da cultura popular, o desfile de Escolas de Samba, s\u00f3 recebeu investimento da prefeitura em 2018 porque era ano eleitoral.<\/p>\n\n\n\n<p>Nos dois anos seguintes, por conta pr\u00f3pria a tricampe\u00e3 Asfalt\u00e3o manteve a tradi\u00e7\u00e3o do desfile na rua da sua comunidade.<\/p>\n\n\n\n<p>Hildon tamb\u00e9m n\u00e3o ajudou os blocos carnavalescos que, assim como as Escolas de Samba, cresceram junto com a cidade.<br>O Flor do Maracuj\u00e1 se manteve por for\u00e7a dos grupos folcl\u00f3ricos e n\u00e3o das migalhas de parcerias entre prefeitura e governo do estado.<br><br>Vou me limitar a lembrar o descaso com os eventos mais grandiosos pra n\u00e3o escrever um texto maceta que ningu\u00e9m iria ler, como ali\u00e1s, Cristiane Lopes j\u00e1 disse que fez ao dar voto favor\u00e1vel \u00e0 propositura danosa do prefeito.<br><br>A quest\u00e3o \u00e9 que estamos num beco sem sa\u00edda, num mato se cachorro, numa briga de foice no escuro, no que diz respeito \u00e0 perspectiva de pol\u00edtica para a cultura nos pr\u00f3ximos quatro anos.<br>Todos desse nicho deveriam ter votado em Ramon Cuju\u00ed, do PT, o partido que mais investiu manifesta\u00e7\u00f5es culturais. E isso ningu\u00e9m pode negar!<br><br>Quando o ex-prefeito Roberto Sobrinho deixou a prefeitura o or\u00e7amento da Funda\u00e7\u00e3o Cultural \u2013 criada pela gest\u00e3o petista \u2013 foi de quase 4 milh\u00f5es, dos quais mais de 890 mil eram destinados a encargos e pessoal. O restante era investimento.<\/p>\n\n\n\n<p><br>O \u00faltimo ano de mandato de Hildon n\u00e3o conta em fun\u00e7\u00e3o da pandemia que parou tudo, mas o or\u00e7amento destinado antes de saber que o coronav\u00edrus ia chegar, foi de pouco mais de 2, 2 milh\u00e3o. Desse total, mais de 1,5 milh\u00e3o foi para pagar pessoal e mais de 300 mil para outras despesas.<br>Est\u00e1 nas Lei Or\u00e7ament\u00e1rias Anuais, dispon\u00edveis no site da prefeitura.<\/p>\n\n\n\n<p>Para emba\u00e7ar ainda mais o horizonte da cultura os vereadores e vereadoras reeleitos e eleitos n\u00e3o entendem bulhufas das nossas tradi\u00e7\u00f5es. <br>E como tinha candidato e candidata bons do meio cultural! Do samba, dos blocos, do teatro, da nossa MPB\u00c9RA&#8230;<\/p>\n\n\n\n<p>Lament\u00e1vel nenhum ter sido eleito ou eleita. <\/p>\n\n\n\n<p>O seguinte \u00e9 que o  pessoal da cultura precisa se erguer para n\u00e3o ser reduzido por mais quatro anos \u00e0 representa\u00e7\u00e3o pol\u00edtica que tem.<\/p>\n\n\n\n<p><br>Minha inten\u00e7\u00e3o \u00e9 for\u00e7ar um manifesto urgente para que Hildon e Cristiane se comprometam em promover a produ\u00e7\u00e3o, promo\u00e7\u00e3o e difus\u00e3o dos nossos bens culturais.<br>Nem que seja para esfregar na cara do eleito ou eleita, que despreza ou n\u00e3o cumpriu com o pacto. <\/p>\n\n\n\n<p>B\u00f3ra l\u00e1!<\/p>\n\n\n\n<p><br>Que se levantem todos e todas como os dan\u00e7arinos de boi-bumb\u00e1, com for\u00e7a, amor e coragem!<\/p>\n","protected":false},"excerpt":{"rendered":"<p>A capital ter\u00e1 o mesmo prefeito ou uma prefeita em poucos dias.Hildon Chaves ou Cristiane Lopes, s\u00e3o indiferentes a quem faz ou vive a cultura de Porto Velho. A escolha \u00e9 sobre manter o que est\u00e1 ou ruim ou arriscar no pior. A sa\u00edda \u00e9 comprometer ambos com nova postura.<\/p>\n","protected":false},"author":1,"featured_media":0,"comment_status":"closed","ping_status":"open","sticky":false,"template":"","format":"standard","meta":{"_exactmetrics_skip_tracking":false,"_exactmetrics_sitenote_active":false,"_exactmetrics_sitenote_note":"","_exactmetrics_sitenote_category":0,"jetpack_post_was_ever_published":false,"_jetpack_newsletter_access":"","_jetpack_dont_email_post_to_subs":false,"_jetpack_newsletter_tier_id":0,"_jetpack_memberships_contains_paywalled_content":false,"_jetpack_memberships_contains_paid_content":false,"footnotes":"","jetpack_publicize_message":"","jetpack_publicize_feature_enabled":true,"jetpack_social_post_already_shared":true,"jetpack_social_options":{"image_generator_settings":{"template":"highway","enabled":false},"version":2}},"categories":[1],"tags":[],"class_list":["post-29991","post","type-post","status-publish","format-standard","hentry","category-notas"],"jetpack_publicize_connections":[],"jetpack_sharing_enabled":true,"jetpack_featured_media_url":"","jetpack_shortlink":"https:\/\/wp.me\/p7wKYW-7NJ","jetpack-related-posts":[],"_links":{"self":[{"href":"http:\/\/blogdalucianaoliveira.com.br\/blog\/wp-json\/wp\/v2\/posts\/29991","targetHints":{"allow":["GET"]}}],"collection":[{"href":"http:\/\/blogdalucianaoliveira.com.br\/blog\/wp-json\/wp\/v2\/posts"}],"about":[{"href":"http:\/\/blogdalucianaoliveira.com.br\/blog\/wp-json\/wp\/v2\/types\/post"}],"author":[{"embeddable":true,"href":"http:\/\/blogdalucianaoliveira.com.br\/blog\/wp-json\/wp\/v2\/users\/1"}],"replies":[{"embeddable":true,"href":"http:\/\/blogdalucianaoliveira.com.br\/blog\/wp-json\/wp\/v2\/comments?post=29991"}],"version-history":[{"count":1,"href":"http:\/\/blogdalucianaoliveira.com.br\/blog\/wp-json\/wp\/v2\/posts\/29991\/revisions"}],"predecessor-version":[{"id":29996,"href":"http:\/\/blogdalucianaoliveira.com.br\/blog\/wp-json\/wp\/v2\/posts\/29991\/revisions\/29996"}],"wp:attachment":[{"href":"http:\/\/blogdalucianaoliveira.com.br\/blog\/wp-json\/wp\/v2\/media?parent=29991"}],"wp:term":[{"taxonomy":"category","embeddable":true,"href":"http:\/\/blogdalucianaoliveira.com.br\/blog\/wp-json\/wp\/v2\/categories?post=29991"},{"taxonomy":"post_tag","embeddable":true,"href":"http:\/\/blogdalucianaoliveira.com.br\/blog\/wp-json\/wp\/v2\/tags?post=29991"}],"curies":[{"name":"wp","href":"https:\/\/api.w.org\/{rel}","templated":true}]}}