{"id":29997,"date":"2020-11-18T09:45:29","date_gmt":"2020-11-18T13:45:29","guid":{"rendered":"http:\/\/blogdalucianaoliveira.com.br\/blog\/?p=29997"},"modified":"2020-11-18T09:54:33","modified_gmt":"2020-11-18T13:54:33","slug":"ele-nao-e-ela-nao","status":"publish","type":"post","link":"http:\/\/blogdalucianaoliveira.com.br\/blog\/2020\/11\/18\/ele-nao-e-ela-nao\/","title":{"rendered":"Ele N\u00e3o e Ela N\u00e3o"},"content":{"rendered":"\n<figure class=\"wp-block-image size-large\"><img data-recalc-dims=\"1\" loading=\"lazy\" decoding=\"async\" width=\"503\" height=\"538\" data-attachment-id=\"29998\" data-permalink=\"http:\/\/blogdalucianaoliveira.com.br\/blog\/2020\/11\/18\/ele-nao-e-ela-nao\/71a37473-e687-4ee4-a342-d06db756c5a7\/\" data-orig-file=\"https:\/\/i0.wp.com\/blogdalucianaoliveira.com.br\/blog\/wp-content\/uploads\/2020\/11\/71A37473-E687-4EE4-A342-D06DB756C5A7.jpeg?fit=503%2C538\" data-orig-size=\"503,538\" data-comments-opened=\"0\" data-image-meta=\"{&quot;aperture&quot;:&quot;0&quot;,&quot;credit&quot;:&quot;&quot;,&quot;camera&quot;:&quot;&quot;,&quot;caption&quot;:&quot;&quot;,&quot;created_timestamp&quot;:&quot;0&quot;,&quot;copyright&quot;:&quot;&quot;,&quot;focal_length&quot;:&quot;0&quot;,&quot;iso&quot;:&quot;0&quot;,&quot;shutter_speed&quot;:&quot;0&quot;,&quot;title&quot;:&quot;&quot;,&quot;orientation&quot;:&quot;1&quot;}\" data-image-title=\"71A37473-E687-4EE4-A342-D06DB756C5A7\" data-image-description=\"\" data-image-caption=\"\" data-medium-file=\"https:\/\/i0.wp.com\/blogdalucianaoliveira.com.br\/blog\/wp-content\/uploads\/2020\/11\/71A37473-E687-4EE4-A342-D06DB756C5A7.jpeg?fit=280%2C300\" data-large-file=\"https:\/\/i0.wp.com\/blogdalucianaoliveira.com.br\/blog\/wp-content\/uploads\/2020\/11\/71A37473-E687-4EE4-A342-D06DB756C5A7.jpeg?fit=503%2C538\" src=\"https:\/\/i0.wp.com\/blogdalucianaoliveira.com.br\/blog\/wp-content\/uploads\/2020\/11\/71A37473-E687-4EE4-A342-D06DB756C5A7.jpeg?resize=503%2C538\" alt=\"\" class=\"wp-image-29998\" srcset=\"https:\/\/i0.wp.com\/blogdalucianaoliveira.com.br\/blog\/wp-content\/uploads\/2020\/11\/71A37473-E687-4EE4-A342-D06DB756C5A7.jpeg?w=503 503w, https:\/\/i0.wp.com\/blogdalucianaoliveira.com.br\/blog\/wp-content\/uploads\/2020\/11\/71A37473-E687-4EE4-A342-D06DB756C5A7.jpeg?resize=280%2C300 280w\" sizes=\"auto, (max-width: 503px) 100vw, 503px\" \/><\/figure>\n\n\n\n<p>A pol\u00eamica est\u00e1 instalada sobre o voto em branco e nulo no segundo turno da elei\u00e7\u00e3o na capital, op\u00e7\u00f5es garantidas legalmente ao eleitor e eleitora. <\/p>\n\n\n\n<p>A decis\u00e3o de utilizar essas formas de protesto a dois candidatos \u00e9, guardadas as diferen\u00e7as entre uma op\u00e7\u00e3o e outra, pura e leg\u00edtima manifesta\u00e7\u00e3o de protesto.<\/p>\n\n\n\n<!--more-->\n\n\n\n<p>J\u00e1 pensei diferente e at\u00e9 bati boca exigindo a escolha entre o ruim e o menos ruim.<\/p>\n\n\n\n<p>Amadurecida em minhas convic\u00e7\u00f5es pol\u00edticas, ciente de que projeto elitista \u00e9 t\u00e3o danoso quanto o fundamentalista religioso, e que caminham juntos quando n\u00e3o est\u00e3o em oposi\u00e7\u00e3o eleitoral, declarei a legitimidade de dizer Ele N\u00e3o e Ela N\u00e3o.<\/p>\n\n\n\n<p>N\u00e3o vou julgar quem consegue escolher, colocar filtro tucano na cara e at\u00e9 subir no palanque.<\/p>\n\n\n\n<p>Democracia \u00e9 direito de escolha.<\/p>\n\n\n\n<p>N\u00e3o voto no diabo e nem no assessor dele s\u00f3 porque um dos dois ser\u00e1 eleito.<\/p>\n\n\n\n<p>Essa \u00e9 posi\u00e7\u00e3o minha como cidad\u00e3, de esquerda e em constante constru\u00e7\u00e3o por um mundo mais justo.<\/p>\n\n\n\n<p>N\u00e3o \u00e9 para influenciar ningu\u00e9m.<\/p>\n\n\n\n<p>Creio que faz bem \u00e0 democracia manifesta\u00e7\u00f5es pol\u00edticas radicais como essa, n\u00e3o o contr\u00e1rio. <\/p>\n\n\n\n<p>Ver a direita ou extrema-direita vencer com votos de minoria \u00e9 ganho pol\u00edtico de longo prazo. <br>\n\u00c9 o que for\u00e7a mudan\u00e7as de discursos, posturas e pol\u00edticas p\u00fablicas para conquistar e manter eleitorado.<\/p>\n\n\n\n<p>\u00c9 isso.<\/p>\n","protected":false},"excerpt":{"rendered":"<p>A pol\u00eamica est\u00e1 instalada sobre o voto em branco e nulo no segundo turno da elei\u00e7\u00e3o na capital, op\u00e7\u00f5es garantidas legalmente ao eleitor e eleitora. A decis\u00e3o de utilizar essas formas de protesto a dois candidatos \u00e9, guardadas as diferen\u00e7as entre uma op\u00e7\u00e3o e outra, pura e leg\u00edtima manifesta\u00e7\u00e3o de protesto.<\/p>\n","protected":false},"author":1,"featured_media":0,"comment_status":"closed","ping_status":"open","sticky":false,"template":"","format":"standard","meta":{"_exactmetrics_skip_tracking":false,"_exactmetrics_sitenote_active":false,"_exactmetrics_sitenote_note":"","_exactmetrics_sitenote_category":0,"jetpack_post_was_ever_published":false,"_jetpack_newsletter_access":"","_jetpack_dont_email_post_to_subs":false,"_jetpack_newsletter_tier_id":0,"_jetpack_memberships_contains_paywalled_content":false,"_jetpack_memberships_contains_paid_content":false,"footnotes":"","jetpack_publicize_message":"","jetpack_publicize_feature_enabled":true,"jetpack_social_post_already_shared":true,"jetpack_social_options":{"image_generator_settings":{"template":"highway","enabled":false},"version":2}},"categories":[1],"tags":[],"class_list":["post-29997","post","type-post","status-publish","format-standard","hentry","category-notas"],"jetpack_publicize_connections":[],"jetpack_sharing_enabled":true,"jetpack_featured_media_url":"","jetpack_shortlink":"https:\/\/wp.me\/p7wKYW-7NP","jetpack-related-posts":[],"_links":{"self":[{"href":"http:\/\/blogdalucianaoliveira.com.br\/blog\/wp-json\/wp\/v2\/posts\/29997","targetHints":{"allow":["GET"]}}],"collection":[{"href":"http:\/\/blogdalucianaoliveira.com.br\/blog\/wp-json\/wp\/v2\/posts"}],"about":[{"href":"http:\/\/blogdalucianaoliveira.com.br\/blog\/wp-json\/wp\/v2\/types\/post"}],"author":[{"embeddable":true,"href":"http:\/\/blogdalucianaoliveira.com.br\/blog\/wp-json\/wp\/v2\/users\/1"}],"replies":[{"embeddable":true,"href":"http:\/\/blogdalucianaoliveira.com.br\/blog\/wp-json\/wp\/v2\/comments?post=29997"}],"version-history":[{"count":2,"href":"http:\/\/blogdalucianaoliveira.com.br\/blog\/wp-json\/wp\/v2\/posts\/29997\/revisions"}],"predecessor-version":[{"id":30001,"href":"http:\/\/blogdalucianaoliveira.com.br\/blog\/wp-json\/wp\/v2\/posts\/29997\/revisions\/30001"}],"wp:attachment":[{"href":"http:\/\/blogdalucianaoliveira.com.br\/blog\/wp-json\/wp\/v2\/media?parent=29997"}],"wp:term":[{"taxonomy":"category","embeddable":true,"href":"http:\/\/blogdalucianaoliveira.com.br\/blog\/wp-json\/wp\/v2\/categories?post=29997"},{"taxonomy":"post_tag","embeddable":true,"href":"http:\/\/blogdalucianaoliveira.com.br\/blog\/wp-json\/wp\/v2\/tags?post=29997"}],"curies":[{"name":"wp","href":"https:\/\/api.w.org\/{rel}","templated":true}]}}