{"id":30005,"date":"2020-11-18T16:33:53","date_gmt":"2020-11-18T20:33:53","guid":{"rendered":"http:\/\/blogdalucianaoliveira.com.br\/blog\/?p=30005"},"modified":"2020-11-18T16:33:58","modified_gmt":"2020-11-18T20:33:58","slug":"politica-resolvida-na-bala","status":"publish","type":"post","link":"http:\/\/blogdalucianaoliveira.com.br\/blog\/2020\/11\/18\/politica-resolvida-na-bala\/","title":{"rendered":"POL\u00cdTICA RESOLVIDA NA BALA"},"content":{"rendered":"\n<figure class=\"wp-block-image size-large\"><img loading=\"lazy\" decoding=\"async\" width=\"1200\" height=\"591\" data-attachment-id=\"30006\" data-permalink=\"http:\/\/blogdalucianaoliveira.com.br\/blog\/2020\/11\/18\/politica-resolvida-na-bala\/image-11-14\/\" data-orig-file=\"https:\/\/i0.wp.com\/blogdalucianaoliveira.com.br\/blog\/wp-content\/uploads\/2020\/11\/image-11.jpeg?fit=1200%2C591\" data-orig-size=\"1200,591\" data-comments-opened=\"0\" data-image-meta=\"{&quot;aperture&quot;:&quot;0&quot;,&quot;credit&quot;:&quot;&quot;,&quot;camera&quot;:&quot;&quot;,&quot;caption&quot;:&quot;&quot;,&quot;created_timestamp&quot;:&quot;0&quot;,&quot;copyright&quot;:&quot;&quot;,&quot;focal_length&quot;:&quot;0&quot;,&quot;iso&quot;:&quot;0&quot;,&quot;shutter_speed&quot;:&quot;0&quot;,&quot;title&quot;:&quot;&quot;,&quot;orientation&quot;:&quot;0&quot;}\" data-image-title=\"image-11\" data-image-description=\"\" data-image-caption=\"\" data-medium-file=\"https:\/\/i0.wp.com\/blogdalucianaoliveira.com.br\/blog\/wp-content\/uploads\/2020\/11\/image-11.jpeg?fit=300%2C148\" data-large-file=\"https:\/\/i0.wp.com\/blogdalucianaoliveira.com.br\/blog\/wp-content\/uploads\/2020\/11\/image-11.jpeg?fit=600%2C295\" src=\"https:\/\/i0.wp.com\/blogdalucianaoliveira.com.br\/blog\/wp-content\/uploads\/2020\/11\/image-11.jpeg?fit=600%2C295\" alt=\"\" class=\"wp-image-30006\" srcset=\"https:\/\/i0.wp.com\/blogdalucianaoliveira.com.br\/blog\/wp-content\/uploads\/2020\/11\/image-11.jpeg?w=1200 1200w, https:\/\/i0.wp.com\/blogdalucianaoliveira.com.br\/blog\/wp-content\/uploads\/2020\/11\/image-11.jpeg?resize=300%2C148 300w, https:\/\/i0.wp.com\/blogdalucianaoliveira.com.br\/blog\/wp-content\/uploads\/2020\/11\/image-11.jpeg?resize=1024%2C504 1024w, https:\/\/i0.wp.com\/blogdalucianaoliveira.com.br\/blog\/wp-content\/uploads\/2020\/11\/image-11.jpeg?resize=768%2C378 768w, https:\/\/i0.wp.com\/blogdalucianaoliveira.com.br\/blog\/wp-content\/uploads\/2020\/11\/image-11.jpeg?resize=609%2C300 609w\" sizes=\"auto, (max-width: 600px) 100vw, 600px\" \/><\/figure>\n\n\n\n<h4 class=\"wp-block-heading\">S\u00f3 at\u00e9 o primeiro turno, 84 pol\u00edticos foram assassinados no Brasil este ano&nbsp;<\/h4>\n\n\n\n<!--more-->\n\n\n\n<p><strong>PABLO NUNES<\/strong>, Revista Piau\u00ed <\/p>\n\n\n\n<p><strong>E<\/strong>ra uma quarta-feira, 8 de janeiro de 2020, quando a not\u00edcia se espalhou pela cidade de Imbuia, em Santa Catarina:<a href=\"https:\/\/g1.globo.com\/sc\/santa-catarina\/noticia\/2020\/01\/08\/prefeito-de-imbuia-em-sc-e-assassinado-a-tiros.ghtml\">\u00a0o prefeito Jo\u00e3o Schwambach havia sido assassinado com dois tiros em frente ao pr\u00e9dio da prefeitura.<\/a>\u00a0Nesse mesmo dia, a 1.643 km de Imbuia, o<a href=\"https:\/\/matogrossomais.com.br\/2020\/01\/09\/suplente-de-vereador-e-assassinado-com-um-tiro-na-cabeca-em-mt\/\">\u00a0suplente de vereador Nivaldo Gomes de Souza tamb\u00e9m era morto em Aren\u00e1polis, Mato Grosso<\/a>. Depois desses dois assassinatos logo nos primeiros dias de 2020, decidi catalogar, com base no notici\u00e1rio, cada morte e agress\u00e3o sofrida por pol\u00edticos no Brasil. Jo\u00e3o e Nivaldo foram os primeiros da lista de 84 pol\u00edticos mortos este ano at\u00e9 o primeiro turno das elei\u00e7\u00f5es.<\/p>\n\n\n\n<p>A viol\u00eancia contra pol\u00edticos \u00e9 uma das faces mais brutais das disputas eleitorais no Brasil.<a href=\"https:\/\/oglobo.globo.com\/brasil\/eleicoes-2020\/politica-silenciada-serie-revela-que-um-politico-morre-cada-semana-no-brasil-veja-historia-por-tras-de-cada-caso-1-24735254\">&nbsp;De acordo com o Grupo de Investiga\u00e7\u00e3o Eleitoral da Unirio, foram 26 mortes em 2018 e 47 em 2019<\/a>&nbsp;\u2013 o que aponta para um aumento significativo de assassinatos de pol\u00edticos em 2020. E apesar de ser um fen\u00f4meno recorrente, h\u00e1 poucas informa\u00e7\u00f5es sistematizadas que nos ajudem a analisar de maneira mais clara motiva\u00e7\u00f5es, padr\u00f5es e din\u00e2micas dessas mortes.<\/p>\n\n\n\n<p>Foi em 2018 que eu comecei a dar aten\u00e7\u00e3o a esses casos de viol\u00eancia contra pol\u00edticos. Naquele ano, no centro da segunda maior cidade brasileira, a vereadora Marielle Franco foi brutalmente assassinada. Sua morte e a falta de respostas sobre o crime at\u00e9 hoje me fazem pensar no quanto ainda \u00e9 perigoso defender bandeiras, denunciar poderosos e representar uma parcela da popula\u00e7\u00e3o sobre a qual nos acostumamos a dizer: s\u00e3o os que mais morrem e sofrem viol\u00eancias neste pa\u00eds.<\/p>\n\n\n\n<p>Chegamos a 2020, ano de elei\u00e7\u00f5es municipais. Mais de 5 mil cidades espalhadas pelo pa\u00eds escolheram seus prefeitos e vereadores. Em um ano at\u00edpico por conta da pandemia do novo coronav\u00edrus e das medidas de isolamento social, as campanhas foram mais curtas e com menos atividades de rua que nos anos anteriores. Mas a pandemia n\u00e3o freou a viol\u00eancia. Enquanto os n\u00fameros de mortes por policiais batiam recordes no in\u00edcio das medidas de isolamento social no Rio de Janeiro, o n\u00famero de pr\u00e9-candidaturas alvos de viol\u00eancia come\u00e7ou a crescer.<\/p>\n\n\n\n<figure class=\"wp-block-image size-large\"><img loading=\"lazy\" decoding=\"async\" width=\"828\" height=\"1127\" data-attachment-id=\"30007\" data-permalink=\"http:\/\/blogdalucianaoliveira.com.br\/blog\/2020\/11\/18\/politica-resolvida-na-bala\/20c84a70-fdb1-4510-aa09-cb555780c100\/\" data-orig-file=\"https:\/\/i0.wp.com\/blogdalucianaoliveira.com.br\/blog\/wp-content\/uploads\/2020\/11\/20C84A70-FDB1-4510-AA09-CB555780C100.jpeg?fit=828%2C1127\" data-orig-size=\"828,1127\" data-comments-opened=\"0\" data-image-meta=\"{&quot;aperture&quot;:&quot;0&quot;,&quot;credit&quot;:&quot;&quot;,&quot;camera&quot;:&quot;&quot;,&quot;caption&quot;:&quot;&quot;,&quot;created_timestamp&quot;:&quot;0&quot;,&quot;copyright&quot;:&quot;&quot;,&quot;focal_length&quot;:&quot;0&quot;,&quot;iso&quot;:&quot;0&quot;,&quot;shutter_speed&quot;:&quot;0&quot;,&quot;title&quot;:&quot;&quot;,&quot;orientation&quot;:&quot;1&quot;}\" data-image-title=\"20C84A70-FDB1-4510-AA09-CB555780C100\" data-image-description=\"\" data-image-caption=\"\" data-medium-file=\"https:\/\/i0.wp.com\/blogdalucianaoliveira.com.br\/blog\/wp-content\/uploads\/2020\/11\/20C84A70-FDB1-4510-AA09-CB555780C100.jpeg?fit=220%2C300\" data-large-file=\"https:\/\/i0.wp.com\/blogdalucianaoliveira.com.br\/blog\/wp-content\/uploads\/2020\/11\/20C84A70-FDB1-4510-AA09-CB555780C100.jpeg?fit=600%2C817\" src=\"https:\/\/i2.wp.com\/blogdalucianaoliveira.com.br\/blog\/wp-content\/uploads\/2020\/11\/20C84A70-FDB1-4510-AA09-CB555780C100.jpeg?fit=600%2C817\" alt=\"\" class=\"wp-image-30007\" srcset=\"https:\/\/i0.wp.com\/blogdalucianaoliveira.com.br\/blog\/wp-content\/uploads\/2020\/11\/20C84A70-FDB1-4510-AA09-CB555780C100.jpeg?w=828 828w, https:\/\/i0.wp.com\/blogdalucianaoliveira.com.br\/blog\/wp-content\/uploads\/2020\/11\/20C84A70-FDB1-4510-AA09-CB555780C100.jpeg?resize=220%2C300 220w, https:\/\/i0.wp.com\/blogdalucianaoliveira.com.br\/blog\/wp-content\/uploads\/2020\/11\/20C84A70-FDB1-4510-AA09-CB555780C100.jpeg?resize=752%2C1024 752w, https:\/\/i0.wp.com\/blogdalucianaoliveira.com.br\/blog\/wp-content\/uploads\/2020\/11\/20C84A70-FDB1-4510-AA09-CB555780C100.jpeg?resize=768%2C1045 768w\" sizes=\"auto, (max-width: 600px) 100vw, 600px\" \/><\/figure>\n\n\n\n<p>Entre mar\u00e7o e maio houve aumento das mortes, com 27 registros, al\u00e9m de&nbsp;20&nbsp;pol\u00edticos agredidos. J\u00e1 \u00e9 um dado impressionante. Mas em setembro, m\u00eas de t\u00e9rmino do registro de candidaturas, os n\u00fameros saltaram: apenas naquele m\u00eas, 14 pol\u00edticos foram assassinados, e no m\u00eas seguinte foram mais 12.<\/p>\n\n\n\n<p>Pernambuco foi o estado que mais registrou mortes, somando 13 pol\u00edticos assassinados. Desse grupo fazem parte<a href=\"https:\/\/g1.globo.com\/pe\/caruaru-regiao\/noticia\/2020\/01\/29\/vereador-e-assassinado-a-tiros-em-gameleira.ghtml\">\u00a0Jos\u00e9 Ednaldo Marinho<\/a>\u00a0e\u00a0<a href=\"https:\/\/g1.globo.com\/pe\/caruaru-regiao\/noticia\/2020\/04\/24\/vereador-joao-rogerio-e-assassinado-no-centro-de-gameleira.ghtml\">\u00a0Jo\u00e3o Rog\u00e9rio dos Santos de Lima<\/a>, vereadores da cidade de Gameleira, mortos no primeiro semestre deste ano. Localizada na Zona da Mata de Pernambuco, com cerca de 30 mil habitantes, a cidade tem onze cadeiras na C\u00e2mara de Vereadores. A morte dos dois vereadores no in\u00edcio do ano dizimou os dois \u00fanicos de oposi\u00e7\u00e3o. A prefeita Ver\u00f4nica Maria de Oliveira Souza, ou no nome de urna Ver\u00f4nica do Major, \u00e9 mulher do coronel da reserva da Pol\u00edcia Militar Jos\u00e9 Severino Ramos de Souza, chefe pol\u00edtico na cidade h\u00e1 mais de vinte anos. Ver\u00f4nica n\u00e3o foi reeleita no \u00faltimo domingo. <br><\/p>\n\n\n\n<p>A morte dos dois vereadores de Gameleira se deu de maneira semelhante a muitos dos casos que registrei este ano: dois homens saltaram de suas motos (sempre com capacetes) e seus carros, disparando em dire\u00e7\u00e3o \u00e0s v\u00edtimas. Aconteceu assim no Par\u00e1, em outubro, quando&nbsp;<a href=\"https:\/\/g1.globo.com\/pa\/para\/noticia\/2020\/10\/07\/candidato-a-prefeito-no-para-e-morto-com-tiros-na-cabeca-enquanto-estava-em-restaurante.ghtml\">Adriano Sousa Magalh\u00e3es<\/a>,&nbsp;<a href=\"https:\/\/g1.globo.com\/pa\/para\/noticia\/2020\/10\/07\/candidato-a-prefeito-no-para-e-morto-com-tiros-na-cabeca-enquanto-estava-em-restaurante.ghtml\">candidato \u00e0 prefeitura de Dom Eliseu , foi morto quando estava em um restaurante<\/a>. Essa din\u00e2mica de assassinatos por criminosos em motos ou carros, que algumas vezes s\u00e3o clonados, \u00e9 disseminada pelo pa\u00eds: repetiu-se em&nbsp;31&nbsp;casos que registrei este ano. Em outros 40 casos n\u00e3o foi poss\u00edvel definir a din\u00e2mica da morte por falta de informa\u00e7\u00f5es mais detalhadas.<\/p>\n\n\n\n<p>Apesar das din\u00e2micas que na sua quase totalidade apontam para execu\u00e7\u00f5es, \u00e9 muito dif\u00edcil definir as motiva\u00e7\u00f5es dessas mortes.<a href=\"https:\/\/soudapaz.org\/noticias\/instituto-sou-da-paz-expoe-mapa-da-impunidade-de-crimes-contra-a-vida-no-brasil-em-3a-edicao-de-pesquisa\/\">O Brasil \u00e9 um pa\u00eds com baix\u00edssimas taxas de elucida\u00e7\u00e3o de homic\u00eddios, cerca de 30% a cada ano<\/a>, e no caso da viol\u00eancia contra pol\u00edticos \u00e9 ainda mais dif\u00edcil se chegar a autores, mandantes e motiva\u00e7\u00f5es. As poucas investiga\u00e7\u00f5es existentes indicam que muitas dessas mortes s\u00e3o encomendadas por advers\u00e1rios pol\u00edticos que veem na v\u00edtima uma amea\u00e7a aos seus neg\u00f3cios, seu dom\u00ednio eleitoral ou um entrave ao exerc\u00edcio de seu mandato.<\/p>\n\n\n\n<p>E n\u00e3o se pode dizer que essas viol\u00eancia possuem um vi\u00e9s contra pol\u00edticos ligados \u00e0 esquerda ou \u00e0 direita, com determinadas pautas progressistas ou o contr\u00e1rio. O monitoramento dos casos mostra a diversidade partid\u00e1ria entre as v\u00edtimas. O partido com mais mortes registradas foi o PSB, seguido de PTB, PT, PSDB, PSD e MDB.<\/p>\n\n\n\n<figure class=\"wp-block-image size-large\"><img loading=\"lazy\" decoding=\"async\" width=\"828\" height=\"1244\" data-attachment-id=\"30008\" data-permalink=\"http:\/\/blogdalucianaoliveira.com.br\/blog\/2020\/11\/18\/politica-resolvida-na-bala\/2d878288-7960-4291-9e80-769e1656d200\/\" data-orig-file=\"https:\/\/i0.wp.com\/blogdalucianaoliveira.com.br\/blog\/wp-content\/uploads\/2020\/11\/2D878288-7960-4291-9E80-769E1656D200.jpeg?fit=828%2C1244\" data-orig-size=\"828,1244\" data-comments-opened=\"0\" data-image-meta=\"{&quot;aperture&quot;:&quot;0&quot;,&quot;credit&quot;:&quot;&quot;,&quot;camera&quot;:&quot;&quot;,&quot;caption&quot;:&quot;&quot;,&quot;created_timestamp&quot;:&quot;0&quot;,&quot;copyright&quot;:&quot;&quot;,&quot;focal_length&quot;:&quot;0&quot;,&quot;iso&quot;:&quot;0&quot;,&quot;shutter_speed&quot;:&quot;0&quot;,&quot;title&quot;:&quot;&quot;,&quot;orientation&quot;:&quot;1&quot;}\" data-image-title=\"2D878288-7960-4291-9E80-769E1656D200\" data-image-description=\"\" data-image-caption=\"\" data-medium-file=\"https:\/\/i0.wp.com\/blogdalucianaoliveira.com.br\/blog\/wp-content\/uploads\/2020\/11\/2D878288-7960-4291-9E80-769E1656D200.jpeg?fit=200%2C300\" data-large-file=\"https:\/\/i0.wp.com\/blogdalucianaoliveira.com.br\/blog\/wp-content\/uploads\/2020\/11\/2D878288-7960-4291-9E80-769E1656D200.jpeg?fit=600%2C901\" src=\"https:\/\/i0.wp.com\/blogdalucianaoliveira.com.br\/blog\/wp-content\/uploads\/2020\/11\/2D878288-7960-4291-9E80-769E1656D200.jpeg?fit=600%2C901\" alt=\"\" class=\"wp-image-30008\" srcset=\"https:\/\/i0.wp.com\/blogdalucianaoliveira.com.br\/blog\/wp-content\/uploads\/2020\/11\/2D878288-7960-4291-9E80-769E1656D200.jpeg?w=828 828w, https:\/\/i0.wp.com\/blogdalucianaoliveira.com.br\/blog\/wp-content\/uploads\/2020\/11\/2D878288-7960-4291-9E80-769E1656D200.jpeg?resize=200%2C300 200w, https:\/\/i0.wp.com\/blogdalucianaoliveira.com.br\/blog\/wp-content\/uploads\/2020\/11\/2D878288-7960-4291-9E80-769E1656D200.jpeg?resize=682%2C1024 682w, https:\/\/i0.wp.com\/blogdalucianaoliveira.com.br\/blog\/wp-content\/uploads\/2020\/11\/2D878288-7960-4291-9E80-769E1656D200.jpeg?resize=768%2C1154 768w\" sizes=\"auto, (max-width: 600px) 100vw, 600px\" \/><\/figure>\n\n\n\n<h6 class=\"wp-block-heading\">Infogr\u00e1ficos: Camille Lichotti\/Pablo Nunes<\/h6>\n\n\n\n<p>Atentados, amea\u00e7as e a morte de familiares tamb\u00e9m servem de aviso, a fim de demover o pol\u00edtico \u2013 no caso, se ele sobreviver \u2013 da sua candidatura. Esse uso da viol\u00eancia como forma de \u201cconvencimento\u201d ficou bastante claro nas duas \u00faltimas semanas antes do primeiro turno: cerca de 25 candidatos a prefeituras e prefeitos pelo Brasil sofreram atentados. Foram tr\u00eas casos em S\u00e3o Paulo,<a href=\"https:\/\/agora.folha.uol.com.br\/sao-paulo\/2020\/11\/carro-de-candidata-a-prefeita-e-alvo-de-tiros-no-litoral-paulista.shtml\">&nbsp;como o de Solange Freitas, candidata em S\u00e3o Vicente<\/a>, tr\u00eas na Para\u00edba e mais tr\u00eas em Minas Gerais. De certa forma, criminosos tentaram antecipar o primeiro turno pela viol\u00eancia.<\/p>\n\n\n\n<p>A viol\u00eancia contra pol\u00edticos parece ter sido incorporada como ferramenta para resolu\u00e7\u00e3o de disputas eleitorais e pol\u00edticas por todo o pa\u00eds. H\u00e1 ind\u00edcios claros de que o n\u00famero de v\u00edtimas tem aumentado nos \u00faltimos anos. Aliada \u00e0 impunidade, que de certa forma encoraja os autores de crimes pela certeza de n\u00e3o serem punidos, temos que incluir como fator explicativo para esse aumento a forma pela qual a viol\u00eancia tem sido usada como ret\u00f3rica pol\u00edtica.<\/p>\n\n\n\n<p>Desde a campanha que o elegeu em 2018, o presidente Jair Bolsonaro utiliza em seus discursos a ideia da viol\u00eancia contra opositores pol\u00edticos,<a href=\"https:\/\/exame.com\/brasil\/vamos-fuzilar-a-petralhada-diz-bolsonaro-em-campanha-no-acre\/\">&nbsp;como no discurso no Acre em que conclamou seus seguidores a \u201cfuzilar a petralhada\u201d<\/a>. Na cadeira de presidente, ele fez retroceder uma s\u00e9rie de limita\u00e7\u00f5es \u00e0 posse e ao porte de armas,&nbsp;<a href=\"https:\/\/piaui.folha.uol.com.br\/o-brasil-se-arma\/\">assistimos ao aumento expressivo de \u201cca\u00e7adores\u201d no pa\u00eds<\/a>, e o resultado j\u00e1 pode ser visto pelo<a href=\"https:\/\/forumseguranca.org.br\/anuario-brasileiro-seguranca-publica\/\">&nbsp;aumento dos homic\u00eddios no pa\u00eds este ano<\/a>.<\/p>\n\n\n\n<p>\u00c9 urgente refundar as bases da disputa pol\u00edtica no pa\u00eds. Uma das premissas b\u00e1sicas da democracia \u00e9 a possibilidade de votar e poder ser votado, e a viol\u00eancia contra pol\u00edticos \u00e9 a forma mais brutal de negar esse direito. Se n\u00e3o h\u00e1 garantias de que direitos t\u00e3o elementares ser\u00e3o preservados, ent\u00e3o todos os demais nos podem ser retirados.<\/p>\n","protected":false},"excerpt":{"rendered":"<p>S\u00f3 at\u00e9 o primeiro turno, 84 pol\u00edticos foram assassinados no Brasil este ano&nbsp;<\/p>\n","protected":false},"author":1,"featured_media":0,"comment_status":"closed","ping_status":"open","sticky":false,"template":"","format":"standard","meta":{"_exactmetrics_skip_tracking":false,"_exactmetrics_sitenote_active":false,"_exactmetrics_sitenote_note":"","_exactmetrics_sitenote_category":0,"jetpack_post_was_ever_published":false,"_jetpack_newsletter_access":"","_jetpack_dont_email_post_to_subs":false,"_jetpack_newsletter_tier_id":0,"_jetpack_memberships_contains_paywalled_content":false,"_jetpack_memberships_contains_paid_content":false,"footnotes":"","jetpack_publicize_message":"","jetpack_publicize_feature_enabled":true,"jetpack_social_post_already_shared":true,"jetpack_social_options":{"image_generator_settings":{"template":"highway","enabled":false},"version":2}},"categories":[1],"tags":[],"class_list":["post-30005","post","type-post","status-publish","format-standard","hentry","category-notas"],"jetpack_publicize_connections":[],"jetpack_sharing_enabled":true,"jetpack_featured_media_url":"","jetpack_shortlink":"https:\/\/wp.me\/p7wKYW-7NX","jetpack-related-posts":[],"_links":{"self":[{"href":"http:\/\/blogdalucianaoliveira.com.br\/blog\/wp-json\/wp\/v2\/posts\/30005","targetHints":{"allow":["GET"]}}],"collection":[{"href":"http:\/\/blogdalucianaoliveira.com.br\/blog\/wp-json\/wp\/v2\/posts"}],"about":[{"href":"http:\/\/blogdalucianaoliveira.com.br\/blog\/wp-json\/wp\/v2\/types\/post"}],"author":[{"embeddable":true,"href":"http:\/\/blogdalucianaoliveira.com.br\/blog\/wp-json\/wp\/v2\/users\/1"}],"replies":[{"embeddable":true,"href":"http:\/\/blogdalucianaoliveira.com.br\/blog\/wp-json\/wp\/v2\/comments?post=30005"}],"version-history":[{"count":1,"href":"http:\/\/blogdalucianaoliveira.com.br\/blog\/wp-json\/wp\/v2\/posts\/30005\/revisions"}],"predecessor-version":[{"id":30009,"href":"http:\/\/blogdalucianaoliveira.com.br\/blog\/wp-json\/wp\/v2\/posts\/30005\/revisions\/30009"}],"wp:attachment":[{"href":"http:\/\/blogdalucianaoliveira.com.br\/blog\/wp-json\/wp\/v2\/media?parent=30005"}],"wp:term":[{"taxonomy":"category","embeddable":true,"href":"http:\/\/blogdalucianaoliveira.com.br\/blog\/wp-json\/wp\/v2\/categories?post=30005"},{"taxonomy":"post_tag","embeddable":true,"href":"http:\/\/blogdalucianaoliveira.com.br\/blog\/wp-json\/wp\/v2\/tags?post=30005"}],"curies":[{"name":"wp","href":"https:\/\/api.w.org\/{rel}","templated":true}]}}