{"id":30013,"date":"2020-11-19T16:39:39","date_gmt":"2020-11-19T20:39:39","guid":{"rendered":"http:\/\/blogdalucianaoliveira.com.br\/blog\/?p=30013"},"modified":"2020-11-19T16:39:47","modified_gmt":"2020-11-19T20:39:47","slug":"a-cada-cem-prefeitos-eleitos-este-ano-12-foram-mulheres","status":"publish","type":"post","link":"http:\/\/blogdalucianaoliveira.com.br\/blog\/2020\/11\/19\/a-cada-cem-prefeitos-eleitos-este-ano-12-foram-mulheres\/","title":{"rendered":"A CADA CEM PREFEITOS ELEITOS ESTE ANO, 12 FORAM MULHERES"},"content":{"rendered":"\n<figure class=\"wp-block-image size-large\"><img loading=\"lazy\" decoding=\"async\" width=\"1200\" height=\"2366\" data-attachment-id=\"30014\" data-permalink=\"http:\/\/blogdalucianaoliveira.com.br\/blog\/2020\/11\/19\/a-cada-cem-prefeitos-eleitos-este-ano-12-foram-mulheres\/79310c7e-7e4f-41f5-bd8e-8c79c99292dd\/\" data-orig-file=\"https:\/\/i0.wp.com\/blogdalucianaoliveira.com.br\/blog\/wp-content\/uploads\/2020\/11\/79310C7E-7E4F-41F5-BD8E-8C79C99292DD.jpeg?fit=1200%2C2366\" data-orig-size=\"1200,2366\" data-comments-opened=\"0\" data-image-meta=\"{&quot;aperture&quot;:&quot;0&quot;,&quot;credit&quot;:&quot;&quot;,&quot;camera&quot;:&quot;&quot;,&quot;caption&quot;:&quot;&quot;,&quot;created_timestamp&quot;:&quot;0&quot;,&quot;copyright&quot;:&quot;&quot;,&quot;focal_length&quot;:&quot;0&quot;,&quot;iso&quot;:&quot;0&quot;,&quot;shutter_speed&quot;:&quot;0&quot;,&quot;title&quot;:&quot;&quot;,&quot;orientation&quot;:&quot;0&quot;}\" data-image-title=\"79310C7E-7E4F-41F5-BD8E-8C79C99292DD\" data-image-description=\"\" data-image-caption=\"\" data-medium-file=\"https:\/\/i0.wp.com\/blogdalucianaoliveira.com.br\/blog\/wp-content\/uploads\/2020\/11\/79310C7E-7E4F-41F5-BD8E-8C79C99292DD.jpeg?fit=152%2C300\" data-large-file=\"https:\/\/i0.wp.com\/blogdalucianaoliveira.com.br\/blog\/wp-content\/uploads\/2020\/11\/79310C7E-7E4F-41F5-BD8E-8C79C99292DD.jpeg?fit=519%2C1024\" src=\"https:\/\/i1.wp.com\/blogdalucianaoliveira.com.br\/blog\/wp-content\/uploads\/2020\/11\/79310C7E-7E4F-41F5-BD8E-8C79C99292DD.jpeg?fit=519%2C1024\" alt=\"\" class=\"wp-image-30014\" srcset=\"https:\/\/i0.wp.com\/blogdalucianaoliveira.com.br\/blog\/wp-content\/uploads\/2020\/11\/79310C7E-7E4F-41F5-BD8E-8C79C99292DD.jpeg?w=1200 1200w, https:\/\/i0.wp.com\/blogdalucianaoliveira.com.br\/blog\/wp-content\/uploads\/2020\/11\/79310C7E-7E4F-41F5-BD8E-8C79C99292DD.jpeg?resize=152%2C300 152w, https:\/\/i0.wp.com\/blogdalucianaoliveira.com.br\/blog\/wp-content\/uploads\/2020\/11\/79310C7E-7E4F-41F5-BD8E-8C79C99292DD.jpeg?resize=519%2C1024 519w, https:\/\/i0.wp.com\/blogdalucianaoliveira.com.br\/blog\/wp-content\/uploads\/2020\/11\/79310C7E-7E4F-41F5-BD8E-8C79C99292DD.jpeg?resize=768%2C1514 768w, https:\/\/i0.wp.com\/blogdalucianaoliveira.com.br\/blog\/wp-content\/uploads\/2020\/11\/79310C7E-7E4F-41F5-BD8E-8C79C99292DD.jpeg?resize=779%2C1536 779w, https:\/\/i0.wp.com\/blogdalucianaoliveira.com.br\/blog\/wp-content\/uploads\/2020\/11\/79310C7E-7E4F-41F5-BD8E-8C79C99292DD.jpeg?resize=1039%2C2048 1039w\" sizes=\"auto, (max-width: 600px) 100vw, 600px\" \/><\/figure>\n\n\n\n<p>Revista Piau\u00ed<\/p>\n\n\n\n<!--more-->\n\n\n\n<p><strong>AMANDA GORZIZA, LIANNE CEAR\u00c1, MARCOS AMOROZO, HELLEN GUIMAR\u00c3ES E RENATA BUONO<\/strong><\/p>\n\n\n\n<p><strong>O<\/strong> avan\u00e7o das mulheres na pol\u00edtica brasileira tem sido cont\u00ednuo \u2013 mas muito lento. Em 2012, houve 659 prefeitas eleitas \u2013 11,84% do total de ocupantes do Executivo. Em 2016, o n\u00famero diminuiu para 641 \u2013 11,5%. Este ano, 650 mulheres j\u00e1 foram eleitas\u00a0 \u2013 12,1% do total \u2013 e em 19 cidades h\u00e1 mulheres disputando o segundo turno. Concorreram na elei\u00e7\u00e3o para o Executivo 2.529 mulheres, que representavam 13,5% do total de postulantes.\u00a0<\/p>\n\n\n\n<p>O Nordeste concentra quase a metade das prefeitas eleitas no Brasil \u2013 300 no total. J\u00e1 o Centro-Oeste teve 52 mulheres eleitas. Das sete capitais que decidiram a elei\u00e7\u00e3o no primeiro turno, s\u00f3 uma \u00e9 mulher: Cinthia Ribeiro (PSDB), de Palmas, foi reeleita para o cargo que assumiu em abril de 2018, ap\u00f3s a ren\u00fancia do ent\u00e3o prefeito Carlos Amastha (PSB).&nbsp;<\/p>\n\n\n\n<p>Das 19 cidades que ter\u00e3o mulheres disputando o segundo turno, s\u00f3 Ponta Grossa, no Paran\u00e1, ter\u00e1 um segundo turno entre duas postulantes mulheres.&nbsp;<\/p>\n\n\n\n<p><strong>Fonte:<\/strong>&nbsp;Dados do Tribunal Superior Eleitoral tabulados pela empresa ASK-AR a pedido da&nbsp;<strong>piau\u00ed<\/strong><\/p>\n","protected":false},"excerpt":{"rendered":"<p>Revista Piau\u00ed<\/p>\n","protected":false},"author":1,"featured_media":0,"comment_status":"closed","ping_status":"open","sticky":false,"template":"","format":"standard","meta":{"_exactmetrics_skip_tracking":false,"_exactmetrics_sitenote_active":false,"_exactmetrics_sitenote_note":"","_exactmetrics_sitenote_category":0,"jetpack_post_was_ever_published":false,"_jetpack_newsletter_access":"","_jetpack_dont_email_post_to_subs":false,"_jetpack_newsletter_tier_id":0,"_jetpack_memberships_contains_paywalled_content":false,"_jetpack_memberships_contains_paid_content":false,"footnotes":"","jetpack_publicize_message":"","jetpack_publicize_feature_enabled":true,"jetpack_social_post_already_shared":true,"jetpack_social_options":{"image_generator_settings":{"template":"highway","enabled":false},"version":2}},"categories":[1],"tags":[],"class_list":["post-30013","post","type-post","status-publish","format-standard","hentry","category-notas"],"jetpack_publicize_connections":[],"jetpack_sharing_enabled":true,"jetpack_featured_media_url":"","jetpack_shortlink":"https:\/\/wp.me\/p7wKYW-7O5","jetpack-related-posts":[],"_links":{"self":[{"href":"http:\/\/blogdalucianaoliveira.com.br\/blog\/wp-json\/wp\/v2\/posts\/30013","targetHints":{"allow":["GET"]}}],"collection":[{"href":"http:\/\/blogdalucianaoliveira.com.br\/blog\/wp-json\/wp\/v2\/posts"}],"about":[{"href":"http:\/\/blogdalucianaoliveira.com.br\/blog\/wp-json\/wp\/v2\/types\/post"}],"author":[{"embeddable":true,"href":"http:\/\/blogdalucianaoliveira.com.br\/blog\/wp-json\/wp\/v2\/users\/1"}],"replies":[{"embeddable":true,"href":"http:\/\/blogdalucianaoliveira.com.br\/blog\/wp-json\/wp\/v2\/comments?post=30013"}],"version-history":[{"count":1,"href":"http:\/\/blogdalucianaoliveira.com.br\/blog\/wp-json\/wp\/v2\/posts\/30013\/revisions"}],"predecessor-version":[{"id":30015,"href":"http:\/\/blogdalucianaoliveira.com.br\/blog\/wp-json\/wp\/v2\/posts\/30013\/revisions\/30015"}],"wp:attachment":[{"href":"http:\/\/blogdalucianaoliveira.com.br\/blog\/wp-json\/wp\/v2\/media?parent=30013"}],"wp:term":[{"taxonomy":"category","embeddable":true,"href":"http:\/\/blogdalucianaoliveira.com.br\/blog\/wp-json\/wp\/v2\/categories?post=30013"},{"taxonomy":"post_tag","embeddable":true,"href":"http:\/\/blogdalucianaoliveira.com.br\/blog\/wp-json\/wp\/v2\/tags?post=30013"}],"curies":[{"name":"wp","href":"https:\/\/api.w.org\/{rel}","templated":true}]}}