{"id":30023,"date":"2020-11-20T10:53:30","date_gmt":"2020-11-20T14:53:30","guid":{"rendered":"http:\/\/blogdalucianaoliveira.com.br\/blog\/?p=30023"},"modified":"2020-11-20T10:53:39","modified_gmt":"2020-11-20T14:53:39","slug":"negros-ganham-17-menos-do-que-brancos-da-mesma-origem-social-aponta-estudo-da-pucrs","status":"publish","type":"post","link":"http:\/\/blogdalucianaoliveira.com.br\/blog\/2020\/11\/20\/negros-ganham-17-menos-do-que-brancos-da-mesma-origem-social-aponta-estudo-da-pucrs\/","title":{"rendered":"Negros ganham 17% menos do que brancos da mesma origem social, aponta estudo da PUCRS"},"content":{"rendered":"\n<figure class=\"wp-block-image\"><img data-recalc-dims=\"1\" decoding=\"async\" src=\"https:\/\/i0.wp.com\/s2.glbimg.com\/CAhXZnmB1PBzfAAPR6KHn_bfaik%3D\/0x0%3A1083x636\/984x0\/smart\/filters%3Astrip_icc%28%29\/i.s3.glbimg.com\/v1\/AUTH_59edd422c0c84a879bd37670ae4f538a\/internal_photos\/bs\/2020\/R\/1\/GrR3K6Q3AFErtPamOSEg\/whatsapp-image-2020-11-19-at-20.32.37-1-.jpeg?w=600&#038;ssl=1\" alt=\"Pesquisa usou dados da PNAD para analisar as estimativas de renda de negros e brancos com as mesmas origens sociais \u2014 Foto: Reprodu\u00e7\u00e3o\/RBS TV\"\/><\/figure>\n\n\n\n<h4 class=\"wp-block-heading\">Pesquisador explica o dado com analogia sobre corrida: como se o indiv\u00edduo negro largasse mais atr\u00e1s, em fun\u00e7\u00e3o da origem social, carregando uma mochila pesada, que \u00e9 a discrimina\u00e7\u00e3o racial.<\/h4>\n\n\n\n<!--more-->\n\n\n\n<p>Por Jana\u00edna Lopes, G1 RS<\/p>\n\n\n\n<p>Um&nbsp;trabalhador negro ganha cerca de 17% a menos do que um branco, mesmo que ambos tenham origens sociais semelhantes. A conclus\u00e3o \u00e9 de um estudo do Programa de P\u00f3s-Gradua\u00e7\u00e3o em Ci\u00eancias Sociais da PUCRS juntamente com a Rede de Observat\u00f3rios da D\u00edvida Social na Am\u00e9rica Latina (Rede ODSAL), publicado na revista cient\u00edfica Dados, do Rio de Janeiro. O artigo pode ser conferido no site da&nbsp;<a href=\"https:\/\/www.scielo.br\/scielo.php?script=sci_arttext&amp;pid=S0011-52582020000300203&amp;lng=en&amp;nrm=iso&amp;tlng=en\" target=\"_blank\" rel=\"noreferrer noopener\">publica\u00e7\u00e3o<\/a>.<\/p>\n\n\n\n<p>A diferen\u00e7a salarial entre negros e brancos, de um modo geral, j\u00e1 \u00e9 conhecida. Em 2019, o Instituto Brasileiro de Geografia e Estat\u00edstica (IBGE) divulgou pesquisa que apontou que<a href=\"https:\/\/g1.globo.com\/economia\/noticia\/2019\/11\/13\/trabalhador-negro-ganha-por-hora-59percent-do-rendimento-do-trabalhador-branco-mostra-ibge.ghtml\">&nbsp;brancos ganham 68% a mais do que os negros.&nbsp;<\/a>O que o estudo da PUCRS mostra \u00e9 como as origens sociais tamb\u00e9m impactam nos ganhos.<\/p>\n\n\n\n<p>Com base nos dados da Pesquisa Nacional por Amostragem de Domic\u00edlios (PNAD) de 2014, o grupo de pesquisadores&nbsp;<strong>projetou estimativas de renda para trabalhadores pretos e brancos<\/strong>&nbsp;que tenham origens sociais parecidas.<\/p>\n\n\n\n<p>Os indiv\u00edduos foram divididos em dois grupos: os que v\u00eam de fam\u00edlia com o chamado\u00a0<strong>&#8220;perfil branco&#8221;<\/strong>\u00a0e o chamado\u00a0<strong>&#8220;perfil negro&#8221;.<\/strong>\u00a0Para estabelecer as caracter\u00edsticas destes perfis, para fins de classifica\u00e7\u00e3o de pesquisa, o grupo levou em conta itens que revelem a origem do indiv\u00edduo, como forma\u00e7\u00e3o e ocupa\u00e7\u00e3o dos pais, se houve migra\u00e7\u00e3o entre estados ou n\u00e3o, entre outros dados verificados no bloco de mobilidade social da PNAD.<br><\/p>\n\n\n\n<p>Para a pesquisa, foram usados os dados de pessoas com idades entre 20 a 64 anos e que estavam inseridas no mercado de trabalho.<\/p>\n\n\n\n<p>Dentro de cada grupo, os pesquisadores aplicaram vari\u00e1veis, com base em dados da realidade, para estimar a renda de pessoas brancas e negras.<\/p>\n\n\n\n<p>A proje\u00e7\u00e3o resultou em uma diferen\u00e7a de&nbsp;<strong>17% nos rendimentos de um indiv\u00edduo negro com as mesmas origens sociais do que um trabalhador branco<\/strong>.&nbsp;E isso vale tanto para o grupo social de perfil branco quanto para o grupo de perfil negro.<\/p>\n\n\n\n<p>&#8220;Se voc\u00ea pega dois indiv\u00edduos com a mesm\u00edssima origem social, com as fam\u00edlias de origem exatamente iguais, um negro e outro branco, l\u00e1 na ponta os negros v\u00e3o sentir uma desvantagem pura e simplesmente pelo fato de serem negros&#8221;, afirma o coordenador da pesquisa, Andr\u00e9 Salata.<\/p>\n\n\n\n<figure class=\"wp-block-image\"><img data-recalc-dims=\"1\" decoding=\"async\" src=\"https:\/\/i0.wp.com\/s2.glbimg.com\/81rSDwlrdKJHADJXKaXTbaGPrrA%3D\/0x0%3A612x421\/984x0\/smart\/filters%3Astrip_icc%28%29\/i.s3.glbimg.com\/v1\/AUTH_59edd422c0c84a879bd37670ae4f538a\/internal_photos\/bs\/2020\/U\/1\/fbXEw8SXiV7w0F0jBiiQ\/outlook-sjgpnkjn.png?w=600&#038;ssl=1\" alt=\"Barras 'perfis brancos e negros' representam origem social, e os blocos, os indiv\u00edduos de cada ra\u00e7a de acordo com os ganhos estimados \u2014 Foto: Reprodu\u00e7\u00e3o\/PUCRS\"\/><\/figure>\n\n\n\n<p>Barras &#8216;perfis brancos e negros&#8217; representam origem social, e os blocos, os indiv\u00edduos de cada ra\u00e7a de acordo com os ganhos estimados \u2014 Foto: Reprodu\u00e7\u00e3o\/PUCRS<\/p>\n\n\n\n<blockquote class=\"wp-block-quote is-layout-flow wp-block-quote-is-layout-flow\"><p>Salata explica o dado com uma analogia: se voc\u00ea tem uma corrida de 100 metros, \u00e9 como se o indiv\u00edduo negro largasse mais atr\u00e1s, em fun\u00e7\u00e3o de sua origem social, carregando uma mochila pesada, que \u00e9 a discrimina\u00e7\u00e3o racial.<\/p><\/blockquote>\n\n\n\n<p>Na an\u00e1lise do pesquisador, a desigualdade racial \u00e9 estrutural, e n\u00e3o se modifica rapidamente, j\u00e1 que&nbsp;<strong>est\u00e1 ligada \u00e0 desigualdade social.&nbsp;<\/strong>\u00c9 isso que explica a dificuldade dos cidad\u00e3os negros de migrarem socialmente, mesmo que tenham contextos semelhantes aos brancos.<\/p>\n\n\n\n<figure><iframe width=\"970\" height=\"250\"><\/iframe><\/figure>\n\n\n\n<p>&#8220;O efeito ra\u00e7a, em si, parece bastante estrutural. At\u00e9 tem indica\u00e7\u00f5es que poderia estar caindo, mas se existe, ela [a queda] \u00e9 lenta&#8221;, observa o pesquisador.<\/p>\n\n\n\n<h2 class=\"wp-block-heading\">Efeitos da ra\u00e7a nos rendimentos<\/h2>\n\n\n\n<p>Al\u00e9m do impacto do contexto social, a pesquisa tamb\u00e9m analisou<strong>&nbsp;em que per\u00edodos da trajet\u00f3ria dos negros a ra\u00e7a acaba sendo determinante<\/strong>. Para esta vari\u00e1vel, os pesquisadores avaliaram o efeito da ra\u00e7a, ou seja, em quais momentos as consequ\u00eancias de ser negro ou branco s\u00e3o mais fortes.<\/p>\n\n\n\n<p>O mercado de trabalho e a defini\u00e7\u00e3o salarial correspondem a 41,6% do efeito que a ra\u00e7a tem nos ganhos dos trabalhadores.<\/p>\n\n\n\n<p>A escolaridade, por sua vez, corresponde a 41,3% do impacto que o efeito da ra\u00e7a nos rendimentos dos negros. E a aloca\u00e7\u00e3o ocupacional corresponde a 17,1% desta estimativa.<\/p>\n\n\n\n<p>\u201cMesmo quando comparamos indiv\u00edduos com caracter\u00edsticas semelhantes, os negros tendem a alcan\u00e7ar menor escolaridade, o que acarreta em rendimentos menores no mercado de trabalho&#8221;, observa Salata.<\/p>\n\n\n\n<blockquote class=\"wp-block-quote is-layout-flow wp-block-quote-is-layout-flow\"><p>\u201c\u00c9 necess\u00e1rio ter uma vis\u00e3o mais abrangente no combate \u00e0s desigualdades raciais. Elas come\u00e7am na pr\u00f3pria origem social, passam pela escola e se refor\u00e7am no mercado de trabalho. Como resultado, mais de 130 anos ap\u00f3s a aboli\u00e7\u00e3o da escravid\u00e3o, ainda convivemos com uma sociedade onde a desigualdade racial \u00e9 gigantesca\u201d, conclui o professor da PUCRS.<\/p><\/blockquote>\n\n\n\n<p><\/p>\n","protected":false},"excerpt":{"rendered":"<p>Pesquisador explica o dado com analogia sobre corrida: como se o indiv\u00edduo negro largasse mais atr\u00e1s, em fun\u00e7\u00e3o da origem social, carregando uma mochila pesada, que \u00e9 a discrimina\u00e7\u00e3o racial.<\/p>\n","protected":false},"author":1,"featured_media":0,"comment_status":"closed","ping_status":"open","sticky":false,"template":"","format":"standard","meta":{"_exactmetrics_skip_tracking":false,"_exactmetrics_sitenote_active":false,"_exactmetrics_sitenote_note":"","_exactmetrics_sitenote_category":0,"jetpack_post_was_ever_published":false,"_jetpack_newsletter_access":"","_jetpack_dont_email_post_to_subs":false,"_jetpack_newsletter_tier_id":0,"_jetpack_memberships_contains_paywalled_content":false,"_jetpack_memberships_contains_paid_content":false,"footnotes":"","jetpack_publicize_message":"","jetpack_publicize_feature_enabled":true,"jetpack_social_post_already_shared":true,"jetpack_social_options":{"image_generator_settings":{"template":"highway","enabled":false},"version":2}},"categories":[1],"tags":[],"class_list":["post-30023","post","type-post","status-publish","format-standard","hentry","category-notas"],"jetpack_publicize_connections":[],"jetpack_sharing_enabled":true,"jetpack_featured_media_url":"","jetpack_shortlink":"https:\/\/wp.me\/p7wKYW-7Of","jetpack-related-posts":[],"_links":{"self":[{"href":"http:\/\/blogdalucianaoliveira.com.br\/blog\/wp-json\/wp\/v2\/posts\/30023","targetHints":{"allow":["GET"]}}],"collection":[{"href":"http:\/\/blogdalucianaoliveira.com.br\/blog\/wp-json\/wp\/v2\/posts"}],"about":[{"href":"http:\/\/blogdalucianaoliveira.com.br\/blog\/wp-json\/wp\/v2\/types\/post"}],"author":[{"embeddable":true,"href":"http:\/\/blogdalucianaoliveira.com.br\/blog\/wp-json\/wp\/v2\/users\/1"}],"replies":[{"embeddable":true,"href":"http:\/\/blogdalucianaoliveira.com.br\/blog\/wp-json\/wp\/v2\/comments?post=30023"}],"version-history":[{"count":1,"href":"http:\/\/blogdalucianaoliveira.com.br\/blog\/wp-json\/wp\/v2\/posts\/30023\/revisions"}],"predecessor-version":[{"id":30024,"href":"http:\/\/blogdalucianaoliveira.com.br\/blog\/wp-json\/wp\/v2\/posts\/30023\/revisions\/30024"}],"wp:attachment":[{"href":"http:\/\/blogdalucianaoliveira.com.br\/blog\/wp-json\/wp\/v2\/media?parent=30023"}],"wp:term":[{"taxonomy":"category","embeddable":true,"href":"http:\/\/blogdalucianaoliveira.com.br\/blog\/wp-json\/wp\/v2\/categories?post=30023"},{"taxonomy":"post_tag","embeddable":true,"href":"http:\/\/blogdalucianaoliveira.com.br\/blog\/wp-json\/wp\/v2\/tags?post=30023"}],"curies":[{"name":"wp","href":"https:\/\/api.w.org\/{rel}","templated":true}]}}