{"id":30025,"date":"2020-11-20T11:50:09","date_gmt":"2020-11-20T15:50:09","guid":{"rendered":"http:\/\/blogdalucianaoliveira.com.br\/blog\/?p=30025"},"modified":"2020-11-20T11:50:18","modified_gmt":"2020-11-20T15:50:18","slug":"na-vespera-da-consciencia-negra-cliente-negro-e-espancado-ate-a-morte-em-loja-do-carrefour-de-porto-alegre","status":"publish","type":"post","link":"http:\/\/blogdalucianaoliveira.com.br\/blog\/2020\/11\/20\/na-vespera-da-consciencia-negra-cliente-negro-e-espancado-ate-a-morte-em-loja-do-carrefour-de-porto-alegre\/","title":{"rendered":"Na v\u00e9spera da Consci\u00eancia Negra, cliente negro \u00e9 espancado at\u00e9 a morte em loja do Carrefour de Porto Alegre"},"content":{"rendered":"\n<figure class=\"wp-block-image\"><img data-recalc-dims=\"1\" decoding=\"async\" src=\"https:\/\/i0.wp.com\/imagens.brasil.elpais.com\/resizer\/Kuqo2QCVzX6oss2u-v3fsWzxOSs%3D\/1500x0\/cloudfront-eu-central-1.images.arcpublishing.com\/prisa\/HNH65ROKAJENNFUYS6CUMZ6CTM.jpg?w=600&#038;ssl=1\" alt=\"Imagem do momento em quem Jo\u00e3o Alberto Silveira Freitas, de 40 anos, foi espancado.\"\/><\/figure>\n\n\n\n<p>Os dois autores, um policial militar tempor\u00e1rio e um seguran\u00e7a do supermercado, foram presos em flagrante. Carrefour lamentou o epis\u00f3dio e disse que rompeu contrato com a empresa de vigil\u00e2ncia. Caso gerou como\u00e7\u00e3o ap\u00f3s v\u00eddeos do espancamento da v\u00edtima circularem nas redes sociais.<\/p>\n\n\n\n<!--more-->\n\n\n\n<p><a href=\"https:\/\/brasil.elpais.com\/autor\/heloisa-de-resende-mendonca\/\">HELO\u00cdSA MENDON\u00c7A<\/a>, El Pa\u00eds<\/p>\n\n\n\n<p>Um homem negro morreu na noite desta quinta-feira, 19 de novembro, v\u00e9spera do\u00a0<a rel=\"noreferrer noopener\" href=\"https:\/\/brasil.elpais.com\/noticias\/dia-conciencia-negra\/\" target=\"_blank\">Dia da Consci\u00eancia Negra<\/a>, ap\u00f3s ter sido espancado na porta de uma unidade da rede de supermercados\u00a0<a rel=\"noreferrer noopener\" href=\"https:\/\/brasil.elpais.com\/noticias\/carrefour\/\" target=\"_blank\">Carrefour\u00a0<\/a>por dois homens brancos em Porto Alegre, no Rio Grande do Sul. A v\u00edtima, identificada como Jo\u00e3o Alberto Silveira Freitas, 40 anos, teria discutido com uma funcion\u00e1ria que atuava como caixa do estabelecimento e foi conduzida pelo seguran\u00e7a da loja at\u00e9 o estacionamento, no andar inferior. A brutal sequ\u00eancia de agress\u00f5es que resultou na morte de Freitas foram gravadas e as imagens causaram como\u00e7\u00e3o nas redes socais entre a madrugada de quinta e esta sexta-feira. Um policial militar tempor\u00e1rio e um seguran\u00e7a do mercado foram presos em flagrante. A investiga\u00e7\u00e3o trata o crime como homic\u00eddio qualificado.<br><\/p>\n\n\n\n<p>\n\nSegundo informa\u00e7\u00f5es do site&nbsp;<em>Ga\u00fachaZH<\/em>, o espancamento aconteceu ap\u00f3s um bate-boca entre a v\u00edtima com uma funcion\u00e1ria do supermercado. Ela chamou os seguran\u00e7as, que o levaram para fora e o espancaram. A Brigada Militar (a Pol\u00edcia Militar ga\u00facha), que atendeu a ocorr\u00eancia, informou que a v\u00edtima discutiu com a dupla por n\u00e3o aceitar deixar o local. J\u00e1 testemunhas que estavam no supermercado disseram que o homem foi seguido e agredido na sa\u00edda, ainda segundo o&nbsp;<em>Ga\u00fachaZH<\/em>. N\u00e3o est\u00e1 claro se o PM tempor\u00e1rio trabalhava no Carrefour, conforme chegou a ser publicado por alguns ve\u00edculos. Mas testemunhas disseram que o policial fazia compras na unidade quando presenciou a discuss\u00e3o entre Freitas e a funcion\u00e1ria do mercado e decidiu intervir. J\u00e1 a Brigada Militar informou que ele n\u00e3o trabalhava na fun\u00e7\u00e3o naquele momento. Os PMs tempor\u00e1rios ingressam na Brigada Militar por meio de uma sele\u00e7\u00e3o diferenciada, voltada para egressos das For\u00e7as Armadas. Eles atuam por um per\u00edodo de dois anos, renov\u00e1veis por mais dois.<\/p>\n\n\n\n<p>Em uma das grava\u00e7\u00f5es \u00e9 poss\u00edvel ver Freitas sendo imobilizado pelos homens e recebendo de um deles v\u00e1rios socos na regi\u00e3o da cabe\u00e7a, enquanto o outro tenta segur\u00e1-lo. Um deles chega a subir sobre o corpo da v\u00edtima \u2015o que lembra a brutal cena do&nbsp;<a href=\"https:\/\/brasil.elpais.com\/noticias\/george-floyd\/\" target=\"_blank\" rel=\"noreferrer noopener\">assassinato de George Floyd, nos EUA, que morreu sufocado por policiais<\/a>&nbsp;e desencadeou fortes protestos mundo afora, com o lema de&nbsp;<em>Vidas Negras importam.&nbsp;<\/em>Uma mulher tamb\u00e9m aparece nos v\u00eddeos que circulam nas redes filmando o ataque contra o cliente. De acordo com Nadine Anflor, chefe da Pol\u00edcia Civil do RS, todas as pessoas que assistiam passivamente ao crime ser\u00e3o investigadas. A mulher que aparece no v\u00eddeo j\u00e1 prestou depoimento, segundo explicou Anflor em entrevista ao canal Globo News.<\/p>\n\n\n\n<p>A esposa da v\u00edtima, Milena Borges Alves, que o acompanhava no supermercado, afirmou em entrevista ao site&nbsp;<em>Ga\u00fachaZH&nbsp;<\/em>que estava ao lado do marido, quando ele foi abordado por cinco pessoas que atuavam no supermercado e conduzido para o estacionamento. \u201cEstava pagando no caixa. Ele desceu na minha frente. Quando cheguei j\u00e1 estava imobilizado. Ele pediu ajuda, quando fui os seguran\u00e7as me empurraram\u201d, disse ao site. Ainda segunda a esposa, a v\u00edtima afirmou: Milena me ajuda, mas ela foi impedida pelos homens de se aproximar. \u201cSeguiram com o p\u00e9 em cima dele, e quando desmaiou, continuaram com o p\u00e9 em cima dele\u201d, disse Milena.<\/p>\n\n\n\n<p>Uma equipe do Servi\u00e7o de Atendimento M\u00f3vel de Urg\u00eancia (SAMU) tentou reanimar Freitas depois que ele foi espancado, mas ele morreu no estacionamento. O crime \u00e9 investigado pela Delegacia de Homic\u00eddios e Prote\u00e7\u00e3o \u00e0 Pessoa (DHPP) de Porto Alegre.<\/p>\n\n\n\n<p>De acordo com o relato de Milena, o gesto que o marido fez \u00e0 funcion\u00e1ria do Carrefour n\u00e3o foi \u201cnada de demais\u201d. \u201cEle s\u00f3 fez assim com a m\u00e3o (faz um gesto de sai, sai), nada demais, era um brincalh\u00e3o\u201d, disse ao site\u00a0<em>Ga\u00fachaZH.<\/em><\/p>\n\n\n\n<p>A torcida os Farrapos S\u00e3o Jos\u00e9, da qual participava Freitas, conhecido por Beto, pediu justi\u00e7a nas redes sociais. \u201cAmanh\u00e3 estaremos no Carrefour Passo D\u2019areia o dia todo, n\u00e3o vai ficar assim, queremos justi\u00e7a, fizeram covardia com um irm\u00e3o\u201d, diz uma publica\u00e7\u00e3o do grupo, no Twitter.<\/p>\n\n\n\n<figure><iframe allowfullscreen=\"true\" class=\"\" src=\"https:\/\/platform.twitter.com\/embed\/index.html?dnt=false&amp;embedId=twitter-widget-1&amp;frame=false&amp;hideCard=false&amp;hideThread=false&amp;id=1329614440371777538&amp;lang=pt&amp;origin=https%3A%2F%2Fbrasil.elpais.com%2Fbrasil%2F2020-11-20%2Fna-vespera-da-consciencia-negra-cliente-negro-e-espancado-ate-a-morte-em-loja-do-carrefour-em-porto-alegre.html&amp;siteScreenName=elpais_brasil&amp;theme=light&amp;widgetsVersion=ed20a2b%3A1601588405575&amp;width=550px\"><\/iframe><\/figure>\n\n\n\n<h3 class=\"wp-block-heading\">Carrefour diz que romper\u00e1 contrato com empresa de seguran\u00e7a<\/h3>\n\n\n\n<p>O Grupo Carrefour considerou a morte \u201cbrutal\u201d e disse que \u201cadotar\u00e1 as medidas cab\u00edveis para responsabilizar os envolvidos\u201d. Em nota, o supermercado afirmou tamb\u00e9m que vai romper o contrato com a empresa respons\u00e1vel pelos seguran\u00e7as e que o funcion\u00e1rio que estava no comando da loja durante o crime \u201cser\u00e1 desligado\u201d. O grupo disse ainda que a loja ser\u00e1 fechada em respeito \u00e0 v\u00edtima e que dar\u00e1 o \u201csuporte necess\u00e1rio\u201d \u00e0 fam\u00edlia da v\u00edtima.<\/p>\n\n\n\n<p>N\u00e3o \u00e9 a primeira vez que o Carrefour se envolve em casos de morte e viol\u00eancia de forte repercuss\u00e3o. Em agosto deste ano, um representante de vendas morreu ap\u00f3s sofrer um infarto em uma loja da rede de supermercados em Recife (PE), que<a href=\"https:\/\/brasil.elpais.com\/brasil\/2020-08-19\/a-banalidade-da-morte-a-sombra-dos-guarda-sois.html\" target=\"_blank\" rel=\"noreferrer noopener\">&nbsp;continuou a funcionar e o corpo do homem foi encoberto com guarda-s\u00f3is, tapumes e fardos de cervejas.&nbsp;<\/a>O epis\u00f3dio gerou forte cr\u00edticas. Na ocasi\u00e3o, o Carrefour disse que foi um erro n\u00e3o fechar a loja imediatamente. Em 2018, a morte da cadela Manchinha, v\u00edtima de agress\u00e3o em uma loja do Carrefour em Osasco (Grande S\u00e3o Paulo), gerou protestos em frente \u00e0 loja e uma investiga\u00e7\u00e3o policial. Epis\u00f3dios de agress\u00e3o a negros ou relatos de racismo em supermercados e lojas t\u00eam sido recorrentes em v\u00e1rias cidades do pa\u00eds.<\/p>\n\n\n\n<p>Assassinatos de negros aumentaram 11,5% em uma d\u00e9cada no Brasil, enquanto os de n\u00e3o negros ca\u00edram mais de 12%, segundo dados do Atlas da Viol\u00eancia 2020. Entre os negros, a taxa de homic\u00eddios no Brasil saltou de 34 para 37,8 por 100 mil habitantes entre 2008 e 2018.<\/p>\n\n\n\n<p>O governador do Rio Grande do Sul, Eduardo Leite, se reuniu, nesta manh\u00e3 com a chefe de Pol\u00edcia, delegada Nadine Anflor, com o comandante-geral da Brigada Militar, coronel Rodrigo Mohr Picon, e com o delegado plantonista Leandro Bodoia para se informar e cobrar rigor na apura\u00e7\u00e3o do homic\u00eddio. Em um v\u00eddeo publicado nas redes sociais, ele lamentou o epis\u00f3dio e afirmou que a apura\u00e7\u00e3o ser\u00e1 feita com rigor. \u201cInfelizmente, neste dia em que dever\u00edamos estar celebrando pol\u00edticas p\u00fablicas, deparamos com cenas que nos deixam todos indignados pelo excesso de viol\u00eancia que levou \u00e0 morte de um cidad\u00e3o negro em um supermercado na capital ga\u00facha. Todas as circunst\u00e2ncias em que este crime aconteceu est\u00e3o sendo apuradas para que sejam punidos os respons\u00e1veis. Os inqu\u00e9ritos policiais est\u00e3o sendo levados adiante com muito rigor\u201d, afirmou o governador.<br><\/p>\n","protected":false},"excerpt":{"rendered":"<p>Os dois autores, um policial militar tempor\u00e1rio e um seguran\u00e7a do supermercado, foram presos em flagrante. Carrefour lamentou o epis\u00f3dio e disse que rompeu contrato com a empresa de vigil\u00e2ncia. Caso gerou como\u00e7\u00e3o ap\u00f3s v\u00eddeos do espancamento da v\u00edtima circularem nas redes sociais.<\/p>\n","protected":false},"author":1,"featured_media":0,"comment_status":"closed","ping_status":"open","sticky":false,"template":"","format":"standard","meta":{"_exactmetrics_skip_tracking":false,"_exactmetrics_sitenote_active":false,"_exactmetrics_sitenote_note":"","_exactmetrics_sitenote_category":0,"jetpack_post_was_ever_published":false,"_jetpack_newsletter_access":"","_jetpack_dont_email_post_to_subs":false,"_jetpack_newsletter_tier_id":0,"_jetpack_memberships_contains_paywalled_content":false,"_jetpack_memberships_contains_paid_content":false,"footnotes":"","jetpack_publicize_message":"","jetpack_publicize_feature_enabled":true,"jetpack_social_post_already_shared":true,"jetpack_social_options":{"image_generator_settings":{"template":"highway","enabled":false},"version":2}},"categories":[1],"tags":[],"class_list":["post-30025","post","type-post","status-publish","format-standard","hentry","category-notas"],"jetpack_publicize_connections":[],"jetpack_sharing_enabled":true,"jetpack_featured_media_url":"","jetpack_shortlink":"https:\/\/wp.me\/p7wKYW-7Oh","jetpack-related-posts":[],"_links":{"self":[{"href":"http:\/\/blogdalucianaoliveira.com.br\/blog\/wp-json\/wp\/v2\/posts\/30025","targetHints":{"allow":["GET"]}}],"collection":[{"href":"http:\/\/blogdalucianaoliveira.com.br\/blog\/wp-json\/wp\/v2\/posts"}],"about":[{"href":"http:\/\/blogdalucianaoliveira.com.br\/blog\/wp-json\/wp\/v2\/types\/post"}],"author":[{"embeddable":true,"href":"http:\/\/blogdalucianaoliveira.com.br\/blog\/wp-json\/wp\/v2\/users\/1"}],"replies":[{"embeddable":true,"href":"http:\/\/blogdalucianaoliveira.com.br\/blog\/wp-json\/wp\/v2\/comments?post=30025"}],"version-history":[{"count":1,"href":"http:\/\/blogdalucianaoliveira.com.br\/blog\/wp-json\/wp\/v2\/posts\/30025\/revisions"}],"predecessor-version":[{"id":30026,"href":"http:\/\/blogdalucianaoliveira.com.br\/blog\/wp-json\/wp\/v2\/posts\/30025\/revisions\/30026"}],"wp:attachment":[{"href":"http:\/\/blogdalucianaoliveira.com.br\/blog\/wp-json\/wp\/v2\/media?parent=30025"}],"wp:term":[{"taxonomy":"category","embeddable":true,"href":"http:\/\/blogdalucianaoliveira.com.br\/blog\/wp-json\/wp\/v2\/categories?post=30025"},{"taxonomy":"post_tag","embeddable":true,"href":"http:\/\/blogdalucianaoliveira.com.br\/blog\/wp-json\/wp\/v2\/tags?post=30025"}],"curies":[{"name":"wp","href":"https:\/\/api.w.org\/{rel}","templated":true}]}}