{"id":30034,"date":"2020-11-22T20:01:46","date_gmt":"2020-11-23T00:01:46","guid":{"rendered":"http:\/\/blogdalucianaoliveira.com.br\/blog\/?p=30034"},"modified":"2020-11-22T20:01:49","modified_gmt":"2020-11-23T00:01:49","slug":"o-brasil-saiu-das-urnas-menos-bolsonarista-mas-nao-menos-conservador","status":"publish","type":"post","link":"http:\/\/blogdalucianaoliveira.com.br\/blog\/2020\/11\/22\/o-brasil-saiu-das-urnas-menos-bolsonarista-mas-nao-menos-conservador\/","title":{"rendered":"O Brasil saiu das urnas menos bolsonarista, mas n\u00e3o menos conservador"},"content":{"rendered":"\n<figure class=\"wp-block-image size-large\"><img data-recalc-dims=\"1\" loading=\"lazy\" decoding=\"async\" width=\"600\" height=\"326\" data-attachment-id=\"30035\" data-permalink=\"http:\/\/blogdalucianaoliveira.com.br\/blog\/2020\/11\/22\/o-brasil-saiu-das-urnas-menos-bolsonarista-mas-nao-menos-conservador\/image-13-13\/\" data-orig-file=\"https:\/\/i0.wp.com\/blogdalucianaoliveira.com.br\/blog\/wp-content\/uploads\/2020\/11\/image-13.jpeg?fit=800%2C435\" data-orig-size=\"800,435\" data-comments-opened=\"0\" data-image-meta=\"{&quot;aperture&quot;:&quot;0&quot;,&quot;credit&quot;:&quot;&quot;,&quot;camera&quot;:&quot;&quot;,&quot;caption&quot;:&quot;(Bras\\u00edlia - DF, 16\\\/09\\\/2020) Durante a posse do ministro da saude  o presidente  Jair Bolsonaro mostra uma caixa do remedio Hidrocloroquina.Foto: Carolina Antunes\\\/PR&quot;,&quot;created_timestamp&quot;:&quot;0&quot;,&quot;copyright&quot;:&quot;&quot;,&quot;focal_length&quot;:&quot;0&quot;,&quot;iso&quot;:&quot;0&quot;,&quot;shutter_speed&quot;:&quot;0&quot;,&quot;title&quot;:&quot;&quot;,&quot;orientation&quot;:&quot;1&quot;}\" data-image-title=\"image-13\" data-image-description=\"\" data-image-caption=\"&lt;p&gt;(Bras\u00edlia &amp;#8211; DF, 16\/09\/2020) Durante a posse do ministro da saude  o presidente  Jair Bolsonaro mostra uma caixa do remedio Hidrocloroquina.Foto: Carolina Antunes\/PR&lt;\/p&gt;\n\" data-medium-file=\"https:\/\/i0.wp.com\/blogdalucianaoliveira.com.br\/blog\/wp-content\/uploads\/2020\/11\/image-13.jpeg?fit=300%2C163\" data-large-file=\"https:\/\/i0.wp.com\/blogdalucianaoliveira.com.br\/blog\/wp-content\/uploads\/2020\/11\/image-13.jpeg?fit=600%2C326\" src=\"https:\/\/i0.wp.com\/blogdalucianaoliveira.com.br\/blog\/wp-content\/uploads\/2020\/11\/image-13.jpeg?resize=600%2C326\" alt=\"\" class=\"wp-image-30035\" srcset=\"https:\/\/i0.wp.com\/blogdalucianaoliveira.com.br\/blog\/wp-content\/uploads\/2020\/11\/image-13.jpeg?w=800 800w, https:\/\/i0.wp.com\/blogdalucianaoliveira.com.br\/blog\/wp-content\/uploads\/2020\/11\/image-13.jpeg?resize=300%2C163 300w, https:\/\/i0.wp.com\/blogdalucianaoliveira.com.br\/blog\/wp-content\/uploads\/2020\/11\/image-13.jpeg?resize=768%2C418 768w, https:\/\/i0.wp.com\/blogdalucianaoliveira.com.br\/blog\/wp-content\/uploads\/2020\/11\/image-13.jpeg?resize=552%2C300 552w\" sizes=\"auto, (max-width: 600px) 100vw, 600px\" \/><\/figure>\n\n\n\n<blockquote class=\"wp-block-quote is-layout-flow wp-block-quote-is-layout-flow\"><p>primeiro turno trouxe a pol\u00edtica de volta \u00e0s elei\u00e7\u00f5es depois da onda anti-sistema dos \u00faltimos anotar <\/p><\/blockquote>\n\n\n\n<!--more-->\n\n\n\n<p>Brasil de Fato<br><\/p>\n\n\n\n<p>O primeiro turno trouxe a pol\u00edtica de volta \u00e0s elei\u00e7\u00f5es depois da onda anti-sistema dos \u00faltimos anos. Trouxe tamb\u00e9m de volta a esquerda. J\u00e1 a\u00a0<a rel=\"noreferrer noopener\" href=\"https:\/\/www.brasildefato.com.br\/minuto-a-minuto\/coronavirus-no-brasil\" target=\"_blank\">covid-19<\/a>\u00a0que nunca nos deixou, tamb\u00e9m \u201cest\u00e1 de volta\u201d.<\/p>\n\n\n\n<p>1. Gregos e troianos. O Brasil que saiu das urnas neste&nbsp;domingo&nbsp;\u00e9 menos bolsonarista, mas n\u00e3o menos conservador, com uma esquerda com menos prefeitos e vereadores, mas renovada e mais plural. N\u00e3o h\u00e1 motivos para euforia, nem para depress\u00e3o, sintetiza&nbsp;<a href=\"http:\/\/e.allin.ponto.jor.br\/bendar\/?atmca=8818761&amp;atmme=339&amp;atmte=1&amp;atmso=ck&amp;utm_content=259535377&amp;atmem=Y2FtaWxhLm1hY2llbEBjcG1pZGlhcy5vcmcuYnI=&amp;\" rel=\"noreferrer noopener\" target=\"_blank\">Rodrigo Vianna no Brasil de Fato<\/a>, e h\u00e1 pistas do que poder\u00e1 ser 2022, ainda que muita \u00e1gua v\u00e1 passar por esta ponte. Por enquanto, talvez seja poss\u00edvel afirmar que a onda da antipol\u00edtica virou marola.&nbsp;<\/p>\n\n\n\n<p><a href=\"http:\/\/e.allin.ponto.jor.br\/bendar\/?atmca=8818761&amp;atmme=339&amp;atmte=1&amp;atmso=ck&amp;utm_content=259535407&amp;atmem=Y2FtaWxhLm1hY2llbEBjcG1pZGlhcy5vcmcuYnI=&amp;\" rel=\"noreferrer noopener\" target=\"_blank\">Em tempos de pandemia<\/a>&nbsp;e com a popula\u00e7\u00e3o preocupada com os temas locais,&nbsp;<a href=\"http:\/\/e.allin.ponto.jor.br\/bendar\/?atmca=8818761&amp;atmme=339&amp;atmte=1&amp;atmso=ck&amp;utm_content=259535394&amp;atmem=Y2FtaWxhLm1hY2llbEBjcG1pZGlhcy5vcmcuYnI=&amp;\" rel=\"noreferrer noopener\" target=\"_blank\">candidatos identificados como pol\u00edticos e gestores experientes<\/a>&nbsp;tiveram sucesso, a exemplo do consider\u00e1vel n\u00famero de prefeitos reeleitos em primeiro turno nas capitais. Outro ind\u00edcio do esgotamento da onda antipol\u00edtica \u00e9 a participa\u00e7\u00e3o eleitoral.<\/p>\n\n\n\n<p>Embora o grau de absten\u00e7\u00e3o tenha sido maior do que em 2018, o \u00edndice de 23% pode ser considerado moderado considerando a pandemia e&nbsp;<a href=\"http:\/\/e.allin.ponto.jor.br\/bendar\/?atmca=8818761&amp;atmme=339&amp;atmte=1&amp;atmso=ck&amp;utm_content=259535381&amp;atmem=Y2FtaWxhLm1hY2llbEBjcG1pZGlhcy5vcmcuYnI=&amp;\" rel=\"noreferrer noopener\" target=\"_blank\">ficou aqu\u00e9m das previs\u00f5es de alguns integrantes do TSE<\/a>. Para Helena Chagas, o primeiro turno tamb\u00e9m significou&nbsp;<a href=\"http:\/\/e.allin.ponto.jor.br\/bendar\/?atmca=8818761&amp;atmme=339&amp;atmte=1&amp;atmso=ck&amp;utm_content=259535414&amp;atmem=Y2FtaWxhLm1hY2llbEBjcG1pZGlhcy5vcmcuYnI=&amp;\" rel=\"noreferrer noopener\" target=\"_blank\">um basta \u00e0 pol\u00edtica do tensionamento<\/a>&nbsp;permanente promovido por Bolsonaro e pelos terraplanistas e o que o segundo turno definir\u00e1 qual ser\u00e1 a condi\u00e7\u00e3o de governabilidade de um Bolsonaro desidratado.<\/p>\n\n\n\n<p>2. Romeu e Julieta.&nbsp;De um lado, Bolsonaro foi um desastre em todos os quesitos e modalidades como cabo eleitoral: de cada 5 candidatos a vereador apoiados por Bolsonaro,&nbsp;<a href=\"http:\/\/e.allin.ponto.jor.br\/bendar\/?atmca=8818761&amp;atmme=339&amp;atmte=1&amp;atmso=ck&amp;utm_content=259535383&amp;atmem=Y2FtaWxhLm1hY2llbEBjcG1pZGlhcy5vcmcuYnI=&amp;\" rel=\"noreferrer noopener\" target=\"_blank\">4 n\u00e3o se elegeram<\/a>&nbsp;e dos 78 \u201cBolsonaros\u201d inscritos na elei\u00e7\u00e3o,&nbsp;<a href=\"http:\/\/e.allin.ponto.jor.br\/bendar\/?atmca=8818761&amp;atmme=339&amp;atmte=1&amp;atmso=ck&amp;utm_content=259535380&amp;atmem=Y2FtaWxhLm1hY2llbEBjcG1pZGlhcy5vcmcuYnI=&amp;\" rel=\"noreferrer noopener\" target=\"_blank\">apenas Carlos se elegeu<\/a>. J\u00e1 a direita tradicional travestida de \u201ccentro\u201d, surfou nas ondas da ideologia antiesquerda e nas rela\u00e7\u00f5es privilegiadas com quem tem&nbsp;<a href=\"http:\/\/e.allin.ponto.jor.br\/bendar\/?atmca=8818761&amp;atmme=339&amp;atmte=1&amp;atmso=ck&amp;utm_content=259535416&amp;atmem=Y2FtaWxhLm1hY2llbEBjcG1pZGlhcy5vcmcuYnI=&amp;\" rel=\"noreferrer noopener\" target=\"_blank\">as chaves do Or\u00e7amento Geral da Uni\u00e3o<\/a>.<\/p>\n\n\n\n<p>\u00c9 verdade que ideologicamente o centr\u00e3o tem mostrado afinidade&nbsp;<a href=\"http:\/\/e.allin.ponto.jor.br\/bendar\/?atmca=8818761&amp;atmme=339&amp;atmte=1&amp;atmso=ck&amp;utm_content=259535389&amp;atmem=Y2FtaWxhLm1hY2llbEBjcG1pZGlhcy5vcmcuYnI=&amp;\" rel=\"noreferrer noopener\" target=\"_blank\">com as reformas e o programa ultraliberal&nbsp;<\/a>de Guedes e Bolsonaro. Por outro lado, um presidente enfraquecido \u00e9 como o cheiro de sangue para os tubar\u00f5es do Centr\u00e3o. \u00c9 prov\u00e1vel que Bolsonaro fique cada vez mais ref\u00e9m dos partidos da centro-direita e tenha que envolver-se crescentemente nas tradicionais distribui\u00e7\u00f5es de cargos e de verbas para governar.<\/p>\n\n\n\n<p>Isto pode levar a uma completa auto-destrui\u00e7\u00e3o do \u201cmito\u201d que o tornou vi\u00e1vel eleitoralmente em 2018. Seria uma esp\u00e9cie de Bolsonaro sem bolsonarismo. Para Ant\u00f4nio Martins,&nbsp;<a href=\"http:\/\/e.allin.ponto.jor.br\/bendar\/?atmca=8818761&amp;atmme=339&amp;atmte=1&amp;atmso=ck&amp;utm_content=259535388&amp;atmem=Y2FtaWxhLm1hY2llbEBjcG1pZGlhcy5vcmcuYnI=&amp;\" rel=\"noreferrer noopener\" target=\"_blank\">Bolsonaro repetiria o governo Sarney<\/a>: o Centr\u00e3o arrancar\u00e1 concess\u00f5es, sangrando o governo aos poucos, mas se o sentirem demasiado fraco e se enxergarem que h\u00e1 uma alternativa segura, os partidos fisiol\u00f3gicos abandonar\u00e3o Bolsonaro \u00e0 pr\u00f3pria sorte. Mas,&nbsp;<a href=\"http:\/\/e.allin.ponto.jor.br\/bendar\/?atmca=8818761&amp;atmme=339&amp;atmte=1&amp;atmso=ck&amp;utm_content=259535367&amp;atmem=Y2FtaWxhLm1hY2llbEBjcG1pZGlhcy5vcmcuYnI=&amp;\" rel=\"noreferrer noopener\" target=\"_blank\">pergunta Paulo Pinto no Poder360<\/a>, e se a direita n\u00e3o produzir esta alternativa vi\u00e1vel?<\/p>\n\n\n\n<p>Bolsonaro por enquanto \u00e9 presidente e, at\u00e9 o momento, n\u00e3o encontrou um desafiante \u00e0 altura e eleitoralmente vi\u00e1vel para 2022. \u201cSe Bolsonaro retiver a capacidade hegem\u00f4nica sobre seu campo, esse &#8220;centro&#8221; agora vitaminado n\u00e3o&nbsp;ter\u00e1 como deixar de endoss\u00e1-lo, nem que seja num eventual segundo turno\u201d&nbsp;<a href=\"http:\/\/e.allin.ponto.jor.br\/bendar\/?atmca=8818761&amp;atmme=339&amp;atmte=1&amp;atmso=ck&amp;utm_content=259535416&amp;atmem=Y2FtaWxhLm1hY2llbEBjcG1pZGlhcy5vcmcuYnI=&amp;\" rel=\"noreferrer noopener\" target=\"_blank\">escreve Alon Feuerwerker<\/a>. Neste caso, a sua principal amea\u00e7a seriam justamente os candidatos da centro-direita, os ensaios de um &#8220;bolsonarismo sem Bolsonaro&#8221;.<\/p>\n\n\n\n<p>3. Acabou a mamata.&nbsp;Independente dos resultados desta elei\u00e7\u00e3o, o fato \u00e9 que em 2022 Bolsonaro n\u00e3o ser\u00e1 mais uma inc\u00f3gnita e ser\u00e1 julgado pelos eleitores pelo que realmente fez no governo. Al\u00e9m do risco de se tornar ref\u00e9m do Centr\u00e3o, outros sinais de alertas est\u00e3o acesos no Planalto. Em primeir\u00edssimo lugar, a economia.<\/p>\n\n\n\n<p>O aux\u00edlio emergencial termina em dezembro e o governo n\u00e3o conseguiu propor nada para o seu lugar. Nem o natimorto Pr\u00f3-Brasil e nem qualquer planos de obras saiu do papel. Com a crise tendendo a se agravar, Bolsonaro precisa desesperadamente de uma agenda positiva real e de efeito r\u00e1pido,&nbsp;<a href=\"http:\/\/e.allin.ponto.jor.br\/bendar\/?atmca=8818761&amp;atmme=339&amp;atmte=1&amp;atmso=ck&amp;utm_content=259535364&amp;atmem=Y2FtaWxhLm1hY2llbEBjcG1pZGlhcy5vcmcuYnI=&amp;\" rel=\"noreferrer noopener\" target=\"_blank\">constata Thales Guaracy<\/a>. Para isso, n\u00e3o deve contar com muita imagina\u00e7\u00e3o e nem efici\u00eancia da parte de Paulo Guedes. Muito menos com a cumplicidade do Congresso: para os parlamentares,&nbsp;<a href=\"http:\/\/e.allin.ponto.jor.br\/bendar\/?atmca=8818761&amp;atmme=339&amp;atmte=1&amp;atmso=ck&amp;utm_content=259535366&amp;atmem=Y2FtaWxhLm1hY2llbEBjcG1pZGlhcy5vcmcuYnI=&amp;\" rel=\"noreferrer noopener\" target=\"_blank\">2020 vai terminar sem a vota\u00e7\u00e3o de nenhumas das reformas considereadas centrais<\/a>&nbsp;pelo governo, nem a tribut\u00e1ria, nem a administrativa. No horizonte de curto prazo do Congresso est\u00e1, no m\u00e1ximo,&nbsp;<a href=\"http:\/\/e.allin.ponto.jor.br\/bendar\/?atmca=8818761&amp;atmme=339&amp;atmte=1&amp;atmso=ck&amp;utm_content=259535401&amp;atmem=Y2FtaWxhLm1hY2llbEBjcG1pZGlhcy5vcmcuYnI=&amp;\" rel=\"noreferrer noopener\" target=\"_blank\">a vota\u00e7\u00e3o da Lei de Fal\u00eancias<\/a>.<\/p>\n\n\n\n<p>Al\u00e9m disso, depois das elei\u00e7\u00f5es norte-americanas, aumentam as press\u00f5es para que ministros mais radicais como Ernesto Ara\u00fajo e Ricardo Salles, sejam demitidos, o que pode esvaziar ainda mais o bolsonarismo raiz. Ao mesmo tempo, uma parte da&nbsp;<a href=\"http:\/\/e.allin.ponto.jor.br\/bendar\/?atmca=8818761&amp;atmme=339&amp;atmte=1&amp;atmso=ck&amp;utm_content=259535371&amp;atmem=Y2FtaWxhLm1hY2llbEBjcG1pZGlhcy5vcmcuYnI=&amp;\" rel=\"noreferrer noopener\" target=\"_blank\">ala militar d\u00e1 sinais de que n\u00e3o pretende sustentar indefinidamente as aventuras de Jair<\/a>. Evidentemente, \u00e9 muito dif\u00edcil tamb\u00e9m governar quando seu filho \u00e9&nbsp;<a href=\"http:\/\/e.allin.ponto.jor.br\/bendar\/?atmca=8818761&amp;atmme=339&amp;atmte=1&amp;atmso=ck&amp;utm_content=259535373&amp;atmem=Y2FtaWxhLm1hY2llbEBjcG1pZGlhcy5vcmcuYnI=&amp;\" rel=\"noreferrer noopener\" target=\"_blank\">denunciado pelo Minist\u00e9rio P\u00fablico por 146 dep\u00f3sitos com origem desconhecida<\/a>&nbsp;e a&nbsp;<a href=\"http:\/\/e.allin.ponto.jor.br\/bendar\/?atmca=8818761&amp;atmme=339&amp;atmte=1&amp;atmso=ck&amp;utm_content=259535372&amp;atmem=Y2FtaWxhLm1hY2llbEBjcG1pZGlhcy5vcmcuYnI=&amp;\" rel=\"noreferrer noopener\" target=\"_blank\">ABIN e o Gabinete de Seguran\u00e7a Institucional precisam ser mobilizados para defend\u00ea-lo<\/a>, como deve apurar a not\u00edcia-crime instaurada pela Procuradoria Geral da Rep\u00fablica (PGR).<\/p>\n\n\n\n<p>4. E pur si muove.&nbsp;Do lado de c\u00e1 da trincheira, as elei\u00e7\u00f5es trouxeram certo al\u00edvio. Mesmo que Boulos n\u00e3o ven\u00e7a em S\u00e3o Paulo, a esquerda j\u00e1 conquistou uma vit\u00f3ria moral, mostrou que segue viva e que tem um papel a cumprir. Neste caso, os s\u00edmbolos s\u00e3o mais fortes que os n\u00fameros, pois&nbsp;<a href=\"http:\/\/e.allin.ponto.jor.br\/bendar\/?atmca=8818761&amp;atmme=339&amp;atmte=1&amp;atmso=ck&amp;utm_content=259535411&amp;atmem=Y2FtaWxhLm1hY2llbEBjcG1pZGlhcy5vcmcuYnI=&amp;\" rel=\"noreferrer noopener\" target=\"_blank\">do ponto de vista de prefeitos e vereadores eleitos, a esquerda continua desidratando<\/a>.<\/p>\n\n\n\n<p>Mas h\u00e1 mudan\u00e7a de qualidade, com vit\u00f3rias em cidades importantes, ades\u00e3o de setores jovens, maior pluralidade de organiza\u00e7\u00f5es e de ideias e representatividade social. Al\u00e9m disso,&nbsp;<a href=\"http:\/\/e.allin.ponto.jor.br\/bendar\/?atmca=8818761&amp;atmme=339&amp;atmte=1&amp;atmso=ck&amp;utm_content=259535415&amp;atmem=Y2FtaWxhLm1hY2llbEBjcG1pZGlhcy5vcmcuYnI=&amp;\" rel=\"noreferrer noopener\" target=\"_blank\">de acordo com Maria Victoria Benevides no IHU<\/a>, o segundo turno surge como uma oportunidade para refor\u00e7ar o esp\u00edrito de unidade da esquerda, pelo menos em torno das candidaturas de Guilherme Boulos (PSOL),&nbsp; Manuela D\u00b4\u00c1vila (PCdoB) e Jos\u00e9 Sarto (PDT).<\/p>\n\n\n\n<p>Em tempos de bolsonarismo, o simbolismo \u00e9 forte, j\u00e1 que isto significa que h\u00e1 luta na sociedade e que as urnas podem ser um canal de express\u00e3o da resist\u00eancia. Neste sentido, a esquerda tem alguns desafios p\u00f3s-eleitorais. O primeiro deles,&nbsp;<a href=\"http:\/\/e.allin.ponto.jor.br\/bendar\/?atmca=8818761&amp;atmme=339&amp;atmte=1&amp;atmso=ck&amp;utm_content=259535379&amp;atmem=Y2FtaWxhLm1hY2llbEBjcG1pZGlhcy5vcmcuYnI=&amp;\" rel=\"noreferrer noopener\" target=\"_blank\">como alerta Val\u00e9rio Arcary<\/a>, \u00e9 os partidos n\u00e3o se deixarem reduzir a meras agrupamentos parlamentares, j\u00e1 que a l\u00f3gica da pol\u00edtica partid\u00e1ria brasileira tem incentivos para isso.<\/p>\n\n\n\n<p>O segundo ser\u00e1 o de articular a for\u00e7a das pautas identit\u00e1rias com um projeto pol\u00edtico e econ\u00f4mico alternativo ao neoliberalismo. Mais do que o discurso eleitoral, isto vai depender da capacidade dos prefeitos e vereadores eleitos governarem efetivamente para a maioria da popula\u00e7\u00e3o, contando com poucos recursos e sob permanente ataque da direita.<\/p>\n\n\n\n<p>5. Representatividade.&nbsp;A esquerda tamb\u00e9m deve comemorar a vit\u00f3ria simb\u00f3lica da elei\u00e7\u00e3o de mais mulheres, negros, ind\u00edgenas, homossexuais e transg\u00eaneros.&nbsp;<a href=\"http:\/\/e.allin.ponto.jor.br\/bendar\/?atmca=8818761&amp;atmme=339&amp;atmte=1&amp;atmso=ck&amp;utm_content=259535363&amp;atmem=Y2FtaWxhLm1hY2llbEBjcG1pZGlhcy5vcmcuYnI=&amp;\" rel=\"noreferrer noopener\" target=\"_blank\">A bancada LGBTi+ triplicou o n\u00famero de eleitos<\/a>. Em 13 capitais do pa\u00eds,&nbsp;<a href=\"http:\/\/e.allin.ponto.jor.br\/bendar\/?atmca=8818761&amp;atmme=339&amp;atmte=1&amp;atmso=ck&amp;utm_content=259535378&amp;atmem=Y2FtaWxhLm1hY2llbEBjcG1pZGlhcy5vcmcuYnI=&amp;\" rel=\"noreferrer noopener\" target=\"_blank\">mulheres negras e trans ficaram entre os dez candidatos mais votados<\/a>, e o n\u00famero de&nbsp;<a href=\"http:\/\/e.allin.ponto.jor.br\/bendar\/?atmca=8818761&amp;atmme=339&amp;atmte=1&amp;atmso=ck&amp;utm_content=259535403&amp;atmem=Y2FtaWxhLm1hY2llbEBjcG1pZGlhcy5vcmcuYnI=&amp;\" rel=\"noreferrer noopener\" target=\"_blank\">prefeitos identificados como ind\u00edgenas<\/a>&nbsp;subiu de 6 para 8. Houve um avan\u00e7o significativo, mas a esfera pol\u00edtica ainda est\u00e1 muito longe de representar a diversidade da sociedade. Como exemplo,&nbsp;<a href=\"http:\/\/e.allin.ponto.jor.br\/bendar\/?atmca=8818761&amp;atmme=339&amp;atmte=1&amp;atmso=ck&amp;utm_content=259535396&amp;atmem=Y2FtaWxhLm1hY2llbEBjcG1pZGlhcy5vcmcuYnI=&amp;\" rel=\"noreferrer noopener\" target=\"_blank\">cerca de 17% dos munic\u00edpios brasileiros continuam sem nenhuma vereadora<\/a>&nbsp;eleita.<\/p>\n\n\n\n<p>Ao mesmo tempo \u00e9 preciso reconhecer que a esquerda n\u00e3o det\u00e9m o monop\u00f3lio da representatividade dos setores historicamente oprimidos da sociedade. Isso n\u00e3o apenas na esfera partid\u00e1ria. A&nbsp;<em>Rede Globo<\/em>&nbsp;\u00e9 uma das organiza\u00e7\u00e3o que, depois da elei\u00e7\u00e3o de Bolsonaro, passou a apresentar-se como a campe\u00e3 da igualdade racial e da diversidade de g\u00eanero, como demonstram iniciativas como a&nbsp;<a href=\"http:\/\/e.allin.ponto.jor.br\/bendar\/?atmca=8818761&amp;atmme=339&amp;atmte=1&amp;atmso=ck&amp;utm_content=259535392&amp;atmem=Y2FtaWxhLm1hY2llbEBjcG1pZGlhcy5vcmcuYnI=&amp;\" rel=\"noreferrer noopener\" target=\"_blank\">Plataforma Celina<\/a>&nbsp;e a forte cobertura do movimento Black Lives Matter nos Estados Unidos. O mesmo acontece no \u00e2mbito partid\u00e1rio em n\u00edvel municipal.&nbsp;<\/p>\n\n\n\n<p><a href=\"http:\/\/e.allin.ponto.jor.br\/bendar\/?atmca=8818761&amp;atmme=339&amp;atmte=1&amp;atmso=ck&amp;utm_content=259535403&amp;atmem=Y2FtaWxhLm1hY2llbEBjcG1pZGlhcy5vcmcuYnI=&amp;\" rel=\"noreferrer noopener\" target=\"_blank\">O caso dos ind\u00edgenas \u00e9 sintom\u00e1tico<\/a>, pois a maior parte dos 8 prefeitos eleitos s\u00e3o vinculados a partidos de centro ou direita. Os&nbsp;<a href=\"http:\/\/e.allin.ponto.jor.br\/bendar\/?atmca=8818761&amp;atmme=339&amp;atmte=1&amp;atmso=ck&amp;utm_content=259535397&amp;atmem=Y2FtaWxhLm1hY2llbEBjcG1pZGlhcy5vcmcuYnI=&amp;\" rel=\"noreferrer noopener\" target=\"_blank\">prefeitos eleitos identificados como pretos ou pardos<\/a>&nbsp;t\u00eam presen\u00e7a em diferentes extremos do espectro partid\u00e1rio. J\u00e1&nbsp;<a href=\"http:\/\/e.allin.ponto.jor.br\/bendar\/?atmca=8818761&amp;atmme=339&amp;atmte=1&amp;atmso=ck&amp;utm_content=259535402&amp;atmem=Y2FtaWxhLm1hY2llbEBjcG1pZGlhcy5vcmcuYnI=&amp;\" rel=\"noreferrer noopener\" target=\"_blank\">no caso da comunidade LGBT a esquerda est\u00e1 melhor<\/a>, pois PT, PSOL e PDT concentram a maior parte dos eleitos. Em especial, porque a nova direita considera um valor ser machista, racista e homof\u00f3bico. No dia seguinte \u00e0 elei\u00e7\u00e3o, o vereador Valter Nagelstein, derrotado na disputa para prefeitura de Porto Alegre, distribuiu um a\u00fadio classificando os vereadores negros eleitos como&nbsp;<a href=\"http:\/\/e.allin.ponto.jor.br\/bendar\/?atmca=8818761&amp;atmme=339&amp;atmte=1&amp;atmso=ck&amp;utm_content=259535362&amp;atmem=Y2FtaWxhLm1hY2llbEBjcG1pZGlhcy5vcmcuYnI=&amp;\" rel=\"noreferrer noopener\" target=\"_blank\">\u201csem experi\u00eancia, sem trabalho e sem qualifica\u00e7\u00e3o\u201d<\/a>. J\u00e1 a professora Ana L\u00facia Martins (PT), primeira vereadora negra eleita em Joinville (SC), sofreu&nbsp;<a href=\"http:\/\/e.allin.ponto.jor.br\/bendar\/?atmca=8818761&amp;atmme=339&amp;atmte=1&amp;atmso=ck&amp;utm_content=259535375&amp;atmem=Y2FtaWxhLm1hY2llbEBjcG1pZGlhcy5vcmcuYnI=&amp;\" rel=\"noreferrer noopener\" target=\"_blank\">amea\u00e7as de morte e ataques de neonazistas<\/a>.<\/p>\n\n\n\n<p>6. Ataque preventivo.&nbsp;Para quem estava acostumado a rir do processo eleitoral nos EUA, o atraso de duas horas e meia na apura\u00e7\u00e3o do primeiro turno frustrou a expectativa em conhecer os novos eleitos rapidamente. Pela primeira vez, a apura\u00e7\u00e3o foi centralizada nacionalmente e o atraso foi causado por&nbsp;<a href=\"http:\/\/e.allin.ponto.jor.br\/bendar\/?atmca=8818761&amp;atmme=339&amp;atmte=1&amp;atmso=ck&amp;utm_content=259535400&amp;atmem=Y2FtaWxhLm1hY2llbEBjcG1pZGlhcy5vcmcuYnI=&amp;\" rel=\"noreferrer noopener\" target=\"_blank\">um componente do supercomputador respons\u00e1vel pela contagem geral<\/a>. A falha n\u00e3o teve nenhuma rela\u00e7\u00e3o, mas acabou fortalecendo um outro movimento coordenado, o de&nbsp;<a href=\"http:\/\/e.allin.ponto.jor.br\/bendar\/?atmca=8818761&amp;atmme=339&amp;atmte=1&amp;atmso=ck&amp;utm_content=259535406&amp;atmem=Y2FtaWxhLm1hY2llbEBjcG1pZGlhcy5vcmcuYnI=&amp;\" rel=\"noreferrer noopener\" target=\"_blank\">ataques por hackers ao TSE na manh\u00e3<\/a>&nbsp;de&nbsp;domingo, tornando lento o sistema, e o de&nbsp;<a href=\"http:\/\/e.allin.ponto.jor.br\/bendar\/?atmca=8818761&amp;atmme=339&amp;atmte=1&amp;atmso=ck&amp;utm_content=259535360&amp;atmem=Y2FtaWxhLm1hY2llbEBjcG1pZGlhcy5vcmcuYnI=&amp;\" rel=\"noreferrer noopener\" target=\"_blank\">bolsonaristas nas redes sociais pelo voto impresso<\/a>.<\/p>\n\n\n\n<p>Como prova de que se tratava de uma a\u00e7\u00e3o coordenada tamb\u00e9m politicamente, na&nbsp;segunda-feira (16), Bolsonaro falou na necessidade de um \u201csistema eleitoral aperfei\u00e7oado\u201d e de que \u201ca popula\u00e7\u00e3o quer uma apura\u00e7\u00e3o que possa demorar um pouco mais\u201d, mas que \u201co voto que essa pessoa deu v\u00e1 para aquela pessoa de fato\u201d.<\/p>\n\n\n\n<p>Com a aposta no papel de v\u00edtima de um misterioso compl\u00f4, al\u00e9m de reproduzir a fala do seu \u00eddolo Donald Trump, Bolsonaro prepara o terreno para uma rea\u00e7\u00e3o a uma prov\u00e1vel derrota em 2022,&nbsp;<a href=\"http:\/\/e.allin.ponto.jor.br\/bendar\/?atmca=8818761&amp;atmme=339&amp;atmte=1&amp;atmso=ck&amp;utm_content=259535365&amp;atmem=Y2FtaWxhLm1hY2llbEBjcG1pZGlhcy5vcmcuYnI=&amp;\" rel=\"noreferrer noopener\" target=\"_blank\">resume Thomas Traumann<\/a>. Como lembra o professor Odilon Caldeira Neto (UFJF), do Observat\u00f3rio da Extrema Direita, esta deslegitima\u00e7\u00e3o do sistema eleitoral \u00e9 um dos elementos que caracterizam a mitologia do Bolsonarismo e do Trumpismo:&nbsp;<a href=\"http:\/\/e.allin.ponto.jor.br\/bendar\/?atmca=8818761&amp;atmme=339&amp;atmte=1&amp;atmso=ck&amp;utm_content=259535369&amp;atmem=Y2FtaWxhLm1hY2llbEBjcG1pZGlhcy5vcmcuYnI=&amp;\" rel=\"noreferrer noopener\" target=\"_blank\">o est\u00edmulo \u00e0 ant\u00edtese entre uma ideia de &#8220;elite corrupta&#8221; e o &#8220;povo verdadeiro<\/a>&#8220;.<\/p>\n\n\n\n<p>7. Tsunami.&nbsp;Falar em uma&nbsp;segunda&nbsp;onda de infec\u00e7\u00f5es da Covid-19 seria pressupor que em algum momento a primeira onda se esgotou. Na pr\u00e1tica, houve uma desacelera\u00e7\u00e3o, mas durou apenas uma semana entre o registro do menor \u00edndice de mortes dos \u00faltimos seis meses e a retomada dos casos. Na&nbsp;quarta-feira (18),&nbsp;<a href=\"http:\/\/e.allin.ponto.jor.br\/bendar\/?atmca=8818761&amp;atmme=339&amp;atmte=1&amp;atmso=ck&amp;utm_content=259535376&amp;atmem=Y2FtaWxhLm1hY2llbEBjcG1pZGlhcy5vcmcuYnI=&amp;\" rel=\"noreferrer noopener\" target=\"_blank\">o Conselho Nacional de Secret\u00e1rios de Sa\u00fade (Conass) informou que a m\u00e9dia m\u00f3vel de mortes chegou a 584<\/a>&nbsp;e indicam alta no n\u00famero de cont\u00e1gios, com 34.091 novas infec\u00e7\u00f5es pelo coronav\u00edrus.<\/p>\n\n\n\n<p>Oito capitais t\u00eam&nbsp;<a href=\"http:\/\/e.allin.ponto.jor.br\/bendar\/?atmca=8818761&amp;atmme=339&amp;atmte=1&amp;atmso=ck&amp;utm_content=259535386&amp;atmem=Y2FtaWxhLm1hY2llbEBjcG1pZGlhcy5vcmcuYnI=&amp;\" rel=\"noreferrer noopener\" target=\"_blank\">apontado tend\u00eancias de crescimento<\/a>&nbsp;e Rio e S\u00e3o Paulo j\u00e1 registram aumento da taxa de ocupa\u00e7\u00e3o de leitos. Diante de um cen\u00e1rio de recrudescimento, o que os cientistas sugerem? A ado\u00e7\u00e3o das medidas que demonstraram efic\u00e1cia&nbsp;<a href=\"http:\/\/e.allin.ponto.jor.br\/bendar\/?atmca=8818761&amp;atmme=339&amp;atmte=1&amp;atmso=ck&amp;utm_content=259535361&amp;atmem=Y2FtaWxhLm1hY2llbEBjcG1pZGlhcy5vcmcuYnI=&amp;\" rel=\"noreferrer noopener\" target=\"_blank\">como o isolamento social<\/a>.<\/p>\n\n\n\n<p>E o que o governo Bolsonaro pretende fazer? O mesmo que tem feito desde o in\u00edcio da pandemia, ignorar o v\u00edrus e tentar combat\u00ea-lo com o poder da imagina\u00e7\u00e3o. No encontro dos BRICS&nbsp;<a href=\"http:\/\/e.allin.ponto.jor.br\/bendar\/?atmca=8818761&amp;atmme=339&amp;atmte=1&amp;atmso=ck&amp;utm_content=259535393&amp;atmem=Y2FtaWxhLm1hY2llbEBjcG1pZGlhcy5vcmcuYnI=&amp;\" rel=\"noreferrer noopener\" target=\"_blank\">Bolsonaro criticou a OMS<\/a>&nbsp;por seu \u201cpretenso monop\u00f3lio do conhecimento\u201d e defendeu reformas na institui\u00e7\u00e3o. J\u00e1 internamente, cogita inclusive organizar&nbsp;<a href=\"http:\/\/e.allin.ponto.jor.br\/bendar\/?atmca=8818761&amp;atmme=339&amp;atmte=1&amp;atmso=ck&amp;utm_content=259535395&amp;atmem=Y2FtaWxhLm1hY2llbEBjcG1pZGlhcy5vcmcuYnI=&amp;\" rel=\"noreferrer noopener\" target=\"_blank\">uma frente de prefeitos eleitos anti-isolamento para pressionar os governadores<\/a>.<\/p>\n\n\n\n<p>Enquanto isso, com o recrudescimento da pandemia,&nbsp;<a href=\"http:\/\/e.allin.ponto.jor.br\/bendar\/?atmca=8818761&amp;atmme=339&amp;atmte=1&amp;atmso=ck&amp;utm_content=259535382&amp;atmem=Y2FtaWxhLm1hY2llbEBjcG1pZGlhcy5vcmcuYnI=&amp;\" rel=\"noreferrer noopener\" target=\"_blank\">escolas particulares que haviam retomado as aulas presenciais come\u00e7am a fechar novamente<\/a>. Se na economia, o governo deve extinguir o aux\u00edlio emergencial e n\u00e3o prev\u00ea nenhum outro mecanismo de prote\u00e7\u00e3o; na sa\u00fade, o horizonte \u00e9 menos auspicioso: em plena pandemia,&nbsp;<a href=\"http:\/\/e.allin.ponto.jor.br\/bendar\/?atmca=8818761&amp;atmme=339&amp;atmte=1&amp;atmso=ck&amp;utm_content=259535384&amp;atmem=Y2FtaWxhLm1hY2llbEBjcG1pZGlhcy5vcmcuYnI=&amp;\" rel=\"noreferrer noopener\" target=\"_blank\">Bolsonaro deve cortar R$43 bilh\u00f5es do or\u00e7amento da sa\u00fade<\/a>, enquanto o lobby privado na sa\u00fade amea\u00e7a o Sistema \u00danico de Sa\u00fade (SUS) no Congresso.<\/p>\n\n\n\n<p>Se por um lado, os an\u00fancios dos desenvolvedores nesta semana foram positivos &#8211; Moderna e Pfizer anunciaram efic\u00e1cias acima de 90% de suas vacinas &#8211; e da&nbsp;<a href=\"http:\/\/e.allin.ponto.jor.br\/bendar\/?atmca=8818761&amp;atmme=339&amp;atmte=1&amp;atmso=ck&amp;utm_content=259535410&amp;atmem=Y2FtaWxhLm1hY2llbEBjcG1pZGlhcy5vcmcuYnI=&amp;\" rel=\"noreferrer noopener\" target=\"_blank\">chegada das primeiras doses da Coronavac em S\u00e3o Paulo<\/a>; por outro, o governo brasileiro restringiu suas apostas unicamente \u00e0 vacina da AstraZeneca\/Oxford e&nbsp;<a href=\"http:\/\/e.allin.ponto.jor.br\/bendar\/?atmca=8818761&amp;atmme=339&amp;atmte=1&amp;atmso=ck&amp;utm_content=259535370&amp;atmem=Y2FtaWxhLm1hY2llbEBjcG1pZGlhcy5vcmcuYnI=&amp;\" rel=\"noreferrer noopener\" target=\"_blank\">agora corre atr\u00e1s dos outros fabricantes<\/a>, o que significa entrar no fim da fila ou disputar as doses no mercado global, tendo agora a sombra dos Estados Unidos, campe\u00e3o de infec\u00e7\u00f5es e com uma nova gest\u00e3o disposta a enfrentar o v\u00edrus com ci\u00eancia.<\/p>\n\n\n\n<p>8. Sem luz.&nbsp;Sim, passou-se o primeiro turno das elei\u00e7\u00f5es, chegou a&nbsp;segunda&nbsp;onda da pandemia e o Amap\u00e1 segue sem luz. Isso apesar da&nbsp;<a href=\"http:\/\/e.allin.ponto.jor.br\/bendar\/?atmca=8818761&amp;atmme=339&amp;atmte=1&amp;atmso=ck&amp;utm_content=259535391&amp;atmem=Y2FtaWxhLm1hY2llbEBjcG1pZGlhcy5vcmcuYnI=&amp;\" rel=\"noreferrer noopener\" target=\"_blank\">promessa feita por Bolsonaro em sua live<\/a>&nbsp;de que na&nbsp;quarta-feira (17) o problema estaria resolvido. O ministro de Minas e Energia agora deu uma nova data,&nbsp;26 de novembro, para a volta a normalidade no abastecimento. Pelo menos ser\u00e1 antes do&nbsp;natal!&nbsp;<a href=\"http:\/\/e.allin.ponto.jor.br\/bendar\/?atmca=8818761&amp;atmme=339&amp;atmte=1&amp;atmso=ck&amp;utm_content=259535368&amp;atmem=Y2FtaWxhLm1hY2llbEBjcG1pZGlhcy5vcmcuYnI=&amp;\" rel=\"noreferrer noopener\" target=\"_blank\">Bolsonaro prefere evitar tocar no assunto<\/a>&nbsp;e ignora as perguntas de jornalistas.<\/p>\n\n\n\n<p>O apag\u00e3o foi iniciado no dia&nbsp;3 de novembro&nbsp;e somente quatro dias depois a Companhia El\u00e9trica do Amap\u00e1 conseguiu estabelecer um prec\u00e1rio sistema de rod\u00edzio. No&nbsp;segunda-feira (16) chegou a Macap\u00e1 uma carga de geradores termel\u00e9tricos para restabelecer o fornecimento de energia de forma emergencial, mas no dia seguinte um novo apag\u00e3o total agravou novamente a situa\u00e7\u00e3o.<\/p>\n\n\n\n<p>Agora&nbsp;<a href=\"http:\/\/e.allin.ponto.jor.br\/bendar\/?atmca=8818761&amp;atmme=339&amp;atmte=1&amp;atmso=ck&amp;utm_content=259535399&amp;atmem=Y2FtaWxhLm1hY2llbEBjcG1pZGlhcy5vcmcuYnI=&amp;\" rel=\"noreferrer noopener\" target=\"_blank\">o juiz federal Jo\u00e3o Bosco decidiu afastar por trinta dias a diretoria da Ag\u00eancia Nacional de Energia El\u00e9trica (Aneel) e do Operador Nacional do Sistema (ONS)<\/a>&nbsp;at\u00e9 que sejam conclu\u00eddas as investiga\u00e7\u00f5es que o Tribunal de Contas da Uni\u00e3o (TCU) e a Pol\u00edcia Federal est\u00e3o fazendo sobre o incidente. Uma comitiva do Minist\u00e9rio de Minas e Energia foi recebida com protestos no estado nesta&nbsp;quinta-feira (19).&nbsp;<\/p>\n\n\n\n<p>A&nbsp;<a href=\"http:\/\/e.allin.ponto.jor.br\/bendar\/?atmca=8818761&amp;atmme=339&amp;atmte=1&amp;atmso=ck&amp;utm_content=259535374&amp;atmem=Y2FtaWxhLm1hY2llbEBjcG1pZGlhcy5vcmcuYnI=&amp;\" rel=\"noreferrer noopener\" target=\"_blank\">reportagem de Catarina Barbosa para o Brasil de Fato<\/a>&nbsp;afirma que h\u00e1 evid\u00eancias de que a Aneel e a ONS sabiam da possibilidade de um apag\u00e3o no Amap\u00e1 e de que a subesta\u00e7\u00e3o Macap\u00e1 operava no limite da capacidade h\u00e1 cerca de dois anos.<\/p>\n\n\n\n<p>Natural do estado e com um irm\u00e3o na disputa pela prefeitura de Macap\u00e1, o presidente do Senado David Alcolumbre pressiona o governo federal para criar&nbsp;<a href=\"http:\/\/e.allin.ponto.jor.br\/bendar\/?atmca=8818761&amp;atmme=339&amp;atmte=1&amp;atmso=ck&amp;utm_content=259535408&amp;atmem=Y2FtaWxhLm1hY2llbEBjcG1pZGlhcy5vcmcuYnI=&amp;\" rel=\"noreferrer noopener\" target=\"_blank\">um aux\u00edlio emergencial espec\u00edfico pelos atingidos pelo apag\u00e3o<\/a>, al\u00e9m de&nbsp;<a href=\"http:\/\/e.allin.ponto.jor.br\/bendar\/?atmca=8818761&amp;atmme=339&amp;atmte=1&amp;atmso=ck&amp;utm_content=259535409&amp;atmem=Y2FtaWxhLm1hY2llbEBjcG1pZGlhcy5vcmcuYnI=&amp;\" rel=\"noreferrer noopener\" target=\"_blank\">um cr\u00e9dito compensat\u00f3rio<\/a>&nbsp;j\u00e1 aprovado no pr\u00f3prio Senado. Apesar da gest\u00e3o privada da energia el\u00e9trica no estado, o socorro proposto pelo governo federal sair\u00e1 da Conta de Desenvolvimento Energ\u00e9tico (CDE), um fundo destinado a pol\u00edticas p\u00fablicas do setor el\u00e9trico e&nbsp;<a href=\"http:\/\/e.allin.ponto.jor.br\/bendar\/?atmca=8818761&amp;atmme=339&amp;atmte=1&amp;atmso=ck&amp;utm_content=259535398&amp;atmem=Y2FtaWxhLm1hY2llbEBjcG1pZGlhcy5vcmcuYnI=&amp;\" rel=\"noreferrer noopener\" target=\"_blank\">financiado por todos todos os consumidores brasileiros<\/a>, que pagar\u00e3o com acr\u00e9scimos na conta de energia el\u00e9trica.<\/p>\n\n\n\n<p>9.<strong>&nbsp;Ponto Final: nossas recomenda\u00e7\u00f5es de leitura<\/strong><\/p>\n\n\n\n<p><a href=\"http:\/\/e.allin.ponto.jor.br\/bendar\/?atmca=8818761&amp;atmme=339&amp;atmte=1&amp;atmso=ck&amp;utm_content=259535405&amp;atmem=Y2FtaWxhLm1hY2llbEBjcG1pZGlhcy5vcmcuYnI=&amp;\" rel=\"noreferrer noopener\" target=\"_blank\">Por que votei de novo em Donald Trump<\/a>. O&nbsp;<em>El Pa\u00eds<\/em>demonstra como os resultados positivos na economia alimentaram a vota\u00e7\u00e3o de Donald Trump em Ohio.<\/p>\n\n\n\n<p><a href=\"http:\/\/e.allin.ponto.jor.br\/bendar\/?atmca=8818761&amp;atmme=339&amp;atmte=1&amp;atmso=ck&amp;utm_content=259535412&amp;atmem=Y2FtaWxhLm1hY2llbEBjcG1pZGlhcy5vcmcuYnI=&amp;\" rel=\"noreferrer noopener\" target=\"_blank\">O ex\u00e9rcito de obreiros da Universal na guerra santa por votos<\/a>. Investiga\u00e7\u00e3o da&nbsp;<em>Ag\u00eancia P\u00fablica<\/em>demonstra os m\u00e9todos irregulares da Igreja Universal para alavancar candidatos nos seus templos.<\/p>\n\n\n\n<p><a href=\"http:\/\/e.allin.ponto.jor.br\/bendar\/?atmca=8818761&amp;atmme=339&amp;atmte=1&amp;atmso=ck&amp;utm_content=259535390&amp;atmem=Y2FtaWxhLm1hY2llbEBjcG1pZGlhcy5vcmcuYnI=&amp;\" rel=\"noreferrer noopener\" target=\"_blank\">Uma agenda econ\u00f4mica para resgatar o Brasil.<\/a>&nbsp;Os economistas Pedro Rossi, Marco Antonio Rocha, Esther Dweck, Ana Luiza Matos de Oliveira e Guilherme Mello prop\u00f5e uma agenda de crescimento econ\u00f4mico com preserva\u00e7\u00e3o ambiental e transforma\u00e7\u00e3o social para atacar as m\u00faltiplas desigualdades do pa\u00eds.<\/p>\n\n\n\n<p><a href=\"http:\/\/e.allin.ponto.jor.br\/bendar\/?atmca=8818761&amp;atmme=339&amp;atmte=1&amp;atmso=ck&amp;utm_content=259535385&amp;atmem=Y2FtaWxhLm1hY2llbEBjcG1pZGlhcy5vcmcuYnI=&amp;\" rel=\"noreferrer noopener\" target=\"_blank\">A contagem regressiva para a pr\u00f3xima pandemia.<\/a>&nbsp;Destrui\u00e7\u00e3o da natureza, produ\u00e7\u00e3o de alimentos e animais em escala industrial e urbaniza\u00e7\u00e3o s\u00e3o as tr\u00eas receitas pelas quais novas epidemias v\u00e3o eclodir nos pr\u00f3ximos anos.<\/p>\n\n\n\n<p><a href=\"http:\/\/e.allin.ponto.jor.br\/bendar\/?atmca=8818761&amp;atmme=339&amp;atmte=1&amp;atmso=ck&amp;utm_content=259535404&amp;atmem=Y2FtaWxhLm1hY2llbEBjcG1pZGlhcy5vcmcuYnI=&amp;\" rel=\"noreferrer noopener\" target=\"_blank\">E se o mundo, de repente, virasse um grande Amap\u00e1?<\/a>&nbsp;No&nbsp;<em>El Pa\u00eds<\/em>, o cientista Miguel Nicolelis parte da crise energ\u00e9tica no Amap\u00e1 e explora os riscos que uma tempestade geomagn\u00e9tica representaria para a vida humana.<\/p>\n\n\n\n<p>Obrigado por nos acompanhar at\u00e9 aqui. Boa semana e continue recomendando&nbsp;<a href=\"http:\/\/e.allin.ponto.jor.br\/bendar\/?atmca=8818761&amp;atmme=339&amp;atmte=1&amp;atmso=ck&amp;utm_content=259535413&amp;atmem=Y2FtaWxhLm1hY2llbEBjcG1pZGlhcy5vcmcuYnI=&amp;\" rel=\"noreferrer noopener\" target=\"_blank\">a inscri\u00e7\u00e3o na newsletter<\/a>&nbsp;aos seus contatos!<\/p>\n\n\n\n<p>Edi\u00e7\u00e3o: Rog\u00e9rio Jord\u00e3o<\/p>\n","protected":false},"excerpt":{"rendered":"<p>primeiro turno trouxe a pol\u00edtica de volta \u00e0s elei\u00e7\u00f5es depois da onda anti-sistema dos \u00faltimos anotar<\/p>\n","protected":false},"author":1,"featured_media":0,"comment_status":"closed","ping_status":"open","sticky":false,"template":"","format":"standard","meta":{"_exactmetrics_skip_tracking":false,"_exactmetrics_sitenote_active":false,"_exactmetrics_sitenote_note":"","_exactmetrics_sitenote_category":0,"jetpack_post_was_ever_published":false,"_jetpack_newsletter_access":"","_jetpack_dont_email_post_to_subs":false,"_jetpack_newsletter_tier_id":0,"_jetpack_memberships_contains_paywalled_content":false,"_jetpack_memberships_contains_paid_content":false,"footnotes":"","jetpack_publicize_message":"","jetpack_publicize_feature_enabled":true,"jetpack_social_post_already_shared":true,"jetpack_social_options":{"image_generator_settings":{"template":"highway","enabled":false},"version":2}},"categories":[1],"tags":[],"class_list":["post-30034","post","type-post","status-publish","format-standard","hentry","category-notas"],"jetpack_publicize_connections":[],"jetpack_sharing_enabled":true,"jetpack_featured_media_url":"","jetpack_shortlink":"https:\/\/wp.me\/p7wKYW-7Oq","jetpack-related-posts":[],"_links":{"self":[{"href":"http:\/\/blogdalucianaoliveira.com.br\/blog\/wp-json\/wp\/v2\/posts\/30034","targetHints":{"allow":["GET"]}}],"collection":[{"href":"http:\/\/blogdalucianaoliveira.com.br\/blog\/wp-json\/wp\/v2\/posts"}],"about":[{"href":"http:\/\/blogdalucianaoliveira.com.br\/blog\/wp-json\/wp\/v2\/types\/post"}],"author":[{"embeddable":true,"href":"http:\/\/blogdalucianaoliveira.com.br\/blog\/wp-json\/wp\/v2\/users\/1"}],"replies":[{"embeddable":true,"href":"http:\/\/blogdalucianaoliveira.com.br\/blog\/wp-json\/wp\/v2\/comments?post=30034"}],"version-history":[{"count":1,"href":"http:\/\/blogdalucianaoliveira.com.br\/blog\/wp-json\/wp\/v2\/posts\/30034\/revisions"}],"predecessor-version":[{"id":30036,"href":"http:\/\/blogdalucianaoliveira.com.br\/blog\/wp-json\/wp\/v2\/posts\/30034\/revisions\/30036"}],"wp:attachment":[{"href":"http:\/\/blogdalucianaoliveira.com.br\/blog\/wp-json\/wp\/v2\/media?parent=30034"}],"wp:term":[{"taxonomy":"category","embeddable":true,"href":"http:\/\/blogdalucianaoliveira.com.br\/blog\/wp-json\/wp\/v2\/categories?post=30034"},{"taxonomy":"post_tag","embeddable":true,"href":"http:\/\/blogdalucianaoliveira.com.br\/blog\/wp-json\/wp\/v2\/tags?post=30034"}],"curies":[{"name":"wp","href":"https:\/\/api.w.org\/{rel}","templated":true}]}}