{"id":3004,"date":"2016-08-10T12:26:45","date_gmt":"2016-08-10T16:26:45","guid":{"rendered":"http:\/\/blogdalucianaoliveira.com.br\/blog\/?p=3004"},"modified":"2016-08-10T12:26:45","modified_gmt":"2016-08-10T16:26:45","slug":"triste-noticia-ministerio-publico-de-rondonia-emite-nota-de-pesar-pelo-falecimento-do-jornalista-carlos-neves","status":"publish","type":"post","link":"http:\/\/blogdalucianaoliveira.com.br\/blog\/2016\/08\/10\/triste-noticia-ministerio-publico-de-rondonia-emite-nota-de-pesar-pelo-falecimento-do-jornalista-carlos-neves\/","title":{"rendered":"Triste not\u00edcia: Minist\u00e9rio P\u00fablico de Rond\u00f4nia emite nota de pesar pelo falecimento do jornalista Carlos Neves"},"content":{"rendered":"<p><img data-recalc-dims=\"1\" loading=\"lazy\" decoding=\"async\" data-attachment-id=\"3006\" data-permalink=\"http:\/\/blogdalucianaoliveira.com.br\/blog\/2016\/08\/10\/triste-noticia-ministerio-publico-de-rondonia-emite-nota-de-pesar-pelo-falecimento-do-jornalista-carlos-neves\/image-697\/\" data-orig-file=\"https:\/\/i0.wp.com\/blogdalucianaoliveira.com.br\/blog\/wp-content\/uploads\/2016\/08\/image-63.jpeg?fit=507%2C361\" data-orig-size=\"507,361\" data-comments-opened=\"0\" data-image-meta=\"{&quot;aperture&quot;:&quot;0&quot;,&quot;credit&quot;:&quot;&quot;,&quot;camera&quot;:&quot;&quot;,&quot;caption&quot;:&quot;&quot;,&quot;created_timestamp&quot;:&quot;0&quot;,&quot;copyright&quot;:&quot;&quot;,&quot;focal_length&quot;:&quot;0&quot;,&quot;iso&quot;:&quot;0&quot;,&quot;shutter_speed&quot;:&quot;0&quot;,&quot;title&quot;:&quot;&quot;,&quot;orientation&quot;:&quot;0&quot;}\" data-image-title=\"image\" data-image-description=\"\" data-image-caption=\"\" data-medium-file=\"https:\/\/i0.wp.com\/blogdalucianaoliveira.com.br\/blog\/wp-content\/uploads\/2016\/08\/image-63.jpeg?fit=300%2C214\" data-large-file=\"https:\/\/i0.wp.com\/blogdalucianaoliveira.com.br\/blog\/wp-content\/uploads\/2016\/08\/image-63.jpeg?fit=507%2C361\" src=\"https:\/\/i0.wp.com\/blogdalucianaoliveira.com.br\/blog\/wp-content\/uploads\/2016\/08\/image-63.jpeg?resize=507%2C361\" alt=\"image\" width=\"507\" height=\"361\" class=\"alignnone size-full wp-image-3006\" srcset=\"https:\/\/i0.wp.com\/blogdalucianaoliveira.com.br\/blog\/wp-content\/uploads\/2016\/08\/image-63.jpeg?w=507 507w, https:\/\/i0.wp.com\/blogdalucianaoliveira.com.br\/blog\/wp-content\/uploads\/2016\/08\/image-63.jpeg?resize=300%2C214 300w, https:\/\/i0.wp.com\/blogdalucianaoliveira.com.br\/blog\/wp-content\/uploads\/2016\/08\/image-63.jpeg?resize=421%2C300 421w\" sizes=\"auto, (max-width: 507px) 100vw, 507px\" \/><\/p>\n<p>O Minist\u00e9rio P\u00fablico do Estado de Rond\u00f4nia manifesta seu mais profundo pesar pelo falecimento do jornalista Carlos Neves, ocorrido na madrugada desta quarta-feira, 10 de agosto, em Porto Velho.<!--more--><\/p>\n<p>Carlos Neves integrou o quadro funcional do Minist\u00e9rio P\u00fablico, no per\u00edodo de 2003 a 2006, como assessor de imprensa da Institui\u00e7\u00e3o, cumprindo com profissionalismo e dedica\u00e7\u00e3o exemplar a miss\u00e3o de informar as a\u00e7\u00f5es do MP em favor da sociedade, demonstrando consci\u00eancia e clareza sobre a import\u00e2ncia de um fazer jornal\u00edstico \u00e9tico e de uma comunica\u00e7\u00e3o p\u00fablica voltada para o efetivo servi\u00e7o \u00e0 popula\u00e7\u00e3o.<\/p>\n<p>Neste momento de dor, o Minist\u00e9rio P\u00fablico manifesta sua solidariedade \u00e0 fam\u00edlia, aos amigos e colegas de trabalho, rogando a Deus que conforte seus cora\u00e7\u00f5es.<\/p>\n<p>Airton Pedro Marin Filho<\/p>\n<p>Procurador-Geral de Justi\u00e7a<\/p>\n<p>Fonte: Ascom MP\/RO<\/p>\n","protected":false},"excerpt":{"rendered":"<p>O Minist\u00e9rio P\u00fablico do Estado de Rond\u00f4nia manifesta seu mais profundo pesar pelo falecimento do jornalista Carlos Neves, ocorrido na madrugada desta quarta-feira, 10 de agosto, em Porto Velho.<\/p>\n","protected":false},"author":1,"featured_media":0,"comment_status":"closed","ping_status":"open","sticky":false,"template":"","format":"standard","meta":{"_exactmetrics_skip_tracking":false,"_exactmetrics_sitenote_active":false,"_exactmetrics_sitenote_note":"","_exactmetrics_sitenote_category":0,"jetpack_post_was_ever_published":false,"_jetpack_newsletter_access":"","_jetpack_dont_email_post_to_subs":false,"_jetpack_newsletter_tier_id":0,"_jetpack_memberships_contains_paywalled_content":false,"_jetpack_memberships_contains_paid_content":false,"footnotes":"","jetpack_publicize_message":"","jetpack_publicize_feature_enabled":true,"jetpack_social_post_already_shared":true,"jetpack_social_options":{"image_generator_settings":{"template":"highway","enabled":false},"version":2}},"categories":[1],"tags":[],"class_list":["post-3004","post","type-post","status-publish","format-standard","hentry","category-notas"],"jetpack_publicize_connections":[],"jetpack_sharing_enabled":true,"jetpack_featured_media_url":"","jetpack_shortlink":"https:\/\/wp.me\/p7wKYW-Ms","jetpack-related-posts":[],"_links":{"self":[{"href":"http:\/\/blogdalucianaoliveira.com.br\/blog\/wp-json\/wp\/v2\/posts\/3004","targetHints":{"allow":["GET"]}}],"collection":[{"href":"http:\/\/blogdalucianaoliveira.com.br\/blog\/wp-json\/wp\/v2\/posts"}],"about":[{"href":"http:\/\/blogdalucianaoliveira.com.br\/blog\/wp-json\/wp\/v2\/types\/post"}],"author":[{"embeddable":true,"href":"http:\/\/blogdalucianaoliveira.com.br\/blog\/wp-json\/wp\/v2\/users\/1"}],"replies":[{"embeddable":true,"href":"http:\/\/blogdalucianaoliveira.com.br\/blog\/wp-json\/wp\/v2\/comments?post=3004"}],"version-history":[{"count":2,"href":"http:\/\/blogdalucianaoliveira.com.br\/blog\/wp-json\/wp\/v2\/posts\/3004\/revisions"}],"predecessor-version":[{"id":3008,"href":"http:\/\/blogdalucianaoliveira.com.br\/blog\/wp-json\/wp\/v2\/posts\/3004\/revisions\/3008"}],"wp:attachment":[{"href":"http:\/\/blogdalucianaoliveira.com.br\/blog\/wp-json\/wp\/v2\/media?parent=3004"}],"wp:term":[{"taxonomy":"category","embeddable":true,"href":"http:\/\/blogdalucianaoliveira.com.br\/blog\/wp-json\/wp\/v2\/categories?post=3004"},{"taxonomy":"post_tag","embeddable":true,"href":"http:\/\/blogdalucianaoliveira.com.br\/blog\/wp-json\/wp\/v2\/tags?post=3004"}],"curies":[{"name":"wp","href":"https:\/\/api.w.org\/{rel}","templated":true}]}}