{"id":30043,"date":"2020-11-23T09:09:57","date_gmt":"2020-11-23T13:09:57","guid":{"rendered":"http:\/\/blogdalucianaoliveira.com.br\/blog\/?p=30043"},"modified":"2020-11-23T09:10:06","modified_gmt":"2020-11-23T13:10:06","slug":"juizes-racistas-muito-alem-de-um-negro-assassinado-no-carrefour-por-armando-coelho-neto","status":"publish","type":"post","link":"http:\/\/blogdalucianaoliveira.com.br\/blog\/2020\/11\/23\/juizes-racistas-muito-alem-de-um-negro-assassinado-no-carrefour-por-armando-coelho-neto\/","title":{"rendered":"Ju\u00edzes racistas. Muito al\u00e9m de um negro assassinado no Carrefour, por Armando Coelho Neto"},"content":{"rendered":"\n<figure class=\"wp-block-image size-large\"><img data-recalc-dims=\"1\" loading=\"lazy\" decoding=\"async\" width=\"600\" height=\"400\" data-attachment-id=\"30044\" data-permalink=\"http:\/\/blogdalucianaoliveira.com.br\/blog\/2020\/11\/23\/juizes-racistas-muito-alem-de-um-negro-assassinado-no-carrefour-por-armando-coelho-neto\/2c04504d-6355-4943-b203-a6b13a243cc7\/\" data-orig-file=\"https:\/\/i0.wp.com\/blogdalucianaoliveira.com.br\/blog\/wp-content\/uploads\/2020\/11\/2C04504D-6355-4943-B203-A6B13A243CC7.jpeg?fit=690%2C460\" data-orig-size=\"690,460\" data-comments-opened=\"0\" data-image-meta=\"{&quot;aperture&quot;:&quot;0&quot;,&quot;credit&quot;:&quot;&quot;,&quot;camera&quot;:&quot;&quot;,&quot;caption&quot;:&quot;&quot;,&quot;created_timestamp&quot;:&quot;0&quot;,&quot;copyright&quot;:&quot;&quot;,&quot;focal_length&quot;:&quot;0&quot;,&quot;iso&quot;:&quot;0&quot;,&quot;shutter_speed&quot;:&quot;0&quot;,&quot;title&quot;:&quot;&quot;,&quot;orientation&quot;:&quot;1&quot;}\" data-image-title=\"2C04504D-6355-4943-B203-A6B13A243CC7\" data-image-description=\"\" data-image-caption=\"\" data-medium-file=\"https:\/\/i0.wp.com\/blogdalucianaoliveira.com.br\/blog\/wp-content\/uploads\/2020\/11\/2C04504D-6355-4943-B203-A6B13A243CC7.jpeg?fit=300%2C200\" data-large-file=\"https:\/\/i0.wp.com\/blogdalucianaoliveira.com.br\/blog\/wp-content\/uploads\/2020\/11\/2C04504D-6355-4943-B203-A6B13A243CC7.jpeg?fit=600%2C400\" src=\"https:\/\/i0.wp.com\/blogdalucianaoliveira.com.br\/blog\/wp-content\/uploads\/2020\/11\/2C04504D-6355-4943-B203-A6B13A243CC7.jpeg?resize=600%2C400\" alt=\"\" class=\"wp-image-30044\" srcset=\"https:\/\/i0.wp.com\/blogdalucianaoliveira.com.br\/blog\/wp-content\/uploads\/2020\/11\/2C04504D-6355-4943-B203-A6B13A243CC7.jpeg?w=690 690w, https:\/\/i0.wp.com\/blogdalucianaoliveira.com.br\/blog\/wp-content\/uploads\/2020\/11\/2C04504D-6355-4943-B203-A6B13A243CC7.jpeg?resize=300%2C200 300w, https:\/\/i0.wp.com\/blogdalucianaoliveira.com.br\/blog\/wp-content\/uploads\/2020\/11\/2C04504D-6355-4943-B203-A6B13A243CC7.jpeg?resize=450%2C300 450w\" sizes=\"auto, (max-width: 600px) 100vw, 600px\" \/><\/figure>\n\n\n\n<p>GGN &#8211; O criminoso nato deve ser retirado do meio social antes mesmo de cometer crime. Essa afirma\u00e7\u00e3o integra estudo do italiano Cesare Lombroso, um psiquiatra, cirurgi\u00e3o e criminologista, que definiu caracter\u00edsticas f\u00edsicas e mentais dos criminosos. Seria \u201cLadr\u00e3o com cara de ladr\u00e3o, assassino com cara de assassino\u201d.<\/p>\n\n\n\n<!--more-->\n\n\n\n<p>Criminoso nato teria mand\u00edbulas volumosas, assimetria facial, orelhas desiguais, falta de barba nos homens, pele, olhos e cabelos escuros. Em que pese a contribui\u00e7\u00e3o que Lombroso deu \u00e0 criminologia, at\u00e9 hoje \u00e9 criticado pelo bi\u00f3tipo de criminoso por ele concebido e que parece inspirar ju\u00edzes lombrosianos at\u00e9 hoje.<\/p>\n\n\n\n<p>Volto ao Lombroso no final dessa fala, que \u00e9 inspirada em recentes excresc\u00eancias de ju\u00edzes, mas antes quero dar uma alfinetada no ex-juiz S\u00e9rgio Moro.<\/p>\n\n\n\n<p>A primeira excresc\u00eancia li no The Intercept, sob o t\u00edtulo \u201cUm corruptor para chamar de seu\u201d, onde est\u00e1 registrado que S\u00e9rgio Moro, est\u00e1 trabalhando para um bilion\u00e1rio investigado em tr\u00eas continentes, sob suspeita de corromper governantes, lavar dinheiro, sonegar impostos e violar direitos humanos e leis ambientais.<\/p>\n\n\n\n<p>O ex-politiqueiro judicial, cuja parcialidade na condena\u00e7\u00e3o sem provas de Lula vem sendo ignorada pela Suprema Corte, agora na condi\u00e7\u00e3o de extremista de centro, vai receber R$ 750 mil de \u201cBenjamin \u201cBeny\u201d Steinmetz, bilion\u00e1rio (em d\u00f3lares) da minera\u00e7\u00e3o \u2013 o qual \u00e9 alvo da justi\u00e7a na Su\u00ed\u00e7a, EUA, e em Serra Leoa (\u00c1frica).<\/p>\n\n\n\n<p>Postei a mat\u00e9ria num grupo de apoio ao ex-delegado Prot\u00f3genes Queiroz (asilado na Su\u00ed\u00e7a), condenado pela Justi\u00e7a brasileira por vazar informa\u00e7\u00f5es para a imprensa, crime reiteradamente praticado pela Farsa Jato de Moro e Dallagnol. J\u00e1 Sejumoro, foi premiado com cargo, benesses e promessas de b\u00f4nus\u2026 dinheiro (?).<\/p>\n\n\n\n<p>A rigor, na aparente condi\u00e7\u00e3o de desempregado, o ex-justiceiro da Farsa Jato pode trabalhar com quem bem entender. Mas, foi ele quem praticamente tentou criminalizar a advocacia. Com apoio do PIG, ele, junto com o magote da Procuradoria da Rep\u00fablica, transformaram investigado em culpado sem senten\u00e7a.<\/p>\n\n\n\n<p>Ora, pois. Investigado n\u00e3o quer dizer culpado nem condenado. O ex-governador do Rio Garotinho sabe fazer essa diferen\u00e7a e jogou isso na cara da Rede Globo. Mas, o verdugo paranaense pedia apoio da m\u00eddia para condenar pessoas por antecipa\u00e7\u00e3o e criou uma m\u00e1cula quase perp\u00e9tua no ex-presidente Lula.<\/p>\n\n\n\n<p>Se ser investigado \u00e9 culpado, o falso moralismo do ex-juizeco cai por terra ao defender ou dar suporte \u00e0 defesa de um corruptor de governantes, com as acusa\u00e7\u00f5es descritas l\u00e1 em cima. Como advogado, \u00e9 prov\u00e1vel que v\u00e1 exigir de ju\u00edzes e procuradores as garantias que sonegou \u00e0s suas v\u00edtimas na Farsa Jato.<\/p>\n\n\n\n<p>Moro apoiou um pacote anticrime de vi\u00e9s fascista e antidemocr\u00e1tico, previa amplia\u00e7\u00e3o da obrigatoriedade de fornecimento de DNA por parte de condenados, para compor o Banco Nacional de Perfis Gen\u00e9ticos (BNPG). Previa tamb\u00e9m, em sua fase original, teste de honestidade. Ele tem um qu\u00ea de lombrosiano.<\/p>\n\n\n\n<p>O ex-juiz municiou o \u201cpresidente\u201d da Rep\u00fablica, igualmente fascista. Juntos, acabaram dando voz a outros extremistas, como ju\u00edzes fascistas de Recife \u2013 outra excresc\u00eancia da qual quero falar.<\/p>\n\n\n\n<p>L\u00e1 em Recife, um grupo de 34 ju\u00edzes disse que racismo \u00e9 \u201cinfiltra\u00e7\u00e3o ideol\u00f3gica\u201d, ao repudiar um curso criado pela diretoria de Direitos Humanos da Associa\u00e7\u00e3o de Magistrados de Pernambuco, cujo t\u00edtulo \u00e9 \u201cRacismo e Suas Percep\u00e7\u00f5es na Pandemia\u201d, voltado para ju\u00edzes. H\u00e1 inclusive cartilha sobre racismo nas palavras.<\/p>\n\n\n\n<p>Pelo jeito, o grupo racista nunca leu a Constitui\u00e7\u00e3o Federal. Idem o estatuto da associa\u00e7\u00e3o, que conta com uma diretoria de direitos humanos. Se notou a exist\u00eancia da tal diretoria, ignora sua finalidade e n\u00e3o percebe que \u201cideologia\u201d, no caso, \u00e9 negar princ\u00edpios e valores constitucionais por sentimentos pessoais.<\/p>\n\n\n\n<p>Tamb\u00e9m n\u00e3o leram o Estatuto da Igualdade Racial e nem sabem para que serve. Lei 12.288\/2010, Art. 1o \u2013 \u2026 \u201cgarantir \u00e0 popula\u00e7\u00e3o negra a efetiva\u00e7\u00e3o da igualdade de oportunidades, a defesa dos direitos \u00e9tnicos individuais, coletivos e difusos e o combate \u00e0 discrimina\u00e7\u00e3o e \u00e0s demais formas de intoler\u00e2ncia \u00e9tnica\u201d.<\/p>\n\n\n\n<p>Com uma vis\u00e3o torpe sobre democracia e direitos fundamentais, o grupo divulgou nota contra o curso, dizendo que nenhum recurso material ou imaterial da associa\u00e7\u00e3o deve ser usado para atender outros interesses. Uma ju\u00edza ouvida pelo site UOL disse que a justi\u00e7a tem que ser cega e n\u00e3o ideol\u00f3gica. Ah?!<\/p>\n\n\n\n<p>\u201cN\u00e3o podemos permitir o desvio de foco da nossa miss\u00e3o: prote\u00e7\u00e3o incondicional da Magistratura: corporativismo, no melhor sentido do esp\u00edrito de corpo\u201d, diz trecho da nota. O curioso \u00e9 que parecem revelar o pior sentido: protestar contra o que colocaria a magistratura mais pr\u00f3xima do processo civilizat\u00f3rio, n\u00e3o a barb\u00e1rie.<\/p>\n\n\n\n<p>\u00c9 poss\u00edvel que juiz racista seja fascista e que tenha um qu\u00ea de lombrosiano. Da\u00ed ser poss\u00edvel que boa parte de senten\u00e7as condenat\u00f3rias de negros tenha a ver com o lombrosiano o jarg\u00e3o: \u201cbandido com cara de bandido\u201d. \u00c9 como se negros, dentro do racismo estrutural, fossem associados \u00e0 ideia do criminoso nato.<\/p>\n\n\n\n<p>Em 2016, uma ju\u00edza de Campinas proferiu uma senten\u00e7a dizendo que \u201co r\u00e9u n\u00e3o possui o estere\u00f3tipo padr\u00e3o de bandido, possui pele, olhos e cabelos claros, n\u00e3o estando sujeito a ser facilmente confundido\u201d. Querem algo mais lombrosiano do que isso? O CNJ tem sido omisso quanto ao racismo entre ju\u00edzes.<\/p>\n\n\n\n<p>Recentemente, a ju\u00edza In\u00eas Zarpelon disse, em senten\u00e7a condenat\u00f3ria, que o r\u00e9u praticara crime \u201cem raz\u00e3o da sua ra\u00e7a\u201d. O procedimento aberto pelo CNJ s\u00f3 serviu para engordar uma estat\u00edstica, j\u00e1 que, \u201cem dez anos, nenhum juiz foi punido por racismo em processos abertos no CNJ\u201d, informa mat\u00e9ria do Brasil de Fato.<\/p>\n\n\n\n<p>Vige o clima de subnotifica\u00e7\u00f5es e sentimento de impunidade. Denunciar pra qu\u00ea?<\/p>\n\n\n\n<p>Lombroso morreu em 1909 sem provar cientificamente a rela\u00e7\u00e3o entre as caracter\u00edsticas f\u00edsicas da pessoa e o crime. As cr\u00edticas \u00e0 sua teoria do criminoso nato podem jogar luz sobre o expressivo segmento de ju\u00edzes lombrosianos. Detalhe: ju\u00edzes negros representam apenas 18% dos magistrados, segundo o IBGE.<\/p>\n\n\n\n<p>Fecho, n\u00e3o sem lembrar que no auge da Farsa Jato, ju\u00edzes pernambucanos deflagraram movimento de apoio ao extremista e ent\u00e3o juiz Moro. H\u00e1 ju\u00edzes expressa e ou veladamente racistas. Desse modo, o enfoque do racismo estrutural no Brasil segue muito al\u00e9m do assassinato de um negro no Carrefour.<\/p>\n\n\n\n<p><em><strong>Armando Rodrigues Coelho Neto \u2013 jornalista, delegado aposentado da Pol\u00edcia Federal e ex-integrante da Interpol em S\u00e3o Paulo.<\/strong><\/em><\/p>\n","protected":false},"excerpt":{"rendered":"<p>GGN &#8211; O criminoso nato deve ser retirado do meio social antes mesmo de cometer crime. Essa afirma\u00e7\u00e3o integra estudo do italiano Cesare Lombroso, um psiquiatra, cirurgi\u00e3o e criminologista, que definiu caracter\u00edsticas f\u00edsicas e mentais dos criminosos. Seria \u201cLadr\u00e3o com cara de ladr\u00e3o, assassino com cara de assassino\u201d.<\/p>\n","protected":false},"author":1,"featured_media":0,"comment_status":"closed","ping_status":"open","sticky":false,"template":"","format":"standard","meta":{"_exactmetrics_skip_tracking":false,"_exactmetrics_sitenote_active":false,"_exactmetrics_sitenote_note":"","_exactmetrics_sitenote_category":0,"jetpack_post_was_ever_published":false,"_jetpack_newsletter_access":"","_jetpack_dont_email_post_to_subs":false,"_jetpack_newsletter_tier_id":0,"_jetpack_memberships_contains_paywalled_content":false,"_jetpack_memberships_contains_paid_content":false,"footnotes":"","jetpack_publicize_message":"","jetpack_publicize_feature_enabled":true,"jetpack_social_post_already_shared":true,"jetpack_social_options":{"image_generator_settings":{"template":"highway","enabled":false},"version":2}},"categories":[1],"tags":[],"class_list":["post-30043","post","type-post","status-publish","format-standard","hentry","category-notas"],"jetpack_publicize_connections":[],"jetpack_sharing_enabled":true,"jetpack_featured_media_url":"","jetpack_shortlink":"https:\/\/wp.me\/p7wKYW-7Oz","jetpack-related-posts":[],"_links":{"self":[{"href":"http:\/\/blogdalucianaoliveira.com.br\/blog\/wp-json\/wp\/v2\/posts\/30043","targetHints":{"allow":["GET"]}}],"collection":[{"href":"http:\/\/blogdalucianaoliveira.com.br\/blog\/wp-json\/wp\/v2\/posts"}],"about":[{"href":"http:\/\/blogdalucianaoliveira.com.br\/blog\/wp-json\/wp\/v2\/types\/post"}],"author":[{"embeddable":true,"href":"http:\/\/blogdalucianaoliveira.com.br\/blog\/wp-json\/wp\/v2\/users\/1"}],"replies":[{"embeddable":true,"href":"http:\/\/blogdalucianaoliveira.com.br\/blog\/wp-json\/wp\/v2\/comments?post=30043"}],"version-history":[{"count":1,"href":"http:\/\/blogdalucianaoliveira.com.br\/blog\/wp-json\/wp\/v2\/posts\/30043\/revisions"}],"predecessor-version":[{"id":30045,"href":"http:\/\/blogdalucianaoliveira.com.br\/blog\/wp-json\/wp\/v2\/posts\/30043\/revisions\/30045"}],"wp:attachment":[{"href":"http:\/\/blogdalucianaoliveira.com.br\/blog\/wp-json\/wp\/v2\/media?parent=30043"}],"wp:term":[{"taxonomy":"category","embeddable":true,"href":"http:\/\/blogdalucianaoliveira.com.br\/blog\/wp-json\/wp\/v2\/categories?post=30043"},{"taxonomy":"post_tag","embeddable":true,"href":"http:\/\/blogdalucianaoliveira.com.br\/blog\/wp-json\/wp\/v2\/tags?post=30043"}],"curies":[{"name":"wp","href":"https:\/\/api.w.org\/{rel}","templated":true}]}}