{"id":30074,"date":"2020-11-24T12:06:17","date_gmt":"2020-11-24T16:06:17","guid":{"rendered":"http:\/\/blogdalucianaoliveira.com.br\/blog\/?p=30074"},"modified":"2020-11-24T12:06:26","modified_gmt":"2020-11-24T16:06:26","slug":"oab-critica-em-nota-grupo-de-juizes-que-diz-que-racismo-e-infiltracao-ideologica","status":"publish","type":"post","link":"http:\/\/blogdalucianaoliveira.com.br\/blog\/2020\/11\/24\/oab-critica-em-nota-grupo-de-juizes-que-diz-que-racismo-e-infiltracao-ideologica\/","title":{"rendered":"OAB critica em nota grupo de ju\u00edzes que diz que racismo \u00e9 \u201cinfiltra\u00e7\u00e3o ideol\u00f3gica\u201d"},"content":{"rendered":"\n<figure class=\"wp-block-image\"><img data-recalc-dims=\"1\" decoding=\"async\" src=\"https:\/\/i0.wp.com\/publisher-publish.s3.eu-central-1.amazonaws.com\/pb-brasil247\/swp\/jtjeq9\/media\/20201124121144_e220323dea60887eb2419ee3db5266ecdcafb2b9bfc2b4942681b09632455625.jpeg?w=600&#038;ssl=1\" alt=\"OAB-PE\"\/><\/figure>\n\n\n\n<p>De acordo com a OBA-PE, &#8220;o debate sobre o racismo estrutural n\u00e3o pode ser reduzido a uma &#8216;pauta ideol\u00f3gica'&#8221;. &#8220;Trata-se de uma pauta human\u00edstica&#8221;, disse. Magistrados haviam classificado o movimento antirracista como uma &#8220;infiltra\u00e7\u00e3o ideol\u00f3gica&#8221;.<\/p>\n\n\n\n<!--more-->\n\n\n\n<p><strong>247<\/strong>\u00a0&#8211; A Ordem dos Advogados do Brasil (OAB), seccional de Pernambuco divulgou nesta ter\u00e7a-feira (24) grupo de 34 ju\u00edzes que assinaram um manifesto contra cursos antirracistas promovido pela Associa\u00e7\u00e3o dos Magistrados do Estado de Pernambuco (Amepe). Os magistrados classificaram o movimento antirracista como uma &#8220;infiltra\u00e7\u00e3o ideol\u00f3gica&#8221; no documento. <\/p>\n\n\n\n<p>De acordo com a OBA-PE, &#8220;o debate sobre o racismo estrutural n\u00e3o pode ser reduzido a uma &#8216;pauta ideol\u00f3gica'&#8221;. &#8220;Trata-se de uma pauta human\u00edstica, fundamental para o exerc\u00edcio da nobre (e dif\u00edcil) miss\u00e3o de julgar os semelhantes&#8221;, diz a nota da OAB-PE.<\/p>\n\n\n\n<p>&#8220;Entendemos que a quest\u00e3o do racismo deve ser discutida em todos os ambientes e sempre que necess\u00e1rio. Somente trazendo o tema \u00e0 tona \u00e9 que poderemos combat\u00ea-lo, nos valendo do lema que intitula livro da professora Robin DiAngelo: &#8216;N\u00e3o basta n\u00e3o ser racista \u2013 Sejamos antirracistas'&#8221;, acrescenta.<br><\/p>\n\n\n\n<p><br><\/p>\n","protected":false},"excerpt":{"rendered":"<p>De acordo com a OBA-PE, &#8220;o debate sobre o racismo estrutural n\u00e3o pode ser reduzido a uma &#8216;pauta ideol\u00f3gica&#8217;&#8221;. &#8220;Trata-se de uma pauta human\u00edstica&#8221;, disse. Magistrados haviam classificado o movimento antirracista como uma &#8220;infiltra\u00e7\u00e3o ideol\u00f3gica&#8221;.<\/p>\n","protected":false},"author":1,"featured_media":0,"comment_status":"closed","ping_status":"open","sticky":false,"template":"","format":"standard","meta":{"_exactmetrics_skip_tracking":false,"_exactmetrics_sitenote_active":false,"_exactmetrics_sitenote_note":"","_exactmetrics_sitenote_category":0,"jetpack_post_was_ever_published":false,"_jetpack_newsletter_access":"","_jetpack_dont_email_post_to_subs":false,"_jetpack_newsletter_tier_id":0,"_jetpack_memberships_contains_paywalled_content":false,"_jetpack_memberships_contains_paid_content":false,"footnotes":"","jetpack_publicize_message":"","jetpack_publicize_feature_enabled":true,"jetpack_social_post_already_shared":true,"jetpack_social_options":{"image_generator_settings":{"template":"highway","enabled":false},"version":2}},"categories":[1],"tags":[],"class_list":["post-30074","post","type-post","status-publish","format-standard","hentry","category-notas"],"jetpack_publicize_connections":[],"jetpack_sharing_enabled":true,"jetpack_featured_media_url":"","jetpack_shortlink":"https:\/\/wp.me\/p7wKYW-7P4","jetpack-related-posts":[],"_links":{"self":[{"href":"http:\/\/blogdalucianaoliveira.com.br\/blog\/wp-json\/wp\/v2\/posts\/30074","targetHints":{"allow":["GET"]}}],"collection":[{"href":"http:\/\/blogdalucianaoliveira.com.br\/blog\/wp-json\/wp\/v2\/posts"}],"about":[{"href":"http:\/\/blogdalucianaoliveira.com.br\/blog\/wp-json\/wp\/v2\/types\/post"}],"author":[{"embeddable":true,"href":"http:\/\/blogdalucianaoliveira.com.br\/blog\/wp-json\/wp\/v2\/users\/1"}],"replies":[{"embeddable":true,"href":"http:\/\/blogdalucianaoliveira.com.br\/blog\/wp-json\/wp\/v2\/comments?post=30074"}],"version-history":[{"count":1,"href":"http:\/\/blogdalucianaoliveira.com.br\/blog\/wp-json\/wp\/v2\/posts\/30074\/revisions"}],"predecessor-version":[{"id":30075,"href":"http:\/\/blogdalucianaoliveira.com.br\/blog\/wp-json\/wp\/v2\/posts\/30074\/revisions\/30075"}],"wp:attachment":[{"href":"http:\/\/blogdalucianaoliveira.com.br\/blog\/wp-json\/wp\/v2\/media?parent=30074"}],"wp:term":[{"taxonomy":"category","embeddable":true,"href":"http:\/\/blogdalucianaoliveira.com.br\/blog\/wp-json\/wp\/v2\/categories?post=30074"},{"taxonomy":"post_tag","embeddable":true,"href":"http:\/\/blogdalucianaoliveira.com.br\/blog\/wp-json\/wp\/v2\/tags?post=30074"}],"curies":[{"name":"wp","href":"https:\/\/api.w.org\/{rel}","templated":true}]}}