{"id":3009,"date":"2016-08-11T09:25:13","date_gmt":"2016-08-11T13:25:13","guid":{"rendered":"http:\/\/blogdalucianaoliveira.com.br\/blog\/?p=3009"},"modified":"2016-08-11T10:13:46","modified_gmt":"2016-08-11T14:13:46","slug":"dia-do-advogado-comemorar-o-que-a-oab-traiu-a-sociedade-mas-ainda-bem-que-a-oab-nao-e-a-advocacia","status":"publish","type":"post","link":"http:\/\/blogdalucianaoliveira.com.br\/blog\/2016\/08\/11\/dia-do-advogado-comemorar-o-que-a-oab-traiu-a-sociedade-mas-ainda-bem-que-a-oab-nao-e-a-advocacia\/","title":{"rendered":"Dia do advogado: o que comemorar? A OAB traiu a sociedade, mas ainda bem que a OAB n\u00e3o \u00e9 a advocacia"},"content":{"rendered":"<p><img data-recalc-dims=\"1\" loading=\"lazy\" decoding=\"async\" data-attachment-id=\"3011\" data-permalink=\"http:\/\/blogdalucianaoliveira.com.br\/blog\/2016\/08\/11\/dia-do-advogado-comemorar-o-que-a-oab-traiu-a-sociedade-mas-ainda-bem-que-a-oab-nao-e-a-advocacia\/golpe1\/\" data-orig-file=\"https:\/\/i0.wp.com\/blogdalucianaoliveira.com.br\/blog\/wp-content\/uploads\/2016\/08\/golpe1.jpg?fit=810%2C455\" data-orig-size=\"810,455\" data-comments-opened=\"0\" data-image-meta=\"{&quot;aperture&quot;:&quot;0&quot;,&quot;credit&quot;:&quot;&quot;,&quot;camera&quot;:&quot;&quot;,&quot;caption&quot;:&quot;&quot;,&quot;created_timestamp&quot;:&quot;0&quot;,&quot;copyright&quot;:&quot;&quot;,&quot;focal_length&quot;:&quot;0&quot;,&quot;iso&quot;:&quot;0&quot;,&quot;shutter_speed&quot;:&quot;0&quot;,&quot;title&quot;:&quot;&quot;,&quot;orientation&quot;:&quot;0&quot;}\" data-image-title=\"golpe1\" data-image-description=\"\" data-image-caption=\"\" data-medium-file=\"https:\/\/i0.wp.com\/blogdalucianaoliveira.com.br\/blog\/wp-content\/uploads\/2016\/08\/golpe1.jpg?fit=300%2C169\" data-large-file=\"https:\/\/i0.wp.com\/blogdalucianaoliveira.com.br\/blog\/wp-content\/uploads\/2016\/08\/golpe1.jpg?fit=600%2C337\" src=\"https:\/\/i0.wp.com\/blogdalucianaoliveira.com.br\/blog\/wp-content\/uploads\/2016\/08\/golpe1.jpg?resize=600%2C337\" alt=\"golpe1\" width=\"600\" height=\"337\" class=\"alignnone size-full wp-image-3011\" srcset=\"https:\/\/i0.wp.com\/blogdalucianaoliveira.com.br\/blog\/wp-content\/uploads\/2016\/08\/golpe1.jpg?w=810 810w, https:\/\/i0.wp.com\/blogdalucianaoliveira.com.br\/blog\/wp-content\/uploads\/2016\/08\/golpe1.jpg?resize=300%2C169 300w\" sizes=\"auto, (max-width: 600px) 100vw, 600px\" \/><\/p>\n<p>De Sobral a Lamachia, a imagem da Ordem dos Advogados do Brasil se esfarela. Mas, uma coisa \u00e9 a OAB, outra a advocacia.<!--more--><\/p>\n<p>Na primeira reuni\u00e3o que acompanhei como coordenadora da equipe de imprensa de um candidato \u00e0 elei\u00e7\u00e3o da Seccional da OAB em Rond\u00f4nia, um fato me deixou perplexa. Ao sugerir que o legado do magistral jurista Her\u00e1clito Fontoura Sobral Pinto fosse lembrado nas pe\u00e7as publicit\u00e1rias, uma advogada com meio s\u00e9culo de vida disse: \u201cn\u00e3o concordo. Ningu\u00e9m lembra quem foi Sobral!\u201d<\/p>\n<p>Na minha cabe\u00e7a, se a inten\u00e7\u00e3o do grupo era real\u00e7ar a necessidade de reaproximar a Ordem da sociedade, senso comum de que houve uma ruptura de di\u00e1logo nas \u00faltimas d\u00e9cadas, ningu\u00e9m melhor que Sobral pra iluminar a mentalidade da jovem advocacia, hoje maioria.<\/p>\n<p><img data-recalc-dims=\"1\" loading=\"lazy\" decoding=\"async\" data-attachment-id=\"3010\" data-permalink=\"http:\/\/blogdalucianaoliveira.com.br\/blog\/2016\/08\/11\/dia-do-advogado-comemorar-o-que-a-oab-traiu-a-sociedade-mas-ainda-bem-que-a-oab-nao-e-a-advocacia\/sobral\/\" data-orig-file=\"https:\/\/i0.wp.com\/blogdalucianaoliveira.com.br\/blog\/wp-content\/uploads\/2016\/08\/sobral.jpeg?fit=635%2C415\" data-orig-size=\"635,415\" data-comments-opened=\"0\" data-image-meta=\"{&quot;aperture&quot;:&quot;0&quot;,&quot;credit&quot;:&quot;&quot;,&quot;camera&quot;:&quot;&quot;,&quot;caption&quot;:&quot;&quot;,&quot;created_timestamp&quot;:&quot;0&quot;,&quot;copyright&quot;:&quot;&quot;,&quot;focal_length&quot;:&quot;0&quot;,&quot;iso&quot;:&quot;0&quot;,&quot;shutter_speed&quot;:&quot;0&quot;,&quot;title&quot;:&quot;&quot;,&quot;orientation&quot;:&quot;0&quot;}\" data-image-title=\"sobral\" data-image-description=\"\" data-image-caption=\"\" data-medium-file=\"https:\/\/i0.wp.com\/blogdalucianaoliveira.com.br\/blog\/wp-content\/uploads\/2016\/08\/sobral.jpeg?fit=300%2C196\" data-large-file=\"https:\/\/i0.wp.com\/blogdalucianaoliveira.com.br\/blog\/wp-content\/uploads\/2016\/08\/sobral.jpeg?fit=600%2C392\" src=\"https:\/\/i0.wp.com\/blogdalucianaoliveira.com.br\/blog\/wp-content\/uploads\/2016\/08\/sobral.jpeg?resize=600%2C392\" alt=\"sobral\" width=\"600\" height=\"392\" class=\"alignnone size-full wp-image-3010\" \/><\/p>\n<p>Ao longo da campanha a senten\u00e7a fat\u00eddica da advogada se confirmou. N\u00e3o vi nada que indicasse que os eleitores compreendiam a advocacia com o esp\u00edrito de devo\u00e7\u00e3o do velho mestre que odiava comunismo, mas defendeu de gra\u00e7a comunistas submetidos \u00e0 tortura. Em sentido diametralmente oposto, em Rond\u00f4nia, advers\u00e1rios na disputa eleitoral demonizaram candidatos progressistas e com ideologia de esquerda que prioriza a defesa dos movimentos sociais.<\/p>\n<p>Venceu o candidato que simbolizava o distanciamento da OAB com a sociedade, reeleito, sem nenhuma a\u00e7\u00e3o relevante na defesa dos direitos coletivos. <\/p>\n<p>O mesmo ocorreu em v\u00e1rias Seccionais, com candidatos foram reconduzidos aos cargos, contrariando a sugest\u00e3o da Ordem dos Advogados do Brasil para o fim da reelei\u00e7\u00e3o nas disputas do executivo, elencada como primordial \u00e0 Reforma Pol\u00edtica.<br \/>\nO que se percebe hoje na atua\u00e7\u00e3o da OAB \u00e9 isso, um abismo profundo entre o discurso e a pr\u00e1tica. <\/p>\n<p>N\u00e3o demorou para que o Conselho Federal da OAB aprovasse, por maioria das bancadas estaduais, o apoio ao impeachment da presidente Dilma Rousseff, \u00e0 \u00e9poca, por antecipadamente julgar convincentes os argumentos de que ela teria praticado crimes de responsabilidade. Mais que isso, protocolou um pedido de impeachment que o presidente Carlos Lamachia justificou \u00e0 imprensa como argumento jur\u00eddico \u201co conjunto da obra\u201d.<\/p>\n<p>De l\u00e1 pra c\u00e1, a porta-voz da sociedade manteve-se silente diante de ineg\u00e1veis afrontas, um verdadeiro estupro \u00e0 Constitui\u00e7\u00e3o Federal. <\/p>\n<p>O apoio a um processo de impeachment, que segue sem crime, posto que assim conclu\u00edram os peritos do Senado e o Minist\u00e9rio P\u00fablico Federal, macula a imagem hist\u00f3rica da combativa OAB na defesa do direito.<\/p>\n<p>A pris\u00e3o, de excepcional, virou regra. Nos espa\u00e7os p\u00fablicos, cerceamento descarado do direito de ir e vir e da livre manifesta\u00e7\u00e3o pac\u00edfica. No processo, juiz fez papel de carrasco com investigados, investindo, inclusive contra a inviolabilidade do sigilo de advogados. No balc\u00e3o de neg\u00f3cios que se transformou o Congresso Nacional, direitos conquistados com muita luta pela classe trabalhadora viraram moeda de troca com um poder paralelo que visa unicamente o lucro.<\/p>\n<p>A Casa Grande em dois meses sob um governo interino, imp\u00f5e novas regras, ignorando os princ\u00edpios do direito, a lei, analogia, costumes e doutrina, sem resist\u00eancia eficaz da Ordem dos Advogados do Brasil.<\/p>\n<p>A OAB de hoje, realmente n\u00e3o incorpora o esp\u00edrito de Sobral Pinto, que s\u00f3 tinha um farol, a defesa intransigente do direito, n\u00e3o corromp\u00edvel por motiva\u00e7\u00e3o partid\u00e1ria ou religiosa.  <\/p>\n<p>A OAB traiu a sociedade brasileira, virou lambaia \u00e0 disposi\u00e7\u00e3o da plutocracia.<\/p>\n<p>Por isso, est\u00e1 menor, perdeu completamente o protagonismo e o di\u00e1logo com a sociedade e ir\u00e1 ilustrar as p\u00e1ginas dram\u00e1ticas de uma ruptura democr\u00e1tica, como em 1964.<\/p>\n<p>No dia do advogado, resta dizer: ainda bem que a OAB n\u00e3o \u00e9 a advocacia brasileira!<\/p>\n<p>Em todo o pa\u00eds, advogados e advogadas que n\u00e3o votaram pelo apoio ao impeachment seguem lutando em defesa da democracia e contra a viola\u00e7\u00e3o da Constitui\u00e7\u00e3o Federal. <\/p>\n<p>A imprensa n\u00e3o deu destaque, mas h\u00e1 movimentos de resist\u00eancia em todas as capitais, com a\u00e7\u00f5es nas ruas e pela via judicial.<\/p>\n<p>Esses honram a mem\u00f3ria de Sobral Pinto e de todos os grandes juristas que ajudaram a transformar o pa\u00eds. <\/p>\n<p>Esses, seguem militando ativamente na maior causa coletiva: a defesa do Estado Democr\u00e1tico de Direito.<\/p>\n<p>A esses, e s\u00e3o muitos, parab\u00e9ns pelo dia de hoje.<\/p>\n<p>A perda de protagonismo da OAB ofusca as comemora\u00e7\u00f5es, pois inegavelmente reflete desprest\u00edgio aos advogados e advogadas que seguem firmes no compromisso com a sociedade. <\/p>\n","protected":false},"excerpt":{"rendered":"<p>De Sobral a Lamachia, a imagem da Ordem dos Advogados do Brasil se esfarela. Mas, uma coisa \u00e9 a OAB, outra a advocacia.<\/p>\n","protected":false},"author":1,"featured_media":0,"comment_status":"closed","ping_status":"open","sticky":false,"template":"","format":"standard","meta":{"_exactmetrics_skip_tracking":false,"_exactmetrics_sitenote_active":false,"_exactmetrics_sitenote_note":"","_exactmetrics_sitenote_category":0,"jetpack_post_was_ever_published":false,"_jetpack_newsletter_access":"","_jetpack_dont_email_post_to_subs":false,"_jetpack_newsletter_tier_id":0,"_jetpack_memberships_contains_paywalled_content":false,"_jetpack_memberships_contains_paid_content":false,"footnotes":"","jetpack_publicize_message":"","jetpack_publicize_feature_enabled":true,"jetpack_social_post_already_shared":true,"jetpack_social_options":{"image_generator_settings":{"template":"highway","enabled":false},"version":2}},"categories":[1],"tags":[182,11],"class_list":["post-3009","post","type-post","status-publish","format-standard","hentry","category-notas","tag-dia-do-advogado","tag-oab"],"jetpack_publicize_connections":[],"jetpack_sharing_enabled":true,"jetpack_featured_media_url":"","jetpack_shortlink":"https:\/\/wp.me\/p7wKYW-Mx","jetpack-related-posts":[],"_links":{"self":[{"href":"http:\/\/blogdalucianaoliveira.com.br\/blog\/wp-json\/wp\/v2\/posts\/3009","targetHints":{"allow":["GET"]}}],"collection":[{"href":"http:\/\/blogdalucianaoliveira.com.br\/blog\/wp-json\/wp\/v2\/posts"}],"about":[{"href":"http:\/\/blogdalucianaoliveira.com.br\/blog\/wp-json\/wp\/v2\/types\/post"}],"author":[{"embeddable":true,"href":"http:\/\/blogdalucianaoliveira.com.br\/blog\/wp-json\/wp\/v2\/users\/1"}],"replies":[{"embeddable":true,"href":"http:\/\/blogdalucianaoliveira.com.br\/blog\/wp-json\/wp\/v2\/comments?post=3009"}],"version-history":[{"count":7,"href":"http:\/\/blogdalucianaoliveira.com.br\/blog\/wp-json\/wp\/v2\/posts\/3009\/revisions"}],"predecessor-version":[{"id":3021,"href":"http:\/\/blogdalucianaoliveira.com.br\/blog\/wp-json\/wp\/v2\/posts\/3009\/revisions\/3021"}],"wp:attachment":[{"href":"http:\/\/blogdalucianaoliveira.com.br\/blog\/wp-json\/wp\/v2\/media?parent=3009"}],"wp:term":[{"taxonomy":"category","embeddable":true,"href":"http:\/\/blogdalucianaoliveira.com.br\/blog\/wp-json\/wp\/v2\/categories?post=3009"},{"taxonomy":"post_tag","embeddable":true,"href":"http:\/\/blogdalucianaoliveira.com.br\/blog\/wp-json\/wp\/v2\/tags?post=3009"}],"curies":[{"name":"wp","href":"https:\/\/api.w.org\/{rel}","templated":true}]}}