{"id":30095,"date":"2020-11-25T16:15:18","date_gmt":"2020-11-25T20:15:18","guid":{"rendered":"http:\/\/blogdalucianaoliveira.com.br\/blog\/?p=30095"},"modified":"2020-11-25T16:15:23","modified_gmt":"2020-11-25T20:15:23","slug":"dos-51-candidatos-a-prefeito-donos-de-radios-e-tvs-22-foram-eleitos","status":"publish","type":"post","link":"http:\/\/blogdalucianaoliveira.com.br\/blog\/2020\/11\/25\/dos-51-candidatos-a-prefeito-donos-de-radios-e-tvs-22-foram-eleitos\/","title":{"rendered":"Dos 51 candidatos a prefeito donos de r\u00e1dios e TVs, 22 foram eleitos"},"content":{"rendered":"\n<figure class=\"wp-block-image size-large\"><img data-recalc-dims=\"1\" loading=\"lazy\" decoding=\"async\" width=\"600\" height=\"202\" data-attachment-id=\"30096\" data-permalink=\"http:\/\/blogdalucianaoliveira.com.br\/blog\/2020\/11\/25\/dos-51-candidatos-a-prefeito-donos-de-radios-e-tvs-22-foram-eleitos\/image-16-13\/\" data-orig-file=\"https:\/\/i0.wp.com\/blogdalucianaoliveira.com.br\/blog\/wp-content\/uploads\/2020\/11\/image-16.jpeg?fit=886%2C298\" data-orig-size=\"886,298\" data-comments-opened=\"0\" data-image-meta=\"{&quot;aperture&quot;:&quot;0&quot;,&quot;credit&quot;:&quot;&quot;,&quot;camera&quot;:&quot;&quot;,&quot;caption&quot;:&quot;&quot;,&quot;created_timestamp&quot;:&quot;0&quot;,&quot;copyright&quot;:&quot;&quot;,&quot;focal_length&quot;:&quot;0&quot;,&quot;iso&quot;:&quot;0&quot;,&quot;shutter_speed&quot;:&quot;0&quot;,&quot;title&quot;:&quot;&quot;,&quot;orientation&quot;:&quot;0&quot;}\" data-image-title=\"image-16\" data-image-description=\"\" data-image-caption=\"\" data-medium-file=\"https:\/\/i0.wp.com\/blogdalucianaoliveira.com.br\/blog\/wp-content\/uploads\/2020\/11\/image-16.jpeg?fit=300%2C101\" data-large-file=\"https:\/\/i0.wp.com\/blogdalucianaoliveira.com.br\/blog\/wp-content\/uploads\/2020\/11\/image-16.jpeg?fit=600%2C202\" src=\"https:\/\/i0.wp.com\/blogdalucianaoliveira.com.br\/blog\/wp-content\/uploads\/2020\/11\/image-16.jpeg?resize=600%2C202\" alt=\"\" class=\"wp-image-30096\" srcset=\"https:\/\/i0.wp.com\/blogdalucianaoliveira.com.br\/blog\/wp-content\/uploads\/2020\/11\/image-16.jpeg?w=886 886w, https:\/\/i0.wp.com\/blogdalucianaoliveira.com.br\/blog\/wp-content\/uploads\/2020\/11\/image-16.jpeg?resize=300%2C101 300w, https:\/\/i0.wp.com\/blogdalucianaoliveira.com.br\/blog\/wp-content\/uploads\/2020\/11\/image-16.jpeg?resize=768%2C258 768w, https:\/\/i0.wp.com\/blogdalucianaoliveira.com.br\/blog\/wp-content\/uploads\/2020\/11\/image-16.jpeg?resize=800%2C269 800w\" sizes=\"auto, (max-width: 600px) 100vw, 600px\" \/><\/figure>\n\n\n\n<p><em><strong>Cinco deles j\u00e1 foram deputados federais, o que ilustra o poder do coronelismo eletr\u00f4nico no pa\u00eds; entre esses pol\u00edticos est\u00e3o os ex-governadores M\u00e3o Santa (Piau\u00ed) e Nilo Coelho (Bahia); madeireiro retransmissor da Globo em Itaituba (PA) foi reeleito<\/strong><\/em><\/p>\n\n\n\n<!--more-->\n\n\n\n<p>Por&nbsp;<strong>Alceu Lu\u00eds Castilho<\/strong>,&nbsp;<strong>Patr\u00edcia Cornils<\/strong>&nbsp;e&nbsp;<strong>Sarah Fernandes<\/strong><\/p>\n\n\n\n<figure class=\"wp-block-image\"><a href=\"https:\/\/deolhonosruralistas.com.br\/de-olho-nos-mil-parceiros\/\"><img data-recalc-dims=\"1\" decoding=\"async\" src=\"https:\/\/i0.wp.com\/deolhonosruralistas.com.br\/wp-content\/uploads\/2017\/03\/DEOLHO2017-chamada-meio-texto.png?w=600&#038;ssl=1\" alt=\"\" class=\"wp-image-3364\"\/><\/a><\/figure>\n\n\n\n<p>Dos 51 candidatos a prefeito donos de emissoras e r\u00e1dio e TV, 22 foram eleitos no primeiro turno das elei\u00e7\u00f5es de 2020, no dia 15, a maioria com vota\u00e7\u00f5es bastante expressivas. O poder midi\u00e1tico foi \u00e0s urnas e levou para as prefeituras propriet\u00e1rios de concess\u00f5es p\u00fablicas de comunica\u00e7\u00e3o de dezesseis estados, muitos tamb\u00e9m fazendeiros, pecuaristas e nomes j\u00e1 denunciados por explora\u00e7\u00e3o de trabalho escravo.<\/p>\n\n\n\n<div class=\"wp-block-image\"><figure class=\"alignright\"><img data-recalc-dims=\"1\" height=\"191\" width=\"300\" decoding=\"async\" src=\"https:\/\/i0.wp.com\/deolhonosruralistas.com.br\/wp-content\/uploads\/2020\/10\/capa-pasto-300x191.jpg?resize=300%2C191&#038;ssl=1\" alt=\"\" class=\"wp-image-18883\"\/><\/figure><\/div>\n\n\n\n<p>As empresas de comunica\u00e7\u00e3o dos prefeitos eleitos s\u00e3o, na maioria, emissoras locais, com programas de entretenimento e jornalismo. Alguns dos novos prefeitos possuem a concess\u00e3o de v\u00e1rios ve\u00edculos, outros chegaram a retransmitir sinais de grandes emissoras, como a Globo e o SBT.&nbsp;<\/p>\n\n\n\n<p>Parte dos novos prefeitos j\u00e1 havia exercido outros cargos pol\u00edticos, como os ex-governadores M\u00e3o Santa (DEM), eleito prefeito de Parna\u00edba (PI) com 68,37% dos votos, e Nilo Coelho (DEM), que conquistou 59,06% dos votos para a prefeitura de Guanambi (BA). Cinco deles j\u00e1 tinham sido deputado federal.&nbsp;&nbsp;<\/p>\n\n\n\n<p>A propriedade de r\u00e1dios ou TVs \u00e9 vedada para deputados e senadores em exerc\u00edcio, exatamente por se tratar de concess\u00e3o p\u00fablica. Essa proibi\u00e7\u00e3o, contida no Artigo 54 da Constitui\u00e7\u00e3o, segundo o entendimento de organiza\u00e7\u00f5es sociais que defendem a democratiza\u00e7\u00e3o da m\u00eddia, \u00e9 ignorada e nunca foi devidamente analisada pelo Supremo Tribunal Federal (STF), apesar de v\u00e1rios processos j\u00e1 terem sido protocolados.<\/p>\n\n\n\n<p>Os dados foram levantados pelo De Olho nos Ruralistas com base nas declara\u00e7\u00f5es de bens entregues pelos candidatos ao Tribunal Superior Eleitoral (TSE). O observat\u00f3rio publica, desde 28 de novembro, a s\u00e9rie O Voto que Devasta, que acompanhou a candidatura de donos de r\u00e1dios e TVs ainda antes do primeiro turno: \u201c<a href=\"https:\/\/deolhonosruralistas.com.br\/2020\/11\/03\/cinquenta-e-um-candidatos-a-prefeito-em-21-estados-declaram-possuir-radios-e-tvs\/\">Cinquenta e um candidatos a prefeito em 21 estados declaram possuir r\u00e1dios e TVs<\/a>\u201d.<\/p>\n\n\n\n<h3 class=\"wp-block-heading\"><strong>EM ITAITUBA, PREFEITO DONO DE TV \u00c9 ACUSADO DE DESMATAMENTO&nbsp;<\/strong><\/h3>\n\n\n\n<figure class=\"wp-block-image\"><img data-recalc-dims=\"1\" height=\"169\" width=\"300\" decoding=\"async\" src=\"https:\/\/i0.wp.com\/deolhonosruralistas.com.br\/wp-content\/uploads\/2020\/11\/itaituba-1-300x169.jpg?resize=300%2C169&#038;ssl=1\" alt=\"\" class=\"wp-image-19984\"\/><figcaption>Madeireiro, garimpeiro, pecuarista, Valmir Climaco se reelege em Itaituba. (Foto: Reprodu\u00e7\u00e3o)<\/figcaption><\/figure>\n\n\n\n<p>Al\u00e9m de ter sido reeleito prefeito de Itaituba (PA), uma das principais fronteiras de desmatamento na Amaz\u00f4nia, Valmir Climaco de Aguiar (MDB) tamb\u00e9m \u00e9 conhecido como madeireiro, garimpeiro, empreiteiro, pecuarista e empres\u00e1rio da comunica\u00e7\u00e3o. Nessa trajet\u00f3ria, acumulou processos por desmatamento, grilagem, omiss\u00e3o de socorro e at\u00e9 tr\u00e1fico de drogas.<\/p>\n\n\n\n<p>Reeleito com 77,42% dos votos, ele \u00e9 um dos propriet\u00e1rios da empresa VCA Comunica\u00e7\u00e3o, que h\u00e1 pelo menos uma d\u00e9cada retransmite a Globo.&nbsp;<\/p>\n\n\n\n<p>Ironicamente, Climaco foi personagem de uma reportagem do programa&nbsp;<a href=\"https:\/\/www.giroportal.com.br\/noticias\/5485-quote-conversa-de-gente-bestaquot-diz-valmir-em-entrevista-ao-fantastico-sobre-mercurio-em-peixes-do-tapajos\">Fant\u00e1stico<\/a>&nbsp;em agosto, que denunciou que toneladas de merc\u00fario estavam sendo jogadas em rios da regi\u00e3o de Itaituba. Para o emedebista, \u201cessa hist\u00f3ria de que os peixes do Tapaj\u00f3s est\u00e3o contaminados com azougue \u00e9 conversa de gente besta\u201d.<\/p>\n\n\n\n<p>Em junho de 2019, que \u00e9 acusado de desmatamento em reserva ambiental e de n\u00e3o pagar direitos trabalhistas a funcion\u00e1rios, chegou a dizer que receberia \u201c<a href=\"https:\/\/radios.ebc.com.br\/reporter-nacional-amazonia\/2019\/06\/mpf-investiga-ameaca-de-prefeito-de-cidade-paraense-contra-equipe\">\u00e0 bala<\/a>\u201d funcion\u00e1rios da Funda\u00e7\u00e3o Nacional do \u00cdndio (Funai) que entrassem em sua fazenda para averiguar sobreposi\u00e7\u00e3o com terra ind\u00edgena.<\/p>\n\n\n\n<p>Poucas semanas depois, a Pol\u00edcia Federal encontrou&nbsp;<a href=\"https:\/\/g1.globo.com\/pa\/para\/noticia\/2019\/07\/09\/prefeito-de-itaituba-e-dono-de-fazenda-onde-pf-encontrou-armas-e-600kg-de-cocaina-no-para.ghtml\">580 quilos<\/a>&nbsp;de coca\u00edna na Fazenda Borbor\u00e9, de sua propriedade, al\u00e9m de dois fuzis, uma pistola, muni\u00e7\u00f5es, uma luneta de precis\u00e3o para uso em fuzil: \u201c<a href=\"https:\/\/deolhonosruralistas.com.br\/2020\/11\/08\/acusado-de-grilagem-desmatamento-e-trafico-prefeito-e-retransmissor-da-globo-em-itaituba-pa\/\">Acusado de grilagem, desmatamento e tr\u00e1fico, prefeito \u00e9 retransmissor da Globo em Itaituba (PA)<\/a>\u201c.<\/p>\n\n\n\n<h3 class=\"wp-block-heading\"><strong>PREFEITO REELEITO NA BAHIA \u00c9 PROPRIET\u00c1RIO DE R\u00c1DIO E DE 19 FAZENDAS<\/strong><\/h3>\n\n\n\n<p>De novo eleito em Guanambi, o ex-governador baiano Nilo Coelho \u00e9 s\u00f3cio-administrador da R\u00e1dio Cultura de Guanambi em sociedade com a esposa Solange Maria de Oliveira Coelho, al\u00e9m de ter feito \u00e0 emissora um empr\u00e9stimo de R$ 710 mil, segundo informa\u00e7\u00f5es declaradas ao Superior Tribunal Eleitoral (STE) na candidatura eleitoral.&nbsp;<\/p>\n\n\n\n<figure class=\"wp-block-image\"><img data-recalc-dims=\"1\" decoding=\"async\" src=\"https:\/\/i0.wp.com\/deolhonosruralistas.com.br\/wp-content\/uploads\/2020\/11\/nilo-coelho.jpg?w=600&#038;ssl=1\" alt=\"\" class=\"wp-image-19980\"\/><figcaption>Nilo Coelho, eleito prefeito de Guanambi (BA) \u00e9 dono de uma das princpais r\u00e1dios do munic\u00edpio. (Foto: Divulga\u00e7\u00e3o)<\/figcaption><\/figure>\n\n\n\n<p>Ele tamb\u00e9m \u00e9 dono de dezenove fazendas e outros dois im\u00f3veis rurais, a maioria deles na Bahia, ao menos dois em munic\u00edpios que integram o per\u00edmetro do Matopiba (formado por parte dos estados do Maranh\u00e3o, Tocantins Piau\u00ed e Bahia), considerado a \u00faltima fronteira do agroneg\u00f3cio no pa\u00eds. Ele foi um dos principais latifundi\u00e1rios da elei\u00e7\u00e3o, com ao menos 68.818 hectares de terras declarados.<\/p>\n\n\n\n<p>Cinco das fazendas t\u00eam valor declarado de pelo menos R$ 1 milh\u00e3o, com destaque para a fazenda Dallas, em Itapetinga (BA), que vale R$ 2 milh\u00f5es e possu\u00ed 3.798,4 hectares, pouco menos que o munic\u00edpio de Olinda (PE). Seu patrim\u00f4nio total declarado foi de R$ 59.846.596,75.&nbsp;<\/p>\n\n\n\n<p>Nilo recebeu a segunda maior&nbsp;vota\u00e7\u00e3o&nbsp;da hist\u00f3ria do munic\u00edpio, somando&nbsp;<a href=\"https:\/\/agenciasertao.com\/2020\/11\/19\/eleicao-em-numeros-nilo-coelho-recebeu-a-segunda-maior-votacao-da-historia-em-guanambi\/\">29.180 votos<\/a>. Ele j\u00e1 havia sido eleito prefeito de Guanambi em 2004 e 2008, ano em que foi o pol\u00edtico com a maior quantidade de bois na corrida eleitoral, com 21.853 cabe\u00e7as de gado.&nbsp;<\/p>\n\n\n\n<p>Guanambi fica no oeste da Bahia, marcado por forte expans\u00e3o do agroneg\u00f3cio e por recorde de queimadas no estado em 2019. S\u00f3 na regi\u00e3o do munic\u00edpio foram registrados 161 focos de&nbsp;queimadas&nbsp;no ano passado, segundo dados de monitoramento do Instituto Nacional de Pesquisas Espaciais (<a href=\"https:\/\/agenciasertao.com\/2019\/08\/23\/desmatamento-e-incendios-florestais-tambem-ameacam-a-caatinga-na-regiao-de-guanambi\/\">Inpe<\/a>).&nbsp;<\/p>\n\n\n\n<p>Outro ex-governador eleito prefeito \u00e9 M\u00e3o Santa, que j\u00e1 esteve \u00e0 frente do estado do Piau\u00ed e a partir do ano que vem administrar\u00e1 Parna\u00edba. Ele tem participa\u00e7\u00e3o na R\u00e1dio Igara\u00e7u, antiga R\u00e1dio Globo Parna\u00edba, a 95,7 FM, que manteve parceiras com o grupo Globo at\u00e9 2014. M\u00e3o Santa foi recebido pelo presidente Jair Bolsonaro em 17 de mar\u00e7o, j\u00e1 durante a pandemia do novo coronav\u00edrus, definido por ele como \u201cum&nbsp;<a href=\"https:\/\/veja.abril.com.br\/blog\/maquiavel\/bolsonaro-recebe-prefeito-que-chamou-coronavirus-de-virus-boiola\/\">v\u00edrus boiola<\/a>\u201c. Seu patrim\u00f4nio total declarado \u00e9 de R$ 431.684,00.&nbsp;<\/p>\n\n\n\n<h3 class=\"wp-block-heading\"><strong>APAG\u00c3O NO AMAP\u00c1 ADIA CORRIDA ELEITORAL DO IRM\u00c3O DE ALCOLUMBRE<\/strong><\/h3>\n\n\n\n<p>O apag\u00e3o no Amap\u00e1, que adiou o primeiro turno das elei\u00e7\u00f5es municipais na capital do estado para o dia 06 de dezembro, deu mais tempo de campanha a Josiel Alcolumbre (DEM-AP), primeiro suplente no Senado de seu irm\u00e3o, o presidente da Casa, Davi Alcolumbre. Ele concorre \u00e0 prefeitura de Macap\u00e1 e tem participa\u00e7\u00f5es na TV Amaz\u00f4nia Ltda., afiliada ao SBT.<\/p>\n\n\n\n<figure class=\"wp-block-image\"><img data-recalc-dims=\"1\" height=\"169\" width=\"300\" decoding=\"async\" src=\"https:\/\/i0.wp.com\/deolhonosruralistas.com.br\/wp-content\/uploads\/2020\/11\/tv-amazonia-300x169.jpg?resize=300%2C169&#038;ssl=1\" alt=\"\" class=\"wp-image-19979\"\/><figcaption>TV Amaz\u00f4nia, em Macap\u00e1, pertence a tio de Josiel e Davi Alcolumbre. (Foto: Divulga\u00e7\u00e3o)<\/figcaption><\/figure>\n\n\n\n<p>A emissora faz parte das Organiza\u00e7\u00f5es Jos\u00e9 Alcolumbre, que engloba a TV Macap\u00e1 e as R\u00e1dios 99 FM e Jovem Pan News Macap\u00e1. A \u00faltima&nbsp;<a href=\"https:\/\/g1.globo.com\/ap\/amapa\/eleicoes\/2020\/noticia\/2020\/11\/11\/pesquisa-ibope-em-macapa-votos-validos-josiel-26percent-patricia-ferraz-18percent-dr-furlan-17percent-capi-13percent.ghtml\">pesquisa<\/a>&nbsp;de inten\u00e7\u00e3o de votos na capital amapaense, divulgada em 11 de novembro e produzida pelo Ibope, apontou o favoritismo de Josiel, com 26% de inten\u00e7\u00f5es de votos v\u00e1lidos. Atr\u00e1s dele vem a candidata Patr\u00edcia Ferraz (Podemos), com 18%.&nbsp;<\/p>\n\n\n\n<p>Outro candidato oriundo do Congresso \u00e9 o deputado Jo\u00e3o Henrique Holanda Caldas, o JHC (PSB), que integra a Frente Parlamentar da Agropecu\u00e1ria (FPA). Ele foi ao segundo turno na disputa eleitoral para a prefeitura de Macei\u00f3, com 28,56% dos votos, pouco atr\u00e1s de Alfredo Gaspar (MDB), que teve 28,87% dos votos.&nbsp;<\/p>\n\n\n\n<p>JHC possu\u00ed 30% das cotas da empresa Alagoas Comunica\u00e7\u00f5es, que tem a concess\u00e3o de uma TV e cinco r\u00e1dios. Em uma delas, retransmite a programa\u00e7\u00e3o da Igreja Internacional da Gra\u00e7a de Deus, do pastor R. R. Soares. O deputado enfrenta um processo de seu concorrente, Alfredo Gaspar, por abuso de poder econ\u00f4mico j\u00e1 que, segundo o candidato, as emissoras do grupo fazem propaganda exclusiva para JHC, sem espa\u00e7o para concorrentes.<\/p>\n\n\n\n<h3 class=\"wp-block-heading\"><strong>CINCO VICES E SEIS VEREADORES DONOS DE EMISSORAS FORAM ELEITOS<\/strong><\/h3>\n\n\n\n<p>Candidatos a vice-prefeito e \u00e0s C\u00e2maras Municipais, igualmente donos de meios de comunica\u00e7\u00e3o, conquistaram cargos nos munic\u00edpios. Foram seis no Executivo e cinco no Legislativo. Tr\u00eas deles como os mais votados: Almir da R\u00e1dio, por Imaru\u00ed (SC), Rafael Amin Hannouche, por Corn\u00e9lio Proc\u00f3pio (PR) e Vanderlei Rodrigues del Grande, por Borraz\u00f3polis (PR).<\/p>\n\n\n\n<figure class=\"wp-block-image\"><img data-recalc-dims=\"1\" height=\"169\" width=\"300\" decoding=\"async\" src=\"https:\/\/i0.wp.com\/deolhonosruralistas.com.br\/wp-content\/uploads\/2020\/11\/fala-goiana-300x169.jpg?resize=300%2C169&#038;ssl=1\" alt=\"\" class=\"wp-image-19981\"\/><figcaption>Fernando Veloso foi autouado pela Justi\u00e7a por fazer campanha eleitoral antecipada em sua r\u00e1dio (Foto: Divulga\u00e7\u00e3o)<\/figcaption><\/figure>\n\n\n\n<p>Entre as capitais que tiveram defini\u00e7\u00e3o j\u00e1 no primeiro turno destaca-se Eduardo Pimentel Slaviero, vice de Rafael Greca, reeleito prefeito de Curitiba. Ele possui cotas n\u00e3o declaradas na CPS Ag\u00eancia de Not\u00edcias e teve um parente citado em den\u00fancia de trabalho escravo. Nelson Lu\u00eds Slaviero, que apareceu na lista suja do trabalho escravo com autua\u00e7\u00f5es realizadas entre 2014 e 2016 e divulgada pela ONG Rep\u00f3rter Brasil em 2017.<\/p>\n\n\n\n<p>Nelson manteve dezenove trabalhares em condi\u00e7\u00f5es an\u00e1logas \u00e0 escravid\u00e3o na Fazenda Planalto, no munic\u00edpio de Guarania\u00e7u (PR). Ele chegou a ser preso, mas liberado ap\u00f3s pagar fian\u00e7a de R$ 400 mil. Em 2016, Nelson foi um dos doadores que elegeram Greca para a capital paranaense.&nbsp;<\/p>\n\n\n\n<p>Outro vice eleito \u00e9 Fernando Veloso, por Goiana (PE). Em junho, antes mesmo da campanha eleitoral, Veloso chamou aten\u00e7\u00e3o nas redes sociais por usar a R\u00e1dio Nova FM, de sua propriedade, para fazer propaganda eleitoral antecipada. Ele foi autuado pela Justi\u00e7a Eleitoral e, em sua defesa, disse que se tratava do lan\u00e7amento de seu programa de r\u00e1dio, chamado \u201cA voz forte de Goiana\u201d. Ele foi obrigado a retirar as campanhas do ar e a pagar multa.&nbsp;&nbsp;&nbsp;<\/p>\n\n\n\n<p>Ao todo, 65 candidatos a vereador eram tamb\u00e9m propriet\u00e1rios de meios de comunica\u00e7\u00e3o, al\u00e9m de 12 candidatos a vice-prefeitos, como mostrou o observat\u00f3rio antes do primeiro turno: \u201c<a href=\"https:\/\/deolhonosruralistas.com.br\/2020\/11\/04\/sessenta-e-cinco-candidatos-a-vereador-e-vice-prefeito-sao-donos-de-radios-e-tvs\/\">Sessenta e cinco candidatos a vereador e vice-prefeito s\u00e3o donos de r\u00e1dios e TVs<\/a>\u201c.<\/p>\n\n\n\n<p>|&nbsp;<a href=\"https:\/\/twitter.com\/sarahcomunica\">Sarah Fernandes<\/a>&nbsp;\u00e9 rep\u00f3rter do De Olho nos Ruralistas |<\/p>\n\n\n\n<p>|&nbsp;<a href=\"https:\/\/twitter.com\/paticornils\">Patr\u00edcia Cornils<\/a>&nbsp;\u00e9 jornalista. |<\/p>\n\n\n\n<p>||&nbsp;<a href=\"https:\/\/twitter.com\/alceucastilho\">Alceu Lu\u00eds Castilho<\/a>&nbsp;\u00e9 diretor de reda\u00e7\u00e3o do observat\u00f3rio ||<\/p>\n\n\n\n<p><em>Foto principal (Divulga\u00e7\u00e3o):&nbsp;Entre as emissoras de prefeitos eleitos est\u00e3o retransmissoras da Globo e do SBT<\/em><\/p>\n","protected":false},"excerpt":{"rendered":"<p>Cinco deles j\u00e1 foram deputados federais, o que ilustra o poder do coronelismo eletr\u00f4nico no pa\u00eds; entre esses pol\u00edticos est\u00e3o os ex-governadores M\u00e3o Santa (Piau\u00ed) e Nilo Coelho (Bahia); madeireiro retransmissor da Globo em Itaituba (PA) foi reeleito<\/p>\n","protected":false},"author":1,"featured_media":0,"comment_status":"closed","ping_status":"open","sticky":false,"template":"","format":"standard","meta":{"_exactmetrics_skip_tracking":false,"_exactmetrics_sitenote_active":false,"_exactmetrics_sitenote_note":"","_exactmetrics_sitenote_category":0,"jetpack_post_was_ever_published":false,"_jetpack_newsletter_access":"","_jetpack_dont_email_post_to_subs":false,"_jetpack_newsletter_tier_id":0,"_jetpack_memberships_contains_paywalled_content":false,"_jetpack_memberships_contains_paid_content":false,"footnotes":"","jetpack_publicize_message":"","jetpack_publicize_feature_enabled":true,"jetpack_social_post_already_shared":true,"jetpack_social_options":{"image_generator_settings":{"template":"highway","enabled":false},"version":2}},"categories":[1],"tags":[],"class_list":["post-30095","post","type-post","status-publish","format-standard","hentry","category-notas"],"jetpack_publicize_connections":[],"jetpack_sharing_enabled":true,"jetpack_featured_media_url":"","jetpack_shortlink":"https:\/\/wp.me\/p7wKYW-7Pp","jetpack-related-posts":[],"_links":{"self":[{"href":"http:\/\/blogdalucianaoliveira.com.br\/blog\/wp-json\/wp\/v2\/posts\/30095","targetHints":{"allow":["GET"]}}],"collection":[{"href":"http:\/\/blogdalucianaoliveira.com.br\/blog\/wp-json\/wp\/v2\/posts"}],"about":[{"href":"http:\/\/blogdalucianaoliveira.com.br\/blog\/wp-json\/wp\/v2\/types\/post"}],"author":[{"embeddable":true,"href":"http:\/\/blogdalucianaoliveira.com.br\/blog\/wp-json\/wp\/v2\/users\/1"}],"replies":[{"embeddable":true,"href":"http:\/\/blogdalucianaoliveira.com.br\/blog\/wp-json\/wp\/v2\/comments?post=30095"}],"version-history":[{"count":1,"href":"http:\/\/blogdalucianaoliveira.com.br\/blog\/wp-json\/wp\/v2\/posts\/30095\/revisions"}],"predecessor-version":[{"id":30097,"href":"http:\/\/blogdalucianaoliveira.com.br\/blog\/wp-json\/wp\/v2\/posts\/30095\/revisions\/30097"}],"wp:attachment":[{"href":"http:\/\/blogdalucianaoliveira.com.br\/blog\/wp-json\/wp\/v2\/media?parent=30095"}],"wp:term":[{"taxonomy":"category","embeddable":true,"href":"http:\/\/blogdalucianaoliveira.com.br\/blog\/wp-json\/wp\/v2\/categories?post=30095"},{"taxonomy":"post_tag","embeddable":true,"href":"http:\/\/blogdalucianaoliveira.com.br\/blog\/wp-json\/wp\/v2\/tags?post=30095"}],"curies":[{"name":"wp","href":"https:\/\/api.w.org\/{rel}","templated":true}]}}