{"id":30099,"date":"2020-11-26T15:42:56","date_gmt":"2020-11-26T19:42:56","guid":{"rendered":"http:\/\/blogdalucianaoliveira.com.br\/blog\/?p=30099"},"modified":"2020-11-26T15:42:59","modified_gmt":"2020-11-26T19:42:59","slug":"precisamos-falar-sobre-o-psdb","status":"publish","type":"post","link":"http:\/\/blogdalucianaoliveira.com.br\/blog\/2020\/11\/26\/precisamos-falar-sobre-o-psdb\/","title":{"rendered":"Precisamos falar sobre o PSDB"},"content":{"rendered":"\n<figure class=\"wp-block-image size-large\"><img data-recalc-dims=\"1\" loading=\"lazy\" decoding=\"async\" width=\"600\" height=\"400\" data-attachment-id=\"30100\" data-permalink=\"http:\/\/blogdalucianaoliveira.com.br\/blog\/2020\/11\/26\/precisamos-falar-sobre-o-psdb\/image-17-13\/\" data-orig-file=\"https:\/\/i0.wp.com\/blogdalucianaoliveira.com.br\/blog\/wp-content\/uploads\/2020\/11\/image-17.jpeg?fit=640%2C427\" data-orig-size=\"640,427\" data-comments-opened=\"0\" data-image-meta=\"{&quot;aperture&quot;:&quot;0&quot;,&quot;credit&quot;:&quot;&quot;,&quot;camera&quot;:&quot;&quot;,&quot;caption&quot;:&quot;&quot;,&quot;created_timestamp&quot;:&quot;0&quot;,&quot;copyright&quot;:&quot;&quot;,&quot;focal_length&quot;:&quot;0&quot;,&quot;iso&quot;:&quot;0&quot;,&quot;shutter_speed&quot;:&quot;0&quot;,&quot;title&quot;:&quot;&quot;,&quot;orientation&quot;:&quot;0&quot;}\" data-image-title=\"image-17\" data-image-description=\"\" data-image-caption=\"\" data-medium-file=\"https:\/\/i0.wp.com\/blogdalucianaoliveira.com.br\/blog\/wp-content\/uploads\/2020\/11\/image-17.jpeg?fit=300%2C200\" data-large-file=\"https:\/\/i0.wp.com\/blogdalucianaoliveira.com.br\/blog\/wp-content\/uploads\/2020\/11\/image-17.jpeg?fit=600%2C400\" src=\"https:\/\/i0.wp.com\/blogdalucianaoliveira.com.br\/blog\/wp-content\/uploads\/2020\/11\/image-17.jpeg?resize=600%2C400\" alt=\"\" class=\"wp-image-30100\" srcset=\"https:\/\/i0.wp.com\/blogdalucianaoliveira.com.br\/blog\/wp-content\/uploads\/2020\/11\/image-17.jpeg?w=640 640w, https:\/\/i0.wp.com\/blogdalucianaoliveira.com.br\/blog\/wp-content\/uploads\/2020\/11\/image-17.jpeg?resize=300%2C200 300w, https:\/\/i0.wp.com\/blogdalucianaoliveira.com.br\/blog\/wp-content\/uploads\/2020\/11\/image-17.jpeg?resize=450%2C300 450w\" sizes=\"auto, (max-width: 600px) 100vw, 600px\" \/><\/figure>\n\n\n\n<p>Como o partido abandonou a social-democracia, migrou para a direita e deixou amplas digitais na destrui\u00e7\u00e3o do processo democr\u00e1tico.<\/p>\n\n\n\n<!--more-->\n\n\n\n<p>El Pa\u00eds, Eliane Brum<\/p>\n\n\n\n<p>Um dos principais riscos da polariza\u00e7\u00e3o \u00e9 justamente embaralhar o que \u00e9 continuidade e o que \u00e9 ruptura. Neste momento, em que o\u00a0<a rel=\"noreferrer noopener\" href=\"https:\/\/brasil.elpais.com\/noticias\/psdb-partido-social-democracia-brasilena\/\" target=\"_blank\"><strong>PSDB<\/strong><\/a>, hoje um partido de direita, tenta se vender como o \u201ccentro\u201d que um dia foi, \u00e9 fundamental recuperar a perspectiva do processo hist\u00f3rico. A falta de responsabiliza\u00e7\u00e3o do PSDB como um dos principais agentes de destrui\u00e7\u00e3o da democracia \u00e9 um dos enigmas da\u00a0<a rel=\"noreferrer noopener\" href=\"https:\/\/brasil.elpais.com\/brasil\/2020-11-16\/antipolitica-sai-de-cena-nas-eleicoes-com-centro-direita-fortalecida-e-prefeitos-pro-ciencia-reeleitos-no-1-turno.html\" target=\"_blank\">atual paisagem pol\u00edtica brasileira<\/a>. Ao embarcar no discurso do antipetismo, o PSDB colaborou fortemente para colocar na conta exclusiva do PT todo o desencanto com a pol\u00edtica e os pol\u00edticos, ao mesmo tempo em que se aproximou de\u00a0<a rel=\"noreferrer noopener\" href=\"https:\/\/brasil.elpais.com\/opiniao\/2020-11-20\/desprezo-de-bolsonaro-pelos-diferentes-e-os-sem-poder-foi-um-tiro-pela-culatra.html\" target=\"_blank\">tudo o que Jair Bolsonaro representa e defende<\/a>. O partido deixou amplamente suas digitais na corros\u00e3o da democracia cujas consequ\u00eancias s\u00e3o Jair Bolsonaro. O PSDB n\u00e3o \u00e9 apenas mais um que tem seu DNA na mais recente escalada autorit\u00e1ria do Brasil. O PSDB est\u00e1 em sua g\u00eanese.<\/p>\n\n\n\n<p>Ao longo de suas primeiras fases, o Partido da Social Democracia Brasileira construiu a fama de ficar em cima do muro, manter-se nem l\u00e1 nem c\u00e1, nem \u00e0 esquerda, nem \u00e0 direita. Durante muitos anos foi o mais pr\u00f3ximo de um partido de centro, ainda que mais para a esquerda do que para a direita, j\u00e1 que alguns de seus fundadores e principais expoentes, como&nbsp;<a href=\"https:\/\/brasil.elpais.com\/noticias\/fernando-henrique-cardoso\/\" target=\"_blank\" rel=\"noreferrer noopener\">Fernando Henrique Cardoso<\/a>&nbsp;e&nbsp;<a href=\"https:\/\/brasil.elpais.com\/noticias\/jose-serra\/\" target=\"_blank\" rel=\"noreferrer noopener\">Jos\u00e9 Serra<\/a>, tinham sido exilados pela&nbsp;<a href=\"https:\/\/brasil.elpais.com\/brasil\/2019\/04\/01\/cultura\/1554136024_994794.html\" target=\"_blank\" rel=\"noreferrer noopener\">ditadura civil-militar (1964-1985)<\/a>. Com o tempo, ser \u201ctucano\u201d, como eram chamados os pessedebistas, por conta do p\u00e1ssaro que simboliza o partido, passou a significar n\u00e3o tomar posi\u00e7\u00e3o clara. A express\u00e3o valia para a pol\u00edtica, mas ampliou-se e passou a valer, como g\u00edria, tamb\u00e9m para qualquer pessoa que ficava no sim, s\u00f3 que n\u00e3o.<\/p>\n\n\n\n<p>Os tucanos, majoritariamente homens brancos, eram vistos como gente culta, com diploma universit\u00e1rio e p\u00f3s-gradua\u00e7\u00e3o, de gestos educados e boas maneiras, mais afinados com os sal\u00f5es europeus e sua arrog\u00e2ncia blas\u00e9 do que com o exibicionismo expl\u00edcito e movido por fortunas familiares dos Estados Unidos. Tamb\u00e9m se vendiam como modernos, urbanos e de mente arejada, o que os mantinha longe do coronelismo truculento da pol\u00edtica brasileira, marcas de\u00a0<a rel=\"noreferrer noopener\" href=\"https:\/\/brasil.elpais.com\/brasil\/2014\/11\/01\/opinion\/1414852141_510368.html?rel=listapoyo\" target=\"_blank\">cl\u00e3s como Sarney<\/a>, Magalh\u00e3es e Barbalho, que preferiam liderar partidos assumidamente de direita ou fincar seus bigodes no amplo guarda-chuva do PMDB, hoje MDB.<\/p>\n\n\n\n<p>O quanto de verdade continha essa imagem de senso comum \u00e9 algo a se discutir, mas o mais importante \u00e9 perceber que hoje essa imagem n\u00e3o tem nenhuma correspond\u00eancia na realidade. Dela ainda resiste, como uma rainha da Inglaterra num rodeio de Barretos, a figura de Fernando Henrique Cardoso, \u00e0s vezes chamado a dar um lustro na imagem externa do partido, mas que j\u00e1 pouca influ\u00eancia tem na vida cotidiana do PSDB.<\/p>\n\n\n\n<p>O pr\u00f3prio Fernando Henrique Cardoso, duas vezes presidente do Brasil (1995 a 2002),\u00a0<a rel=\"noreferrer noopener\" href=\"https:\/\/brasil.elpais.com\/opiniao\/2020-09-06\/reeleicao-e-crises.html\" target=\"_blank\">ainda lida com a persistente suspeita<\/a>\u00a0de que, em 1997,\u00a0<a rel=\"noreferrer noopener\" href=\"https:\/\/www.poder360.com.br\/congresso\/entenda-como-foi-a-compra-de-votos-a-favor-da-emenda-da-reeleicao-em-1997\/\" target=\"_blank\">o partido comprou os votos para aprovar no Congresso<\/a>\u00a0a emenda constitucional que permitiria \u2014como permitiu\u2014 a sua reelei\u00e7\u00e3o. Os ind\u00edcios de que houve compra de votos eram \u2014e seguem sendo\u2014 fort\u00edssimos, mas diferentes esferas do judici\u00e1rio e do legislativo impediram o prosseguimento das investiga\u00e7\u00f5es e engavetaram as den\u00fancias. Geraldo Brindeiro, ent\u00e3o procurador-geral da Rep\u00fablica, passou para a hist\u00f3ria como \u201cengavetador-geral da Rep\u00fablica\u201d. A mancha sobre a figura de FHC permanece at\u00e9 hoje e o assunto, como aqueles fantasmas com pend\u00eancias a resolver no mundo dos vivos, volta de tempos em tempos, como agora. Os fatos s\u00e3o como os corpos sepultados em covas clandestinas: teimam em emergir por mais camadas de terra e sil\u00eancio que se empilhe sobre eles.<\/p>\n\n\n\n<p>Fernando Henrique Cardoso fez uma transmiss\u00e3o bonita da faixa presidencial a Lula, em 2003. Ele estava visivelmente emocionado ao passar o bast\u00e3o para o primeiro presidente de classe oper\u00e1ria eleito na hist\u00f3ria do Brasil, como um seguimento natural e desej\u00e1vel ao seu pr\u00f3prio Governo. Lula foi um tanto ingrato neste sentido, incapaz de reconhecer o que havia de positivo no Governo do antecessor. E isso mesmo tendo continuado a pol\u00edtica econ\u00f4mica de FHC tal e qual, o que causou estupor na ala mais \u00e0 esquerda do partido.<\/p>\n\n\n\n<p><a href=\"https:\/\/brasil.elpais.com\/brasil\/2016\/05\/10\/politica\/1462908381_512453.html\" target=\"_blank\" rel=\"noreferrer noopener\">No Governo durante 13 anos<\/a>, o PT se tornou mais parecido com um partido de centro. Em alguns campos, por\u00e9m, como na&nbsp;<a href=\"https:\/\/brasil.elpais.com\/brasil\/2015\/07\/06\/opinion\/1436195768_857181.html\" target=\"_blank\" rel=\"noreferrer noopener\">pol\u00edtica de imposi\u00e7\u00e3o de grandes hidrel\u00e9tricas na Amaz\u00f4nia<\/a>&nbsp;e na aproxima\u00e7\u00e3o crescente com o agroneg\u00f3cio, que chegou instalar a ruralista K\u00e1tia Abreu no Minist\u00e9rio da Agricultura no segundo mandato de Dilma Rousseff, e ao colocar um ex-diretor de manic\u00f4mio ligado a torturas de pacientes na coordena\u00e7\u00e3o da sa\u00fade mental, foi francamente conservador. Parte da esquerda do PT deixaria o partido nos anos que se seguiram \u00e0 primeira posse de Lula&nbsp;<a href=\"https:\/\/brasil.elpais.com\/brasil\/2020-11-15\/irmao-mais-novo-do-pt-psol-chega-como-adulto-as-eleicoes-municipais.html\" target=\"_blank\" rel=\"noreferrer noopener\">para fundar o PSOL, em 2004<\/a>&nbsp;\u2014ou para fundar seu pr\u00f3prio partido,&nbsp;<a href=\"https:\/\/brasil.elpais.com\/brasil\/2014\/09\/01\/opinion\/1409578464_024733.html\" target=\"_blank\" rel=\"noreferrer noopener\">como fez Marina Silva ao deixar o Governo<\/a>&nbsp;e depois o PT, durante o segundo mandato de Lula, por n\u00e3o compactuar com a pol\u00edtica ambiental e para a Amaz\u00f4nia, cada vez mais influenciada pelo desenvolvimentismo predat\u00f3rio de Dilma Rousseff.<\/p>\n\n\n\n<p>N\u00e3o estou aqui a resgatar os fatos para fazer text\u00e3o, mas porque \u00e9 importante revisitar o processo e onde cada personagem nele se situa para compreender o que hoje est\u00e1 em jogo. Neste momento, o\u00a0<a rel=\"noreferrer noopener\" href=\"https:\/\/brasil.elpais.com\/brasil\/2020-09-16\/bruno-covas-padre-lancelotti-e-incomodo-necessario-para-a-prefeitura-nao-perder-o-foco.html\" target=\"_blank\">PSDB de Bruno Covas<\/a>, assustado com a possibilidade de perder a Prefeitura de S\u00e3o Paulo, essencial para os planos de\u00a0<a rel=\"noreferrer noopener\" href=\"https:\/\/brasil.elpais.com\/noticias\/joao-agripino-da-costa-doria-junior\/\" target=\"_blank\">Jo\u00e3o Doria<\/a>para disputar a elei\u00e7\u00e3o presidencial de 2022, tenta carimbar\u00a0<a rel=\"noreferrer noopener\" href=\"https:\/\/brasil.elpais.com\/brasil\/2020-09-09\/boulos-esquerda-caiu-no-lugar-comum-de-ir-na-periferia-a-cada-quatro-anos-pedir-voto.html\" target=\"_blank\">Guilherme Boulos, do PSOL<\/a>\u00a0como \u201cradical\u201d, o mesmo truque que era usado contra Lula quando o ent\u00e3o sindicalista despontou na pol\u00edtica partid\u00e1ria nos anos 1980. Naquele momento, o Brasil iniciava a redemocratiza\u00e7\u00e3o do pa\u00eds, depois de 21 anos de ditadura civil-militar (1964-1985), per\u00edodo em que 8.000 ind\u00edgenas e centenas de opositores foram mortos por agentes de Estado que nunca foram responsabilizados e per\u00edodo tamb\u00e9m em que os atuais generais no entorno de Bolsonaro fizeram sua forma\u00e7\u00e3o.<\/p>\n\n\n\n<p>Resgato aqui um trecho do meu \u00faltimo livro \u2014<em>Brasil construtor de ru\u00ednas: Um olhar sobre o pa\u00eds<\/em>,&nbsp;<em>de Lula a Bolsonaro<\/em>&nbsp;(Arquip\u00e9lago), para que n\u00e3o me acusem de plagiar a mim mesma. O nome do cap\u00edtulo \u00e9 sugestivo: \u201cO tucano arrasta as penas na sarjeta\u201d. Busco mostrar o papel que Jos\u00e9 Serra pode ter desempenhado nos acontecimentos que come\u00e7aram a desenhar o abismo do Brasil. Um dos fundadores do PSDB, Serra foi ministro do Planejamento e depois da Sa\u00fade de Fernando Henrique Cardoso, foi tamb\u00e9m prefeito e governador de S\u00e3o Paulo e ainda ministro de Rela\u00e7\u00f5es Exteriores de Michel Temer. Hoje \u00e9 mais um senador da Rep\u00fablica&nbsp;<a href=\"https:\/\/brasil.elpais.com\/brasil\/2020-07-23\/denuncia-contra-alckmin-consolida-cerco-ao-velho-psdb-de-sao-paulo.html\" target=\"_blank\" rel=\"noreferrer noopener\">\u00e0s voltas com den\u00fancias de corrup\u00e7\u00e3o<\/a>&nbsp;movidas pela Opera\u00e7\u00e3o Lava Jato.<\/p>\n\n\n\n<h2 class=\"wp-block-heading\">1) O PSDB, Jos\u00e9 Serra e o aborto como moeda eleitoral: o momento em que o vale-tudo faz sua entrada triunfal nas campanhas pol\u00edticas<\/h2>\n\n\n\n<p>H\u00e1 uma data marcando o momento em que um limite que jamais poderia ter sido ultrapassado foi rompido na pol\u00edtica brasileira. O ato foi precursor das quebras que viriam depois. Aconteceu na campanha de 2010. Na ocasi\u00e3o, os&nbsp;<a href=\"https:\/\/brasil.elpais.com\/brasil\/2016\/09\/13\/politica\/1473731071_632764.html\" target=\"_blank\" rel=\"noreferrer noopener\">caminhos de Eduardo Cunha<\/a>&nbsp;se cruzaram com os de Dilma Rousseff e de seu advers\u00e1rio Jos\u00e9 Serra. O PSDB come\u00e7ava o decl\u00ednio que o levaria a alcan\u00e7ar os dias atuais com o rosto de Jo\u00e3o Doria.<\/p>\n\n\n\n<p>Nas primeiras campanhas eleitorais ap\u00f3s a ditadura civil-militar, a maioria dos candidatos costumava evitar abordar o tema do aborto. Nem enfrentar a quest\u00e3o, para evitar perder eleitores, nem us\u00e1-la como moeda eleitoral para ganhar apoio entre os mais conservadores. Se n\u00e3o havia coragem para enfrentar o tema a partir de um debate respons\u00e1vel, tamb\u00e9m existia pudor para n\u00e3o baixar o n\u00edvel, fazendo proselitismo com uma das causas de morte de mulheres jovens no Brasil, a maioria delas negras e pobres.\u00a0<a rel=\"noreferrer noopener\" href=\"https:\/\/brasil.elpais.com\/brasil\/2020-05-30\/collor-de-mello-sou-contrario-a-um-impeachment-de-bolsonaro-um-processo-vulgarizado-no-brasil.html\" target=\"_blank\">Fernando Collor de Mello<\/a>\u00a0ensaiou romper essa fronteira, ao usar a filha de Lula com Miriam Cordeiro para atacar seu principal advers\u00e1rio, em 1989. Mas uma esp\u00e9cie de acordo t\u00e1cito foi mantido nas elei\u00e7\u00f5es que se seguiram.<\/p>\n\n\n\n<p>Em 2010, ao constatar o potencial eleitoral dos evang\u00e9licos, em especial dos neopentecostais, que seguem crescendo e podem superar o n\u00famero de fi\u00e9is cat\u00f3licos nas pr\u00f3ximas d\u00e9cadas, pol\u00edticos e marqueteiros perceberam que jogar o aborto na m\u00eddia e no palanque poderia ser conveniente. Tanto para conquistar o voto religioso quanto para derrubar opositores com escr\u00fapulos de se tornarem crentes de \u00faltima hora. Ningu\u00e9m fez isso com maior afinco do que Jos\u00e9 Serra, na campanha eleitoral em que disputou a presid\u00eancia com Dilma Rousseff.<\/p>\n\n\n\n<p>No final do primeiro turno, a Internet e as ruas foram tomadas por uma campanha an\u00f4nima, na qual se afirmava que Dilma Rousseff era \u201cabortista\u201d e \u201cassassina de fetos\u201d. Dilma come\u00e7ou a perder votos entre os evang\u00e9licos, e tamb\u00e9m parte dos bispos e dos padres cat\u00f3licos exortou os fi\u00e9is a desistirem de votar nela. Circularam suspeitas de que o ataque teria partido da campanha de Serra, mas a autoria n\u00e3o chegou a ser provada. O que se pode afirmar \u00e9 que Serra se empenhou em tirar proveito do ataque vindo das catacumbas, determinando o rumo da campanha dali em diante.<\/p>\n\n\n\n<p>Dilma Rousseff, por sua vez, correu a buscar o apoio de religiosos, acabando por escrever uma carta declarando-se \u201cpessoalmente contra o aborto\u201d. Nesta carta, Dilma comprometeu-se, caso vencesse a elei\u00e7\u00e3o, a n\u00e3o propor nenhuma medida para\u00a0<a rel=\"noreferrer noopener\" href=\"https:\/\/brasil.elpais.com\/brasil\/2020-08-28\/cruzada-antiaborto-tem-nova-vitoria-com-portaria-que-dificulta-o-procedimento-legal-as-vitimas-de-estupro.html\" target=\"_blank\">alterar a legisla\u00e7\u00e3o sobre o tema<\/a>. Logo, tanto Serra quanto Dilma despontaram no espet\u00e1culo eleitoreiro como devotos tomados por um fervor religioso at\u00e9 ent\u00e3o desconhecido de quem acompanhava suas trajet\u00f3rias. Serra apregoou que tinha \u201cDeus no peito\u201d. Dilma agradeceu \u201ca Deus pela dupla gra\u00e7a\u201d e, usando o mote dos grupos extremistas do catolicismo, afirmou que fazia \u201cuma campanha, antes de tudo, em defesa da vida\u201d.<\/p>\n\n\n\n<p>A campanha de 2010 marcou o momento mais baixo desde a redemocratiza\u00e7\u00e3o do pa\u00eds. Isso significa que foi o momento mais baixo em 21 anos de elei\u00e7\u00f5es presidenciais. E inaugurou o primeiro de uma s\u00e9rie de momentos cada vez mais baixos que se seguiriam a esse, culminando com o&nbsp;<a href=\"https:\/\/brasil.elpais.com\/brasil\/2020-11-23\/marcia-lima-debate-racial-mudou-de-patamar-nao-vejo-mais-os-jovens-aceitando-silenciamento.html\" target=\"_blank\" rel=\"noreferrer noopener\">discurso de ataque aos negros e aos ind\u00edgenas<\/a>, \u00e0s mulheres e aos homossexuais e transexuais de Jair Bolsonaro em 2018.<\/p>\n\n\n\n<p>O que se passou em 2010 escancarou as portas para todas as leviandades e recuos que vieram depois, nos temas relativos \u00e0 sa\u00fade da mulher e ao respeito \u00e0 diversidade sexual. Basta lembrar, entre outros, do&nbsp;<a href=\"https:\/\/brasil.elpais.com\/brasil\/2018\/10\/12\/politica\/1539356381_052616.html\" target=\"_blank\" rel=\"noreferrer noopener\">cancelamento do kit anti-homofobia<\/a>, que seria usado nas escolas p\u00fablicas para trabalhar o respeito \u00e0s diferen\u00e7as e prevenir a viol\u00eancia contra homossexuais.<\/p>\n\n\n\n<p>O kit\u00a0<em>Escola Sem Homofobia<\/em>\u00a0foi batizado pejorativamente de \u201ckit gay\u201d por pastores e pol\u00edticos homof\u00f3bicos \u2014ou apenas oportunistas\u2014 e lembrado em todas as campanhas eleitorais que se seguiram, inclusive a que deu a vit\u00f3ria ao declaradamente homof\u00f3bico Jair Bolsonaro, em 2018. Tamb\u00e9m vale a pena lembrar da retirada do ar do v\u00eddeo de uma campanha de preven\u00e7\u00e3o a doen\u00e7as sexualmente transmiss\u00edveis, na qual uma prostituta dizia ser \u201cfeliz\u201d. O fato de uma mulher ser feliz e ser prostituta parece ter ferido mais a sensibilidade dos hip\u00f3critas do que pessoas adoecerem ou mesmo perderem a vida por doen\u00e7as evit\u00e1veis.<\/p>\n\n\n\n<p>A campanha de 2010 mostrou que rebaixar o tema do aborto \u00e0 moeda eleitoral atingia dois prop\u00f3sitos: 1) fazer com que o advers\u00e1rio, liberal nos costumes,&nbsp;<a href=\"https:\/\/brasil.elpais.com\/opiniao\/2020-02-10\/como-a-esquerda-brasileira-morreu.html\" target=\"_blank\" rel=\"noreferrer noopener\">o que caracteriza a esquerda<\/a>, de modo geral, e a direita genuinamente adepta do liberalismo, perdesse uma grande quantidade de votos entre as pessoas religiosas, em especial evang\u00e9licos neopentecostais e cat\u00f3licos carism\u00e1ticos; 2) pressionar candidatos que, caso eleitos, poderiam levar adiante o debate do aborto como o problema de sa\u00fade p\u00fablica que efetivamente \u00e9, assim como outras pautas relativas \u00e0 sexualidade e \u00e0 diversidade, de forma a se comprometerem a deixar tudo como est\u00e1 ou mesmo a retroceder.<\/p>\n\n\n\n<p>A campanha de 2010 provou, principalmente, que o aborto e outros dos chamados \u201ctemas morais\u201d s\u00e3o um&nbsp;<a href=\"https:\/\/brasil.elpais.com\/brasil\/2020-09-20\/evangelicos-progressistas-reagem-contra-homofobia-de-pastores-e-ensaiam-avanco-na-politica.html\" target=\"_blank\" rel=\"noreferrer noopener\">eficaz instrumento de barganha pol\u00edtica<\/a>, quando n\u00e3o de chantagem. Desde ent\u00e3o, parlamentares se agarraram a essa pauta, deram declara\u00e7\u00f5es p\u00fablicas e lan\u00e7aram projetos de lei marcados por um retrocesso que n\u00e3o parecia mais poss\u00edvel. Muitos desses oportunistas fizeram nome e ganharam import\u00e2ncia na guerra moral assinalada pela imoralidade das pr\u00e1ticas e pela desonestidade dos argumentos dos religiosos de ocasi\u00e3o.<\/p>\n\n\n\n<p>O rebaixamento do n\u00edvel da campanha de 2010 rompeu uma barreira \u00e9tica no debate p\u00fablico do Brasil \u2014e esse rombo nunca mais parou de ser escancarado. \u00c9 necess\u00e1rio jamais esquecer que essa fronteira n\u00e3o foi derrubada nem pela parcela mais fisiol\u00f3gica do PMDB, hoje MDB, nem pelos l\u00edderes evang\u00e9licos mais inescrupulosos. Ela foi ultrapassada por Jos\u00e9 Serra, um representante do PSDB hist\u00f3rico, de raiz.<\/p>\n\n\n\n<p>Este n\u00e3o \u00e9 um detalhe. E sim um fato crucial para compreender o papel que o PSDB desempenhou para os rumos do Brasil. O modo de opera\u00e7\u00e3o do MDB \u00e9 muito mais pesquisado, esmiu\u00e7ado e conhecido, tanto por intelectuais que se dedicaram a ele, caso da tese do \u201cpemedebismo\u201d,&nbsp;<a href=\"https:\/\/brasil.elpais.com\/brasil\/2020-06-03\/el-pais-entrevista-ao-vivo-o-filosofo-marcos-nobre-nesta-quinta-feira.html\" target=\"_blank\" rel=\"noreferrer noopener\">do fil\u00f3sofo Marcos Nobre<\/a>, quanto pelo p\u00fablico que acompanha a pol\u00edtica de Bras\u00edlia. No campo da Justi\u00e7a, a&nbsp;<a href=\"https:\/\/brasil.elpais.com\/brasil\/2020-07-10\/os-dois-pesos-e-duas-medidas-na-denuncia-da-desgastada-lava-jato-contra-o-tucano-jose-serra.html\" target=\"_blank\" rel=\"noreferrer noopener\">Opera\u00e7\u00e3o Lava Jato mostrou muito mais claramente<\/a>&nbsp;como o MDB e o PT atuavam do que o PSDB.<\/p>\n\n\n\n<p>O PSDB desempenhou um papel determinante para a ampla e m\u00faltipla crise vivida hoje pelo Brasil \u2014e esse papel precisa ser iluminado. N\u00e3o foi por acaso, nem sem a responsabilidade dos tucanos mais emplumados, que o rosto do PSDB deixou de ser o de FHC&nbsp;<a href=\"https:\/\/brasil.elpais.com\/brasil\/2018\/10\/28\/politica\/1540754868_146896.html\" target=\"_blank\" rel=\"noreferrer noopener\">para se tornar o de Doria<\/a>, com uma transi\u00e7\u00e3o pela face de Geraldo Alckmin.<\/p>\n\n\n\n<p>\u00c9 tamb\u00e9m em 2010 que Eduardo Cunha enxerga uma brecha para ampliar seu poder de influ\u00eancia. Com o aval de Lula, esse personagem nebuloso vai peregrinar por templos evang\u00e9licos para afirmar que Dilma Rousseff \u00e9 contra o aborto. \u00c9 este novo \u201caliado\u201d que lidera o contra-ataque e pede votos para Dilma nos redutos do evangelismo neopentecostal. Por pragmatismo eleitoral, ao se ver atacada, Dilma capitulou diante de seus princ\u00edpios. Naquele momento, nem ela nem ningu\u00e9m poderia saber, mas se iniciava ali, mesmo antes de Dilma se eleger para o primeiro mandato,\u00a0<a rel=\"noreferrer noopener\" href=\"https:\/\/brasil.elpais.com\/brasil\/2019\/06\/20\/politica\/1561039982_821507.html\" target=\"_blank\">sua triste marcha rumo ao impeachment<\/a><strong>.<\/strong><\/p>\n\n\n\n<p>Nos anos seguintes,&nbsp;<a href=\"https:\/\/brasil.elpais.com\/brasil\/2015\/10\/26\/opinion\/1445867337_306971.html\" target=\"_blank\" rel=\"noreferrer noopener\">Eduardo Cunha se tornaria o rei do \u201ccentr\u00e3o\u201d<\/a>&nbsp;\u2014grupo de parlamentares ligados menos \u00e0 direita ou a qualquer ideologia e bem mais a seus interesses pessoais e privados, que tem como caracter\u00edstica o apoio a qualquer Governo, em troca de cargos e favores. Em resumo: se elegem para se colocarem \u00e0 venda. Eduardo Cunha uniria tamb\u00e9m as bancadas conservadoras da C\u00e2mara dos Deputados para barrar, na pr\u00e1tica, o aborto legal. A partir de 2015, j\u00e1 como presidente da C\u00e2mara, tornou-se o principal ator do impeachment de Dilma Rousseff, depois de concluir que o PT n\u00e3o impediria a investiga\u00e7\u00e3o de seus atos de corrup\u00e7\u00e3o. O impeachment foi movido por muitas raz\u00f5es e tamb\u00e9m paix\u00f5es, entre elas a vingan\u00e7a do vil\u00e3o.<\/p>\n\n\n\n<h2 class=\"wp-block-heading\">2) O PSDB, A\u00e9cio Neves e o&nbsp;<a href=\"https:\/\/brasil.elpais.com\/brasil\/2018\/10\/28\/opinion\/1540741974_135426.html\" target=\"_blank\" rel=\"noreferrer noopener\">pr\u00e9-bolsonarismo ou pr\u00e9-trumpismo<\/a>: a estrat\u00e9gia nojenta de duvidar do processo eleitoral<\/h2>\n\n\n\n<p>A cena produzida em 2010 marca a derrocada \u00e9tica do PSDB, assim como assinala o ponto aparentemente sem retorno em que o partido se desliga do que existia de progressista em sua hist\u00f3ria. O momento em que o corpo das mulheres virou moeda eleitoral no Brasil tem seu impacto na hist\u00f3ria recente minimizado, at\u00e9 porque a maioria dos analistas \u00e9 composta por homens.<\/p>\n\n\n\n<p>Tucanos-pena-longa se omitiram ao testemunhar Jos\u00e9 Serra arrastar as asas \u2014as suas e as do partido \u2014nos esgotos, em 2010. E se omitiram mais uma vez quando outro membro do PSDB hist\u00f3rico,\u00a0<a rel=\"noreferrer noopener\" href=\"https:\/\/brasil.elpais.com\/brasil\/2018\/09\/24\/opinion\/1537805079_256045.html\" target=\"_blank\">A\u00e9cio Neves, desferiu o ataque mais grave \u00e0 democracia<\/a>\u00a0desde o fim da ditadura civil-militar. Aqueles brasileiros que hoje torcem a boca de indigna\u00e7\u00e3o, ao acompanhar o\u00a0<a rel=\"noreferrer noopener\" href=\"https:\/\/brasil.elpais.com\/internacional\/2020-11-10\/negativa-de-trump-de-reconhecer-a-derrota-provoca-forte-tensao-no-partido-republicano.html\" target=\"_blank\">estrago que Donald Trump tem feito<\/a>\u00a0na at\u00e9 ent\u00e3o aparentemente s\u00f3lida democracia dos Estados Unidos, deve olhar com mais aten\u00e7\u00e3o para o seu pr\u00f3prio quintal.<\/p>\n\n\n\n<p>A\u00e9cio Neves, neto do \u00edcone Tancredo Neves, teve a irresponsabilidade criminosa de duvidar do resultado eleitoral, sem uma \u00fanica prova, abrindo espa\u00e7o para toda a corros\u00e3o da democracia que veio depois. Quando A\u00e9cio Neves perdeu a elei\u00e7\u00e3o de 2014 para Dilma Rousseff, ele e seu partido cometeram o ato, ao mesmo tempo oportunista e irrespons\u00e1vel, de questionar o processo eleitoral sem nada que justificasse a suspei\u00e7\u00e3o do pleito. O Brasil, com as urnas eletr\u00f4nicas, tem um dos mais confi\u00e1veis e eficientes sistemas de vota\u00e7\u00e3o do mundo.&nbsp;<a href=\"https:\/\/brasil.elpais.com\/internacional\/2020-11-24\/trump-da-sinal-verde-para-o-inicio-da-transicao-de-poder-nos-estados-unidos.html\" target=\"_blank\" rel=\"noreferrer noopener\">Aceitar a derrota<\/a>&nbsp;faz parte das regras fundamentais da democracia. E neg\u00e1-la, como hoje faz Donald Trump, para assombro do mundo, e fez A\u00e9cio Neves, em 2014, \u00e9 um ataque inaceit\u00e1vel ao voto de todos os eleitores.<\/p>\n\n\n\n<p>A\u00e9cio iniciava ali uma nova crise, e isso j\u00e1 num cen\u00e1rio grave para o pa\u00eds, marcado por dificuldades econ\u00f4micas crescentes e pela perda acelerada do apoio \u00e0 presidenta reeleita. Naquele ato, abriu um precedente mais do que perigoso. Mais tarde, uma grava\u00e7\u00e3o revelaria A\u00e9cio afirmando que pediu a auditoria dos resultados eleitorais s\u00f3 \u201cpara encher o saco\u201d. A\u00e9cio deve entrar para a hist\u00f3ria&nbsp;<a href=\"https:\/\/brasil.elpais.com\/brasil\/2018\/12\/11\/politica\/1544568228_792840.html\" target=\"_blank\" rel=\"noreferrer noopener\">n\u00e3o s\u00f3 pelos seus crimes de corrup\u00e7\u00e3o<\/a>, mas por esse gesto contra o pa\u00eds. A\u00e9cio Neves e Jos\u00e9 Serra devem ser lembrados como pol\u00edticos que praticaram gestos determinantes para a&nbsp;<a href=\"https:\/\/brasil.elpais.com\/brasil\/2020\/01\/12\/politica\/1578841564_993293.html\" target=\"_blank\" rel=\"noreferrer noopener\">destrui\u00e7\u00e3o da democracia brasileira<\/a>.<\/p>\n\n\n\n<p>Quatro anos depois, em 2018, mais uma elei\u00e7\u00e3o. Durante a campanha, de dentro do hospital, onde se recuperava de um atentado a faca, Jair Bolsonaro gravou um v\u00eddeo\u00a0<a rel=\"noreferrer noopener\" href=\"https:\/\/brasil.elpais.com\/brasil\/2018\/09\/17\/politica\/1537215816_674175.html\" target=\"_blank\">questionando as urnas eletr\u00f4nicas<\/a>\u00a0e sinalizando que poderia n\u00e3o aceitar o resultado do pleito, em caso de derrota. Seu vice,\u00a0<a rel=\"noreferrer noopener\" href=\"https:\/\/brasil.elpais.com\/brasil\/2019\/01\/30\/opinion\/1548867475_387353.html\" target=\"_blank\">o general Hamilton Mour\u00e3o<\/a>, j\u00e1 havia dado uma entrevista \u00e0\u00a0<em>Globo News<\/em>\u00a0afirmando a possibilidade de um autogolpe do presidente eleito, com o apoio das For\u00e7as Armadas. Bolsonaro e os generais anunciavam ali que n\u00e3o aceitariam a derrota. A democracia, pelo visto, s\u00f3 valia se o resultado fosse positivo. O que planejavam n\u00e3o foi usado, j\u00e1 que Bolsonaro venceu a elei\u00e7\u00e3o de 2018 pelo voto. E, como venceu, suas suspeitas sobre as urnas eletr\u00f4nicas desapareceram de imediato.<\/p>\n\n\n\n<p>Nas recentes&nbsp;<a href=\"https:\/\/brasil.elpais.com\/noticias\/elecciones-municipales-brasil-2020\/\" target=\"_blank\" rel=\"noreferrer noopener\">elei\u00e7\u00f5es municipais<\/a>&nbsp;de 15 de novembro, perfis bolsonaristas nas redes sociais atuaram fortemente para&nbsp;<a href=\"https:\/\/brasil.elpais.com\/brasil\/2020-11-16\/atraso-nos-resultados-do-tse-abre-onda-conspiratoria-de-perdedores-e-bolsonaristas.html\" target=\"_blank\" rel=\"noreferrer noopener\">lan\u00e7ar suspeita sobre o processo de apura\u00e7\u00e3o eleitoral<\/a>, j\u00e1 sinalizando o que planejam para 2022. Bolsonaro, por\u00e9m, n\u00e3o inventou esse truque absolutamente repugnante. No Brasil, o respons\u00e1vel atende pelo nome de A\u00e9cio Neves \u2014e, ainda assim, o&nbsp;<em>playboy<\/em>&nbsp;de Minas conseguiu se eleger deputado federal em 2018, apesar de toda a ficha corrida, da qual faz parte a literalidade de uma mala cheia de dinheiro da corrup\u00e7\u00e3o.<\/p>\n\n\n\n<h2 class=\"wp-block-heading\">3) O PSDB acelera rumo ao botox: tardia autocr\u00edtica de Tasso Jereissati, nenhum efeito concreto sobre o partido engolido por Jo\u00e3o Doria<\/h2>\n\n\n\n<p>O PSDB desempenhou um papel importante no impeachment de Dilma Rousseff e participou do&nbsp;<a href=\"https:\/\/brasil.elpais.com\/brasil\/2020-07-11\/michel-temer-nunca-trai-nem-dilma-nem-ninguem-especialmente-nao-trai-a-mim-mesmo.html\" target=\"_blank\" rel=\"noreferrer noopener\">Governo de Michel Temer (MDB)<\/a>. Quando aderiram aos movimentos das ruas a favor do impeachment e contra o PT, vestidos com a camiseta da sele\u00e7\u00e3o brasileira, pol\u00edticos tucanos tamb\u00e9m se iludiram que a rua era deles. N\u00e3o era nada disso, como logo descobririam.<\/p>\n\n\n\n<p>Em setembro de 2018, um dos tucanos de plumagem grossa, Tasso Jereissati, afirmou, em entrevista ao jornalista Pedro Venceslau, no jornal\u00a0<em>O Estado de S. Paulo<\/em>: \u201cO partido cometeu um conjunto de erros memor\u00e1veis. O primeiro foi questionar o resultado eleitoral. Come\u00e7ou no dia seguinte [\u00e0 elei\u00e7\u00e3o]. N\u00e3o \u00e9 da nossa hist\u00f3ria e do nosso perfil. N\u00e3o questionamos as institui\u00e7\u00f5es, respeitamos a democracia. O segundo erro foi votar contra princ\u00edpios b\u00e1sicos nossos, sobretudo na economia, s\u00f3 para ser contra o PT. Mas o grande erro, e boa parte do PSDB se op\u00f4s a isso, foi entrar no Governo Temer. Foi a gota-d\u2019\u00e1gua, junto com os problemas do A\u00e9cio. Fomos engolidos pela tenta\u00e7\u00e3o do poder\u201d.<\/p>\n\n\n\n<p>Autocr\u00edtica importante, ainda que tardia. E al\u00e9m de tardia, sem efeito, porque o PSDB apenas acentuou sua guinada \u00e0s piores pr\u00e1ticas com Jo\u00e3o Doria. Quem acha que controla as ruas n\u00e3o estudou nem a hist\u00f3ria nem a psicologia humana. Com telhado de vidro fino, tanto Serra quanto A\u00e9cio e o PSDB s\u00e3o hoje muito menores do que no passado, em todos os sentidos.<\/p>\n\n\n\n<p>Pior do que n\u00e3o ter resson\u00e2ncia, por\u00e9m, \u00e9 perder o respeito. O PSDB que surgiu com a volta da democracia n\u00e3o existe mais. O que existe agora \u00e9 outra coisa. Que coisa \u00e9 essa, o presente j\u00e1 est\u00e1 mostrando. O PSDB atual tem o rosto, o estilo e a&nbsp;<a href=\"https:\/\/brasil.elpais.com\/brasil\/2017\/01\/09\/opinion\/1483967301_829259.html\" target=\"_blank\" rel=\"noreferrer noopener\">est\u00e9tica de Doria, um milion\u00e1rio<\/a>&nbsp;esteticamente muito mais parecido com Trump do que com Bolsonaro, mas sem nenhum ponto de contato com&nbsp;<a href=\"https:\/\/brasil.elpais.com\/internacional\/2020-11-07\/joe-biden-vence-as-eleicoes-dos-estados-unidos-e-acaba-com-a-era-trump.html\" target=\"_blank\" rel=\"noreferrer noopener\">Joe Biden, o moderado rec\u00e9m-eleito para a presid\u00eancia dos Estados Unidos<\/a>, por exemplo. \u00c9 f\u00e1cil imaginar como a face, o estilo e a est\u00e9tica devem horrorizar os tucanos ainda \u201cfinos\u201d que sobrevivem como decora\u00e7\u00e3o nas prateleiras empoeiradas da hist\u00f3ria do partido. Mas se calaram demais diante de tantas atrocidades ao longo dos anos e hoje s\u00f3 lhes resta engolir sem cuspir.<\/p>\n\n\n\n<p>N\u00e3o se pode esquecer de Geraldo Alckmin, o padrinho tra\u00eddo de Doria no partido, que ao governar S\u00e3o Paulo mostrou que era tudo menos\u00a0<em>picol\u00e9 de chuchu<\/em>. \u00c9 dif\u00edcil trabalhar com a hip\u00f3tese de \u201ce se\u201d, mas tamb\u00e9m faz sentido imaginar o que teriam sido os\u00a0<a rel=\"noreferrer noopener\" href=\"https:\/\/brasil.elpais.com\/noticias\/protestas-brasil-junio-2013\/\" target=\"_blank\">protestos de 2013<\/a>, que mudaram o Brasil, n\u00e3o fosse Alckmin ter despachado sua Pol\u00edcia Militar para bater em manifestantes e jornalistas, expuls\u00e1-los das ruas com g\u00e1s lacrimog\u00eanio e spray de pimenta, num n\u00edvel de viol\u00eancia que revoltou at\u00e9 mesmo a classe m\u00e9dia, sempre t\u00e3o conservadora.<\/p>\n\n\n\n<p>Alckmin e uma das mais assassinas pol\u00edcias do mundo \u2014<a href=\"https:\/\/brasil.elpais.com\/brasil\/2020-01-01\/quando-falamos-em-genocidio-da-juventude-negra-precisamos-incluir-tambem-a-morte-dos-jovens-policiais.html\" target=\"_blank\" rel=\"noreferrer noopener\">que tamb\u00e9m morre muito<\/a>, \u00e9 preciso dizer\u2014 foram protagonistas \u00e0s avessas dos protestos. Mesmo assim, Alckmin n\u00e3o aprendeu. Em 2015 colocou a mesma truculenta PM para bater em crian\u00e7as e adolescentes que protestavam contra uma reforma imposta \u00e0 comunidade escolar sem suficiente consulta e debate, alunos de escolas p\u00fablicas apanhando como se o pa\u00eds vivesse numa ditadura e como se manifesta\u00e7\u00f5es n\u00e3o estivessem contempladas na Constitui\u00e7\u00e3o. Jo\u00e3o Doria, o afilhado de Alckmin, se elegeu prefeito em 2016 fazendo discurso contra a pol\u00edtica e os pol\u00edticos e autoproclamando-se \u201cgestor\u201d, em mais um ataque \u00e0 democracia.<\/p>\n\n\n\n<p>Em 2018, Doria deixou sem pena a Prefeitura de S\u00e3o Paulo, depois de uma cole\u00e7\u00e3o de maldades como demolir um pr\u00e9dio do que chamam \u201cCracol\u00e2ndia\u201d, ferindo pelo menos tr\u00eas moradores. Jo\u00e3o Doria elegeu-se governador literalmente colado a Jair Bolsonaro, no slogan \u201cBolsoDoria\u201d. Agora, de olho na disputa pela elei\u00e7\u00e3o presidencial de 2022, o governador de S\u00e3o Paulo&nbsp;<a href=\"https:\/\/brasil.elpais.com\/politica\/2020-03-25\/doria-abre-duelo-com-bolsonaro-e-marca-posicao-dos-governadores-e-justo-abandonar-idosos-a-propria-sorte.html\" target=\"_blank\" rel=\"noreferrer noopener\">descolou-se do atual presidente<\/a>&nbsp;e desde ent\u00e3o busca se apresentar, e tamb\u00e9m o partido, como o \u00faltimo reduto da modera\u00e7\u00e3o. Algo como \u201cDoria, o pacificador\u201d.<\/p>\n\n\n\n<figure class=\"wp-block-image\"><img data-recalc-dims=\"1\" decoding=\"async\" src=\"https:\/\/i0.wp.com\/imagens.brasil.elpais.com\/resizer\/OJ5KckjfQrdj6bDsVMsK9lZCYyY%3D\/768x0\/filters%3Afocal%28511x1604%3A521x1614%29\/cloudfront-eu-central-1.images.arcpublishing.com\/prisa\/BPBGJ7HDPNEXBFWJKMTW7UOK64.jpg?w=600&#038;ssl=1\" alt=\"O governador de S\u00e3o Paulo, Jo\u00e3o Doria, ao lado do prefeito Bruno Covas durante a vota\u00e7\u00e3o no primeiro turno, em 15 de novembro. \"\/><figcaption>O governador de S\u00e3o Paulo, Jo\u00e3o Doria, ao lado do prefeito Bruno Covas durante a vota\u00e7\u00e3o no primeiro turno, em 15 de novembro.&nbsp;LECO VIANA \/ EUROPA PRESS<\/figcaption><\/figure>\n\n\n\n<h2 class=\"wp-block-heading\">4) Bruno Covas e o vice-problem\u00e3o: a prefeitura foi deixada para os vices nos \u00faltimos dois mandatos do PSDB<\/h2>\n\n\n\n<p>Para distanciar-se de Bolsonaro e da extrema direita, o PSDB precisa mostrar que ainda guarda na alma uma lembran\u00e7a carinhosa do tempo em que era centro pol\u00edtico. Neste sentido, apostar na elei\u00e7\u00e3o de Bruno Covas para a prefeitura de S\u00e3o Paulo foi uma jogada esperta. Covas tem o sobrenome certo, na medida em que \u00e9 neto de M\u00e1rio Covas, ex-governador de S\u00e3o Paulo e fundador do PSDB, portanto herdeiro de uma esp\u00e9cie de aristocracia do partido, hoje tomado por novos ricos com a cara cheia de botox. Se h\u00e1 v\u00e1rias cr\u00edticas a se fazer a Bruno Covas no comando de S\u00e3o Paulo, \u00e9 preciso reconhecer que ele est\u00e1 ainda longe de poder ser equiparado ao trio Doria-A\u00e9cio-Serra.<\/p>\n\n\n\n<p>Espertamente, Bruno Covas&nbsp;<a href=\"https:\/\/brasil.elpais.com\/brasil\/2020-11-14\/bruno-covas-chega-a-eleicao-com-folga-na-lideranca-em-sao-paulo-e-mantendo-distancia-de-doria-e-bolsonaro.html\" target=\"_blank\" rel=\"noreferrer noopener\">tentou se afastar de Doria e de Bolsonaro para chegar ao segundo turno<\/a>, mas a realidade acaba sempre se impondo. Al\u00e9m de outros partidos e figuras de direita, Covas tem hoje o&nbsp;<a href=\"https:\/\/brasil.elpais.com\/brasil\/2020-11-13\/apoio-a-russomanno-murcha-entre-evangelicos-que-aderem-ao-slogan-de-fe-de-covas.html\" target=\"_blank\" rel=\"noreferrer noopener\">apoio formal de Celso Russomanno (Republicanos)<\/a>, candidato derrotado no primeiro turno, declaradamente apoiado por Bolsonaro. O maior complicador, por\u00e9m, atende pelo nome de Ricardo Nunes (MDB), seu candidato a vice. Ricardo Nunes foi imposto a Bruno Covas por Jo\u00e3o Doria, em sua articula\u00e7\u00e3o para que o MDB apoie o seu nome para a elei\u00e7\u00e3o presidencial de 2022. Nunes \u00e9 um sapo de um tamanho dif\u00edcil de passar na garganta para algu\u00e9m que se anuncia como \u201ccentro\u201d e como \u201cmoderado\u201d e como \u201crespons\u00e1vel\u201d. Covas o defende e at\u00e9 afirma que Ricardo Nunes foi escolhido por ele mesmo, mas o sapo s\u00f3 aumenta de tamanho.<\/p>\n\n\n\n<p>Em 2011, o vice da chapa de Covas foi acusado pela mulher de viol\u00eancia dom\u00e9stica e um m\u00eas mais tarde ele mesmo acusou-a de les\u00e3o corporal. Hoje eles vivem juntos. Vereador influente na zona sul de S\u00e3o Paulo, Ricardo Nunes \u00e9 alvo de um inqu\u00e9rito policial que investiga corrup\u00e7\u00e3o nas rela\u00e7\u00f5es de pol\u00edticos com entidades gestoras de creches conveniadas, caso conhecido como a \u201cm\u00e1fia das creches\u201d. Na C\u00e2mara de vereadores de S\u00e3o Paulo atua contra os direitos das mulheres e dos homossexuais e transg\u00eaneros e apoia o ultraconservador projeto&nbsp;<a href=\"https:\/\/brasil.elpais.com\/noticias\/programa-escola-sem-partido\/\" target=\"_blank\" rel=\"noreferrer noopener\">Escola Sem Partido<\/a>, que busca criminalizar professores, dinamitar a educa\u00e7\u00e3o sexual e reescrever a hist\u00f3ria do pa\u00eds.<\/p>\n\n\n\n<p>Seria poss\u00edvel alegar que um vice influi pouco nos rumos do Governo, mas, no Brasil,\u00a0<a rel=\"noreferrer noopener\" href=\"https:\/\/brasil.elpais.com\/brasil\/2014\/08\/19\/politica\/1408470555_122462.html\" target=\"_blank\">apenas dois presidentes n\u00e3o foram substitu\u00eddos pelo vice<\/a>desde a redemocratiza\u00e7\u00e3o do pa\u00eds. Em S\u00e3o Paulo, dois vices viraram prefeitos porque o titular, do PSDB, resolveu concorrer a um cargo de mais poder. O pr\u00f3prio Bruno Covas era vice de Jo\u00e3o Doria, que deixou a prefeitura para concorrer ao cargo de governador, o que at\u00e9 hoje \u00e9 pouco perdoado por seus eleitores. Antes dele, em 2006, foi a vez de Jos\u00e9 Serra deixar a prefeitura para concorrer ao Governo do Estado, e ent\u00e3o assumiu um quase desconhecido Gilberto Kassab. Hoje, Gilberto Kassab (PSD) \u00e9 um dos\u00a0<a rel=\"noreferrer noopener\" href=\"https:\/\/brasil.elpais.com\/brasil\/2020-11-16\/psd-de-kassab-sai-vitorioso-no-xadrez-politico-das-eleicoes-enquanto-pt-segue-juntando-os-cacos.html\" target=\"_blank\">principais l\u00edderes dessa praga pol\u00edtica que atende pelo nome de \u201ccentr\u00e3o\u201d<\/a>, mas que \u00e9 muito mais \u00e0 direita do que pr\u00f3xima a qualquer ideia de centro ideol\u00f3gico.<\/p>\n\n\n\n<p>Vale a pena observar que tanto Serra quanto Doria assinaram compromissos de que jamais fariam o que efetivamente fizeram. Serra assinou um documento afirmando que cumpriria o mandato at\u00e9 o fim. Mais tarde, ao ser cobrado por trair a pr\u00f3pria assinatura, disse que era s\u00f3 um \u201cpapelzinho\u201d. E Doria, durante a campanha, tamb\u00e9m assinou um documento a pedido do portal&nbsp;<em>Catraca Livre<\/em>: \u201cEu, Jo\u00e3o Doria, comprometo-me a cumprir integralmente meu mandato nos anos de 2017, 2018, 2019 e 2020 caso seja eleito prefeito de S\u00e3o Paulo em 2016\u201d. Bem, o que aconteceu todos sabem.<\/p>\n\n\n\n<p>Diante do hist\u00f3rico do PSDB na prefeitura de S\u00e3o Paulo, faz bastante sentido o eleitor paulistano se preocupar que o prefeito acabe se tornando Ricardo Nunes. Com a biografia embrulhada e sob investiga\u00e7\u00e3o, Nunes foi orientado \u2014ou talvez proibido\u2014 de participar de debates com a vice da chapa opositora,&nbsp;<a href=\"https:\/\/brasil.elpais.com\/noticias\/luiza-erundina-de-sousa\/\" target=\"_blank\" rel=\"noreferrer noopener\">Luiza Erundina<\/a>. Uma das&nbsp;<a href=\"https:\/\/brasil.elpais.com\/brasil\/2016\/09\/29\/politica\/1475157561_363349.html\" target=\"_blank\" rel=\"noreferrer noopener\">mais experientes pol\u00edticas brasileiras<\/a>, ex-prefeita de S\u00e3o Paulo, atual deputada federal, Erundina tem uma biografia de absoluta coer\u00eancia, uma hist\u00f3ria pessoal fascinante e, para aumentar os pesadelos do PSDB, \u00e9 uma debatedora afiada. A campanha para o segundo turno j\u00e1 come\u00e7ou com uma intensa campanha nas redes, com o t\u00edtulo de \u201cExigimos o debate dos vices\u201d, mas Ricardo Nunes e o PSDB deram uma de Jair Bolsonaro e fugiram da raia pelos fundos, o que tamb\u00e9m diz bastante a um eleitor minimamente atento.<\/p>\n\n\n\n<p>Desde que Guilherme Boulos e Luiza Erundina chegaram ao segundo turno, o PSDB ensaia jogar sujo, apostando no discurso da suposta \u201cradicalidade\u201d de Guilherme Boulos. Considerar \u201cradical\u201d a luta por moradia, no sentido pejorativo, e buscar criminalizar movimentos sociais s\u00e3o gestos muito mais ligados \u00e0 extrema direita truculenta de Bolsonaro do que a qualquer aceno de \u201cmodera\u00e7\u00e3o\u201d. O antipetismo quase patol\u00f3gico apresenta o PT como o principal respons\u00e1vel pela crise m\u00faltipla vivida pelo Brasil nos \u00faltimos anos. Sem tirar a responsabilidade do PT, que \u00e9 grande, o que hoje vive o Brasil est\u00e1 longe de ter um \u00fanico respons\u00e1vel e muito menos exime a direita que se rearranja durante toda a hist\u00f3ria republicana para seguir no poder e n\u00e3o perder privil\u00e9gios de ra\u00e7a e de classe. As ru\u00ednas constru\u00eddas pelo Brasil ao longo dos s\u00e9culos s\u00e3o um bem-sucedido trabalho de longo prazo das elites predat\u00f3rias.<\/p>\n\n\n\n<h2 class=\"wp-block-heading\">5) Uma elei\u00e7\u00e3o municipal que \u00e9 nacional: o que est\u00e1 em jogo no voto de S\u00e3o Paulo diz respeito ao futuro de todo o Brasil<\/h2>\n\n\n\n<p>O antipetismo dos \u00faltimos anos permitiu que o PSDB fosse menos cobrado pelos seus ataques \u00e0 democracia. Por isso \u00e9 urgente refletir sobre o papel do PSDB no momento em que est\u00e1 em curso mais um rearranjo da direita que apoiou Bolsonaro e hoje se descola quase vergonhosamente dele para disputar 2022 se vendendo como \u201cpacificadora\u201d e \u201cmoderada\u201d. Doria \u00e9 o expoente deste movimento. Era BolsoDoria h\u00e1 menos de dois anos, hoje \u00e9 anti-Bolsonaro desde bebezinho. Jo\u00e3o Doria, como Geraldo Alckmin aprendeu duramente ao ser tra\u00eddo pelo afilhado, \u00e9 como Jair Bolsonaro:&nbsp;<a href=\"https:\/\/brasil.elpais.com\/brasil\/2019\/11\/21\/politica\/1574370572_790996.html\" target=\"_blank\" rel=\"noreferrer noopener\">s\u00f3 tem um partido, que \u00e9 ele mesmo<\/a>.<\/p>\n\n\n\n<p>A surpreendente chegada de Guilherme Boulos e do PSOL ao segundo turno da maior,&nbsp;<a href=\"https:\/\/brasil.elpais.com\/brasil\/2020-10-15\/a-sao-paulo-pos-pandemia-cobra-dos-aspirantes-a-prefeito-mobilidade-e-incentivo-a-emprego-na-periferias.html\" target=\"_blank\" rel=\"noreferrer noopener\">mais rica e mais influente cidade do pa\u00eds<\/a>&nbsp;foi um susto para o projeto de poder de Jo\u00e3o Doria e de seus mais novos s\u00f3cios. Nos \u00faltimos meses, o atual governador de S\u00e3o Paulo, o ex-ministro da Justi\u00e7a de Bolsonaro Sergio Moro e o apresentador da TV Globo Luciano Huck tentam costurar uma candidatura com o mote da \u201cmodera\u00e7\u00e3o\u201d e da \u201cuni\u00e3o do pa\u00eds\u201d. Uma candidatura proposta como sendo de centro.<\/p>\n\n\n\n<p>Doria e seus amigos da\u00a0<a rel=\"noreferrer noopener\" href=\"https:\/\/brasil.elpais.com\/opiniao\/2020-11-17\/me-beija-e-me-chama-de-centro-diz-direita-brasileira.html\" target=\"_blank\">direita travestida de centro<\/a>\u00a0est\u00e3o muito preocupados com o que dir\u00e3o as urnas no pr\u00f3ximo domingo, 29 de novembro. Eles davam a esquerda por enterrada, com boas raz\u00f5es, j\u00e1 que at\u00e9 esse momento os partidos de esquerda e de centro-esquerda n\u00e3o conseguiam se entender para fazer oposi\u00e7\u00e3o real a Bolsonaro. A consolida\u00e7\u00e3o de um novo l\u00edder, fora do guarda-chuva do PT, aponta que a esquerda pode chegar a 2022 com uma frente ampla e chances reais de disputar a sucess\u00e3o de Bolsonaro \u2014ou de pelo menos atrapalhar bastante os acertos da direita consigo mesma. O apoio de expoentes como Lula (PT), Ciro Gomes (PDT), Marina Silva (Rede) e Fl\u00e1vio Dino (PCdoB) mostra que\u00a0<a rel=\"noreferrer noopener\" href=\"https:\/\/brasil.elpais.com\/brasil\/2020-08-19\/oposicao-fracassa-na-criacao-de-frente-de-esquerda-contra-bolsonaro-na-eleicao-de-2020.html\" target=\"_blank\">uma frente ampla \u00e0 esquerda<\/a>\u00a0se tornou realidade no segundo turno da elei\u00e7\u00e3o de S\u00e3o Paulo e j\u00e1 est\u00e1 no campo das possibilidades tamb\u00e9m para a sucess\u00e3o de Bolsonaro.<\/p>\n\n\n\n<p>Se Guilherme Boulos e Luiza Erundina vencerem, S\u00e3o Paulo \u00e9 uma for\u00e7a poderosa. Se o PSOL perder, mas tiver um bom desempenho, o cen\u00e1rio pol\u00edtico j\u00e1 ter\u00e1 mudado no Brasil. No pr\u00f3ximo domingo, os eleitores paulistanos v\u00e3o determinar muito mais do que o futuro da cidade de mais de 12 milh\u00f5es de habitantes. \u00c9 o futuro do Brasil e de mais de 210 milh\u00f5es de pessoas que j\u00e1 come\u00e7ar\u00e1 a ser tecido no presente.<\/p>\n\n\n\n<p><strong>Eliane Brum&nbsp;<\/strong><em>\u00e9 escritora, rep\u00f3rter e documentarista. Autora de Brasil, Construtor de Ru\u00ednas: um olhar sobre o pa\u00eds, de Lula a Bolsonaro (Arquip\u00e9lago). Site:&nbsp;<\/em><a href=\"http:\/\/elianebrum.com\/\" target=\"_blank\" rel=\"noreferrer noopener\"><em>elianebrum.com<\/em><\/a><em>Email:&nbsp;<\/em><a href=\"mailto:elianebrum.coluna@gmail.com\" target=\"_blank\" rel=\"noreferrer noopener\"><em>elianebrum.coluna@gmail.com<\/em><\/a><em>&nbsp;Twitter, Instagram e Facebook: @brumelianebrum<\/em><\/p>\n","protected":false},"excerpt":{"rendered":"<p>Como o partido abandonou a social-democracia, migrou para a direita e deixou amplas digitais na destrui\u00e7\u00e3o do processo democr\u00e1tico.<\/p>\n","protected":false},"author":1,"featured_media":0,"comment_status":"closed","ping_status":"open","sticky":false,"template":"","format":"standard","meta":{"_exactmetrics_skip_tracking":false,"_exactmetrics_sitenote_active":false,"_exactmetrics_sitenote_note":"","_exactmetrics_sitenote_category":0,"jetpack_post_was_ever_published":false,"_jetpack_newsletter_access":"","_jetpack_dont_email_post_to_subs":false,"_jetpack_newsletter_tier_id":0,"_jetpack_memberships_contains_paywalled_content":false,"_jetpack_memberships_contains_paid_content":false,"footnotes":"","jetpack_publicize_message":"","jetpack_publicize_feature_enabled":true,"jetpack_social_post_already_shared":true,"jetpack_social_options":{"image_generator_settings":{"template":"highway","enabled":false},"version":2}},"categories":[1],"tags":[],"class_list":["post-30099","post","type-post","status-publish","format-standard","hentry","category-notas"],"jetpack_publicize_connections":[],"jetpack_sharing_enabled":true,"jetpack_featured_media_url":"","jetpack_shortlink":"https:\/\/wp.me\/p7wKYW-7Pt","jetpack-related-posts":[],"_links":{"self":[{"href":"http:\/\/blogdalucianaoliveira.com.br\/blog\/wp-json\/wp\/v2\/posts\/30099","targetHints":{"allow":["GET"]}}],"collection":[{"href":"http:\/\/blogdalucianaoliveira.com.br\/blog\/wp-json\/wp\/v2\/posts"}],"about":[{"href":"http:\/\/blogdalucianaoliveira.com.br\/blog\/wp-json\/wp\/v2\/types\/post"}],"author":[{"embeddable":true,"href":"http:\/\/blogdalucianaoliveira.com.br\/blog\/wp-json\/wp\/v2\/users\/1"}],"replies":[{"embeddable":true,"href":"http:\/\/blogdalucianaoliveira.com.br\/blog\/wp-json\/wp\/v2\/comments?post=30099"}],"version-history":[{"count":1,"href":"http:\/\/blogdalucianaoliveira.com.br\/blog\/wp-json\/wp\/v2\/posts\/30099\/revisions"}],"predecessor-version":[{"id":30101,"href":"http:\/\/blogdalucianaoliveira.com.br\/blog\/wp-json\/wp\/v2\/posts\/30099\/revisions\/30101"}],"wp:attachment":[{"href":"http:\/\/blogdalucianaoliveira.com.br\/blog\/wp-json\/wp\/v2\/media?parent=30099"}],"wp:term":[{"taxonomy":"category","embeddable":true,"href":"http:\/\/blogdalucianaoliveira.com.br\/blog\/wp-json\/wp\/v2\/categories?post=30099"},{"taxonomy":"post_tag","embeddable":true,"href":"http:\/\/blogdalucianaoliveira.com.br\/blog\/wp-json\/wp\/v2\/tags?post=30099"}],"curies":[{"name":"wp","href":"https:\/\/api.w.org\/{rel}","templated":true}]}}