{"id":30112,"date":"2020-11-28T10:45:10","date_gmt":"2020-11-28T14:45:10","guid":{"rendered":"http:\/\/blogdalucianaoliveira.com.br\/blog\/?p=30112"},"modified":"2020-11-28T10:45:28","modified_gmt":"2020-11-28T14:45:28","slug":"desencanto","status":"publish","type":"post","link":"http:\/\/blogdalucianaoliveira.com.br\/blog\/2020\/11\/28\/desencanto\/","title":{"rendered":"Desencanto"},"content":{"rendered":"\n<figure class=\"wp-block-image size-large\"><img data-recalc-dims=\"1\" loading=\"lazy\" decoding=\"async\" width=\"600\" height=\"333\" data-attachment-id=\"30113\" data-permalink=\"http:\/\/blogdalucianaoliveira.com.br\/blog\/2020\/11\/28\/desencanto\/7701322f-7bf6-4342-8470-44f2c4f3a3be\/\" data-orig-file=\"https:\/\/i0.wp.com\/blogdalucianaoliveira.com.br\/blog\/wp-content\/uploads\/2020\/11\/7701322F-7BF6-4342-8470-44F2C4F3A3BE.jpeg?fit=828%2C459\" data-orig-size=\"828,459\" data-comments-opened=\"0\" data-image-meta=\"{&quot;aperture&quot;:&quot;0&quot;,&quot;credit&quot;:&quot;&quot;,&quot;camera&quot;:&quot;&quot;,&quot;caption&quot;:&quot;&quot;,&quot;created_timestamp&quot;:&quot;0&quot;,&quot;copyright&quot;:&quot;&quot;,&quot;focal_length&quot;:&quot;0&quot;,&quot;iso&quot;:&quot;0&quot;,&quot;shutter_speed&quot;:&quot;0&quot;,&quot;title&quot;:&quot;&quot;,&quot;orientation&quot;:&quot;1&quot;}\" data-image-title=\"7701322F-7BF6-4342-8470-44F2C4F3A3BE\" data-image-description=\"\" data-image-caption=\"\" data-medium-file=\"https:\/\/i0.wp.com\/blogdalucianaoliveira.com.br\/blog\/wp-content\/uploads\/2020\/11\/7701322F-7BF6-4342-8470-44F2C4F3A3BE.jpeg?fit=300%2C166\" data-large-file=\"https:\/\/i0.wp.com\/blogdalucianaoliveira.com.br\/blog\/wp-content\/uploads\/2020\/11\/7701322F-7BF6-4342-8470-44F2C4F3A3BE.jpeg?fit=600%2C333\" src=\"https:\/\/i0.wp.com\/blogdalucianaoliveira.com.br\/blog\/wp-content\/uploads\/2020\/11\/7701322F-7BF6-4342-8470-44F2C4F3A3BE.jpeg?resize=600%2C333\" alt=\"\" class=\"wp-image-30113\" srcset=\"https:\/\/i0.wp.com\/blogdalucianaoliveira.com.br\/blog\/wp-content\/uploads\/2020\/11\/7701322F-7BF6-4342-8470-44F2C4F3A3BE.jpeg?w=828 828w, https:\/\/i0.wp.com\/blogdalucianaoliveira.com.br\/blog\/wp-content\/uploads\/2020\/11\/7701322F-7BF6-4342-8470-44F2C4F3A3BE.jpeg?resize=300%2C166 300w, https:\/\/i0.wp.com\/blogdalucianaoliveira.com.br\/blog\/wp-content\/uploads\/2020\/11\/7701322F-7BF6-4342-8470-44F2C4F3A3BE.jpeg?resize=768%2C426 768w, https:\/\/i0.wp.com\/blogdalucianaoliveira.com.br\/blog\/wp-content\/uploads\/2020\/11\/7701322F-7BF6-4342-8470-44F2C4F3A3BE.jpeg?resize=541%2C300 541w\" sizes=\"auto, (max-width: 600px) 100vw, 600px\" \/><\/figure>\n\n\n\n<p>Como candidata a vereadora conheci muitos cidad\u00e3os e cidad\u00e3s com ampla consci\u00eancia pol\u00edtica, social e responsabilidade econ\u00f4mica. <\/p>\n\n\n\n<p>Muitas vezes pensei que certa pessoa deveria estar comigo na disputa.<\/p>\n\n\n\n<p>Por que n\u00e3o na corrida pela prefeitura? <\/p>\n\n\n\n<!--more-->\n\n\n\n<p>A mulher empres\u00e1ria, a professora, a mission\u00e1ria, a artes\u00e3 e a psic\u00f3loga, por bondade, preparo intelectual e car\u00e1ter, podiam ser candidatas a prefeita. <\/p>\n\n\n\n<p>O feirante jovem politizado e sens\u00edvel \u00e0s necessidades do povo, o ribeirinho engajado em causas sociais e ambientais, o agricultor consciente e o advogado evang\u00e9lico com vis\u00e3o inclusiva, podiam ser candidatos a prefeito.<\/p>\n\n\n\n<p>O jogo pol\u00edtico n\u00e3o alcan\u00e7a os de mais boa vontade e capacidade de qualificar uma gest\u00e3o. <\/p>\n\n\n\n<p>Os melhores n\u00e3o t\u00eam \u2018padrinho\u2019, dinheiro ou \u2018m\u00e1quina\u2019 de qualquer natureza para atingir grande parcela do eleitorado. <\/p>\n\n\n\n<p>O que restou da disputa no primeiro turno foi a escolha entre os piores. Entre um homem e uma mulher incapazes de fazer o que a cidade e povo precisam. <br>\nN\u00e3o vejo neles franqueza alguma no que prop\u00f5em. <\/p>\n\n\n\n<p>O \u00faltimo debate n\u00e3o foi sobre quem teve melhor, mais pior desempenho. <br>\nNada se aproveita de um debate modorrento por frases ensaiadas, vulgares e demag\u00f3gicas.<\/p>\n\n\n\n<p>Hildon Chaves quer se reeleger abusando da paci\u00eancia do eleitor com inverdades. <\/p>\n\n\n\n<p>Com cara de quem n\u00e3o dormia h\u00e1 uns tr\u00eas dias, acenou com promessas ao eleitorado evang\u00e9lico e voltou a insinuar que por sua gest\u00e3o, os viadutos foram conclu\u00eddos. <br>\nGaguejou, repetiu frases e soltou um dito popular duas vezes pra virar meme. Vai que cola de novo?!<\/p>\n\n\n\n<p>Cristiane Lopes estava com cara de bem dormida, mas sonhando alto em como prometer tudo e um pouco mais, sem dizer como.<br>\nEla ter se sa\u00eddo menos ruim que Hildon n\u00e3o a coloca em vantagem, mas em igualdade na t\u00e9cnica do canto da sereia.<\/p>\n\n\n\n<p>Sob encantamento chegamos na beira, na imin\u00eancia de sermos levados mais uma vez a mergulhar nas profundezas do rio da engana\u00e7\u00e3o. <\/p>\n\n\n\n<p>Fa\u00e7o anivers\u00e1rio neste domingo e n\u00e3o me dou de presente o menos ruim. <\/p>\n\n\n\n<p>N\u00e3o, sereia.<br>\nN\u00e3o serei um, nem outra. <\/p>\n\n\n\n<p>Serei o tapa na cara deles com meu desencanto, amor e coragem pra lutar.<\/p>\n","protected":false},"excerpt":{"rendered":"<p>Como candidata a vereadora conheci muitos cidad\u00e3os e cidad\u00e3s com ampla consci\u00eancia pol\u00edtica, social e responsabilidade econ\u00f4mica. Muitas vezes pensei que certa pessoa deveria estar comigo na disputa. Por que n\u00e3o na corrida pela prefeitura?<\/p>\n","protected":false},"author":1,"featured_media":0,"comment_status":"closed","ping_status":"open","sticky":false,"template":"","format":"standard","meta":{"_exactmetrics_skip_tracking":false,"_exactmetrics_sitenote_active":false,"_exactmetrics_sitenote_note":"","_exactmetrics_sitenote_category":0,"jetpack_post_was_ever_published":false,"_jetpack_newsletter_access":"","_jetpack_dont_email_post_to_subs":false,"_jetpack_newsletter_tier_id":0,"_jetpack_memberships_contains_paywalled_content":false,"_jetpack_memberships_contains_paid_content":false,"footnotes":"","jetpack_publicize_message":"","jetpack_publicize_feature_enabled":true,"jetpack_social_post_already_shared":true,"jetpack_social_options":{"image_generator_settings":{"template":"highway","enabled":false},"version":2}},"categories":[1],"tags":[],"class_list":["post-30112","post","type-post","status-publish","format-standard","hentry","category-notas"],"jetpack_publicize_connections":[],"jetpack_sharing_enabled":true,"jetpack_featured_media_url":"","jetpack_shortlink":"https:\/\/wp.me\/p7wKYW-7PG","jetpack-related-posts":[],"_links":{"self":[{"href":"http:\/\/blogdalucianaoliveira.com.br\/blog\/wp-json\/wp\/v2\/posts\/30112","targetHints":{"allow":["GET"]}}],"collection":[{"href":"http:\/\/blogdalucianaoliveira.com.br\/blog\/wp-json\/wp\/v2\/posts"}],"about":[{"href":"http:\/\/blogdalucianaoliveira.com.br\/blog\/wp-json\/wp\/v2\/types\/post"}],"author":[{"embeddable":true,"href":"http:\/\/blogdalucianaoliveira.com.br\/blog\/wp-json\/wp\/v2\/users\/1"}],"replies":[{"embeddable":true,"href":"http:\/\/blogdalucianaoliveira.com.br\/blog\/wp-json\/wp\/v2\/comments?post=30112"}],"version-history":[{"count":1,"href":"http:\/\/blogdalucianaoliveira.com.br\/blog\/wp-json\/wp\/v2\/posts\/30112\/revisions"}],"predecessor-version":[{"id":30114,"href":"http:\/\/blogdalucianaoliveira.com.br\/blog\/wp-json\/wp\/v2\/posts\/30112\/revisions\/30114"}],"wp:attachment":[{"href":"http:\/\/blogdalucianaoliveira.com.br\/blog\/wp-json\/wp\/v2\/media?parent=30112"}],"wp:term":[{"taxonomy":"category","embeddable":true,"href":"http:\/\/blogdalucianaoliveira.com.br\/blog\/wp-json\/wp\/v2\/categories?post=30112"},{"taxonomy":"post_tag","embeddable":true,"href":"http:\/\/blogdalucianaoliveira.com.br\/blog\/wp-json\/wp\/v2\/tags?post=30112"}],"curies":[{"name":"wp","href":"https:\/\/api.w.org\/{rel}","templated":true}]}}