{"id":30116,"date":"2020-11-29T22:26:27","date_gmt":"2020-11-30T02:26:27","guid":{"rendered":"http:\/\/blogdalucianaoliveira.com.br\/blog\/?p=30116"},"modified":"2020-11-29T22:26:38","modified_gmt":"2020-11-30T02:26:38","slug":"meu-dia","status":"publish","type":"post","link":"http:\/\/blogdalucianaoliveira.com.br\/blog\/2020\/11\/29\/meu-dia\/","title":{"rendered":"Meu dia"},"content":{"rendered":"\n<figure class=\"wp-block-image size-large\"><img loading=\"lazy\" decoding=\"async\" width=\"1080\" height=\"1080\" data-attachment-id=\"30117\" data-permalink=\"http:\/\/blogdalucianaoliveira.com.br\/blog\/2020\/11\/29\/meu-dia\/63bc5dbd-4622-4761-b0fa-41eedb90e696\/\" data-orig-file=\"https:\/\/i0.wp.com\/blogdalucianaoliveira.com.br\/blog\/wp-content\/uploads\/2020\/11\/63BC5DBD-4622-4761-B0FA-41EEDB90E696.png?fit=1080%2C1080\" data-orig-size=\"1080,1080\" data-comments-opened=\"0\" data-image-meta=\"{&quot;aperture&quot;:&quot;0&quot;,&quot;credit&quot;:&quot;&quot;,&quot;camera&quot;:&quot;&quot;,&quot;caption&quot;:&quot;&quot;,&quot;created_timestamp&quot;:&quot;0&quot;,&quot;copyright&quot;:&quot;&quot;,&quot;focal_length&quot;:&quot;0&quot;,&quot;iso&quot;:&quot;0&quot;,&quot;shutter_speed&quot;:&quot;0&quot;,&quot;title&quot;:&quot;&quot;,&quot;orientation&quot;:&quot;0&quot;}\" data-image-title=\"63BC5DBD-4622-4761-B0FA-41EEDB90E696\" data-image-description=\"\" data-image-caption=\"\" data-medium-file=\"https:\/\/i0.wp.com\/blogdalucianaoliveira.com.br\/blog\/wp-content\/uploads\/2020\/11\/63BC5DBD-4622-4761-B0FA-41EEDB90E696.png?fit=300%2C300\" data-large-file=\"https:\/\/i0.wp.com\/blogdalucianaoliveira.com.br\/blog\/wp-content\/uploads\/2020\/11\/63BC5DBD-4622-4761-B0FA-41EEDB90E696.png?fit=600%2C600\" src=\"https:\/\/i0.wp.com\/blogdalucianaoliveira.com.br\/blog\/wp-content\/uploads\/2020\/11\/63BC5DBD-4622-4761-B0FA-41EEDB90E696.png?fit=600%2C600\" alt=\"\" class=\"wp-image-30117\" srcset=\"https:\/\/i0.wp.com\/blogdalucianaoliveira.com.br\/blog\/wp-content\/uploads\/2020\/11\/63BC5DBD-4622-4761-B0FA-41EEDB90E696.png?w=1080 1080w, https:\/\/i0.wp.com\/blogdalucianaoliveira.com.br\/blog\/wp-content\/uploads\/2020\/11\/63BC5DBD-4622-4761-B0FA-41EEDB90E696.png?resize=300%2C300 300w, https:\/\/i0.wp.com\/blogdalucianaoliveira.com.br\/blog\/wp-content\/uploads\/2020\/11\/63BC5DBD-4622-4761-B0FA-41EEDB90E696.png?resize=1024%2C1024 1024w, https:\/\/i0.wp.com\/blogdalucianaoliveira.com.br\/blog\/wp-content\/uploads\/2020\/11\/63BC5DBD-4622-4761-B0FA-41EEDB90E696.png?resize=150%2C150 150w, https:\/\/i0.wp.com\/blogdalucianaoliveira.com.br\/blog\/wp-content\/uploads\/2020\/11\/63BC5DBD-4622-4761-B0FA-41EEDB90E696.png?resize=768%2C768 768w\" sizes=\"auto, (max-width: 600px) 100vw, 600px\" \/><\/figure>\n\n\n\n<p>Neste anivers\u00e1rio o mais marcante foi o peso do distanciamento das pessoas que gosto. <\/p>\n\n\n\n<p>Das que mesmo perto n\u00e3o posso abra\u00e7ar e das que nunca mais vou abra\u00e7ar.<\/p>\n\n\n\n<p>A emo\u00e7\u00e3o bateu forte\u2026<\/p>\n\n\n\n<!--more-->\n\n\n\n<p>Mas, com o amor e coragem da minha amiga Maria Luiza Silva, a \u2018Maria da Chave\u2019, celebro a vida que pedi pra ter, intensa e imensa no dar e receber enquanto o cora\u00e7\u00e3o bater. <\/p>\n\n\n\n<p>Ela se montou por horas na mais emblem\u00e1tica personagem da nossa cultura popular, s\u00f3 para de dar um abra\u00e7o. <\/p>\n\n\n\n<p>A todos e todas que me felicitaram neste anivers\u00e1rio, minha gratid\u00e3o.<\/p>\n\n\n\n<p>Me atravessaram com mensagens que s\u00f3 por hoje me fizeram esquecer as perdas e celebrar os ganhos.<\/p>\n\n\n\n<p>Pra viver bem temos que agradecer os bons momentos vividos com as pessoas que escolhemos ter por perto, ao vivo ou virtualmente. <\/p>\n\n\n\n<p>Hoje sou paz, alegria e gratid\u00e3o. <\/p>\n\n\n\n<p>\u2764\ufe0f<\/p>\n","protected":false},"excerpt":{"rendered":"<p>Neste anivers\u00e1rio o mais marcante foi o peso do distanciamento das pessoas que gosto. Das que mesmo perto n\u00e3o posso abra\u00e7ar e das que nunca mais vou abra\u00e7ar. A emo\u00e7\u00e3o bateu forte\u2026<\/p>\n","protected":false},"author":1,"featured_media":0,"comment_status":"closed","ping_status":"open","sticky":false,"template":"","format":"standard","meta":{"_exactmetrics_skip_tracking":false,"_exactmetrics_sitenote_active":false,"_exactmetrics_sitenote_note":"","_exactmetrics_sitenote_category":0,"jetpack_post_was_ever_published":false,"_jetpack_newsletter_access":"","_jetpack_dont_email_post_to_subs":false,"_jetpack_newsletter_tier_id":0,"_jetpack_memberships_contains_paywalled_content":false,"_jetpack_memberships_contains_paid_content":false,"footnotes":"","jetpack_publicize_message":"","jetpack_publicize_feature_enabled":true,"jetpack_social_post_already_shared":true,"jetpack_social_options":{"image_generator_settings":{"template":"highway","enabled":false},"version":2}},"categories":[1],"tags":[],"class_list":["post-30116","post","type-post","status-publish","format-standard","hentry","category-notas"],"jetpack_publicize_connections":[],"jetpack_sharing_enabled":true,"jetpack_featured_media_url":"","jetpack_shortlink":"https:\/\/wp.me\/p7wKYW-7PK","jetpack-related-posts":[],"_links":{"self":[{"href":"http:\/\/blogdalucianaoliveira.com.br\/blog\/wp-json\/wp\/v2\/posts\/30116","targetHints":{"allow":["GET"]}}],"collection":[{"href":"http:\/\/blogdalucianaoliveira.com.br\/blog\/wp-json\/wp\/v2\/posts"}],"about":[{"href":"http:\/\/blogdalucianaoliveira.com.br\/blog\/wp-json\/wp\/v2\/types\/post"}],"author":[{"embeddable":true,"href":"http:\/\/blogdalucianaoliveira.com.br\/blog\/wp-json\/wp\/v2\/users\/1"}],"replies":[{"embeddable":true,"href":"http:\/\/blogdalucianaoliveira.com.br\/blog\/wp-json\/wp\/v2\/comments?post=30116"}],"version-history":[{"count":1,"href":"http:\/\/blogdalucianaoliveira.com.br\/blog\/wp-json\/wp\/v2\/posts\/30116\/revisions"}],"predecessor-version":[{"id":30118,"href":"http:\/\/blogdalucianaoliveira.com.br\/blog\/wp-json\/wp\/v2\/posts\/30116\/revisions\/30118"}],"wp:attachment":[{"href":"http:\/\/blogdalucianaoliveira.com.br\/blog\/wp-json\/wp\/v2\/media?parent=30116"}],"wp:term":[{"taxonomy":"category","embeddable":true,"href":"http:\/\/blogdalucianaoliveira.com.br\/blog\/wp-json\/wp\/v2\/categories?post=30116"},{"taxonomy":"post_tag","embeddable":true,"href":"http:\/\/blogdalucianaoliveira.com.br\/blog\/wp-json\/wp\/v2\/tags?post=30116"}],"curies":[{"name":"wp","href":"https:\/\/api.w.org\/{rel}","templated":true}]}}