{"id":30125,"date":"2020-11-30T05:58:51","date_gmt":"2020-11-30T09:58:51","guid":{"rendered":"http:\/\/blogdalucianaoliveira.com.br\/blog\/?p=30125"},"modified":"2020-11-30T05:58:55","modified_gmt":"2020-11-30T09:58:55","slug":"eleicoes-municipais-derrotas-de-aliados-mostram-que-bolsonaro-nao-e-mais-o-mesmo-de-2018-diz-cientista-politico","status":"publish","type":"post","link":"http:\/\/blogdalucianaoliveira.com.br\/blog\/2020\/11\/30\/eleicoes-municipais-derrotas-de-aliados-mostram-que-bolsonaro-nao-e-mais-o-mesmo-de-2018-diz-cientista-politico\/","title":{"rendered":"Elei\u00e7\u00f5es municipais: derrotas de aliados mostram que \u2018Bolsonaro n\u00e3o \u00e9 mais o mesmo de 2018\u2019, diz cientista pol\u00edtico"},"content":{"rendered":"\n<figure class=\"wp-block-image size-large\"><img data-recalc-dims=\"1\" loading=\"lazy\" decoding=\"async\" width=\"600\" height=\"338\" data-attachment-id=\"30126\" data-permalink=\"http:\/\/blogdalucianaoliveira.com.br\/blog\/2020\/11\/30\/eleicoes-municipais-derrotas-de-aliados-mostram-que-bolsonaro-nao-e-mais-o-mesmo-de-2018-diz-cientista-politico\/image-18-13\/\" data-orig-file=\"https:\/\/i0.wp.com\/blogdalucianaoliveira.com.br\/blog\/wp-content\/uploads\/2020\/11\/image-18.jpeg?fit=800%2C450\" data-orig-size=\"800,450\" data-comments-opened=\"0\" data-image-meta=\"{&quot;aperture&quot;:&quot;0&quot;,&quot;credit&quot;:&quot;&quot;,&quot;camera&quot;:&quot;&quot;,&quot;caption&quot;:&quot;&quot;,&quot;created_timestamp&quot;:&quot;0&quot;,&quot;copyright&quot;:&quot;&quot;,&quot;focal_length&quot;:&quot;0&quot;,&quot;iso&quot;:&quot;0&quot;,&quot;shutter_speed&quot;:&quot;0&quot;,&quot;title&quot;:&quot;&quot;,&quot;orientation&quot;:&quot;0&quot;}\" data-image-title=\"image-18\" data-image-description=\"\" data-image-caption=\"\" data-medium-file=\"https:\/\/i0.wp.com\/blogdalucianaoliveira.com.br\/blog\/wp-content\/uploads\/2020\/11\/image-18.jpeg?fit=300%2C169\" data-large-file=\"https:\/\/i0.wp.com\/blogdalucianaoliveira.com.br\/blog\/wp-content\/uploads\/2020\/11\/image-18.jpeg?fit=600%2C338\" src=\"https:\/\/i0.wp.com\/blogdalucianaoliveira.com.br\/blog\/wp-content\/uploads\/2020\/11\/image-18.jpeg?resize=600%2C338\" alt=\"\" class=\"wp-image-30126\" srcset=\"https:\/\/i0.wp.com\/blogdalucianaoliveira.com.br\/blog\/wp-content\/uploads\/2020\/11\/image-18.jpeg?w=800 800w, https:\/\/i0.wp.com\/blogdalucianaoliveira.com.br\/blog\/wp-content\/uploads\/2020\/11\/image-18.jpeg?resize=300%2C169 300w, https:\/\/i0.wp.com\/blogdalucianaoliveira.com.br\/blog\/wp-content\/uploads\/2020\/11\/image-18.jpeg?resize=768%2C432 768w, https:\/\/i0.wp.com\/blogdalucianaoliveira.com.br\/blog\/wp-content\/uploads\/2020\/11\/image-18.jpeg?resize=533%2C300 533w\" sizes=\"auto, (max-width: 600px) 100vw, 600px\" \/><\/figure>\n\n\n\n<p>BBC &#8211; <strong>A elei\u00e7\u00e3o foi municipal, mas a ida dos brasileiros \u00e0s urnas em 2020 forneceu amostras de novos caminhos na pol\u00edtica nacional e at\u00e9 internacional.<\/strong><\/p>\n\n\n\n<p>A avalia\u00e7\u00e3o \u00e9 do cientista pol\u00edtico S\u00e9rgio Abranches, para quem &#8220;a pandemia de coronav\u00edrus cortou o processo de polariza\u00e7\u00e3o&#8221; que nos \u00faltimos anos levou \u00e0 ascens\u00e3o no mundo de pol\u00edticos que ajudam a dar nome ao seu livro mais recente,<em>&nbsp;O tempo dos governantes incidentais<\/em>.&nbsp;<\/p>\n\n\n\n<p>O presidente Jair Bolsonaro \u00e9 um destes pol\u00edticos que aposta na polariza\u00e7\u00e3o \u2014 uma orienta\u00e7\u00e3o que, segundo Abranches, pode estar datada. Para o analista, a derrota de candidatos que o presidente apoiou nas elei\u00e7\u00f5es municipais indica que seu f\u00f4lego para uma poss\u00edvel candidatura \u00e0 reelei\u00e7\u00e3o em 2022 ficou mais fraco.&nbsp;<\/p>\n\n\n\n<p>&#8220;O eleitorado indica que est\u00e1 procurando governantes mais est\u00e1veis, mais respons\u00e1veis, experientes e certamente que d\u00e3o valor \u00e0 ci\u00eancia e respeitam a doen\u00e7a (a covid-19). E a rejei\u00e7\u00e3o ao Bolsonaro est\u00e1 muito associada a isso, a resposta dele \u00e0 doen\u00e7a&#8221;, diz o cientista pol\u00edtico, autor tamb\u00e9m de\u00a0<em>Presidencialismo de coaliz\u00e3o &#8211; Ra\u00edzes e evolu\u00e7\u00e3o do modelo pol\u00edtico brasileiro<\/em>\u00a0e\u00a0<em>A era do imprevisto<\/em>, entre outros.<\/p>\n\n\n\n<p>&#8220;Continuaremos lutando no ano que vem com a pandemia e com a crise econ\u00f4mica. \u00c9 um cen\u00e1rio muito adverso \u00e0 polariza\u00e7\u00e3o e \u00e0s op\u00e7\u00f5es da extrema direita.&#8221;<\/p>\n\n\n\n<p>Na contram\u00e3o da polariza\u00e7\u00e3o, o analista destaca o &#8220;ensaio&#8221; em Fortaleza de uma frente ampla que uniu diferentes partidos e lideran\u00e7as pol\u00edticas na elei\u00e7\u00e3o municipal e que poder\u00e1 ser reproduzida com movimentos semelhantes em 2022.&nbsp;<\/p>\n\n\n\n<p>Particularmente no campo da esquerda, Abranches aponta para o fracasso do PT nas elei\u00e7\u00f5es municipais deste ano e destaca a ascens\u00e3o do PSOL e Guilherme Boulos em S\u00e3o Paulo \u2014 que teve uma esp\u00e9cie de derrota vitoriosa, na avalia\u00e7\u00e3o de Abranches.&nbsp;<\/p>\n\n\n\n<p>Confira os principais trechos da entrevista.<\/p>\n\n\n\n<p><strong>BBC News Brasil &#8211; Algum resultado das elei\u00e7\u00f5es municipais serve com uma esp\u00e9cie de term\u00f4metro para a pol\u00edtica nacional, para o que pode acontecer na elei\u00e7\u00e3o presidencial de 2022, por exemplo?<\/strong><\/p>\n\n\n\n<p><strong>S\u00e9rgio Abranches &#8211;<\/strong>&nbsp;Um caso importante \u00e9 o de Fortaleza, em que se ensaiou uma frente ampla contra um candidato que era claramente bolsonarista (Capit\u00e3o Wagner, do PROS, teve apoio expresso de Bolsonaro). Ciro Gomes (PDT) e Tasso Jereissati (PSDB) se juntaram ao Jos\u00e9 Sarto (PDT, candidato eleito), que teve tamb\u00e9m apoio do PT, PSDB, entre outros.<\/p>\n\n\n\n<p>Ali\u00e1s, os dois candidatos com mais cara de Bolsonaro, que melhor representavam as posi\u00e7\u00f5es dele, em Fortaleza e em Bel\u00e9m do Par\u00e1 (onde Edmilson Rodrigues, do PSOL, derrotou o Delegado Federal Eguchi, do Patriota), perderam para a esquerda \u2014 com apoio de partidos do centro democr\u00e1tico. S\u00e3o situa\u00e7\u00f5es que j\u00e1 mostram uma mudan\u00e7a importante (na pol\u00edtica nacional).<\/p>\n\n\n\n<figure class=\"wp-block-image\"><img data-recalc-dims=\"1\" decoding=\"async\" src=\"https:\/\/i0.wp.com\/ichef.bbci.co.uk\/news\/640\/cpsprodpb\/2D12\/production\/_112283511_abranches.jpg?w=600&#038;ssl=1\" alt=\"S\u00e9rgio Abranches posa para foto\"\/><figcaption>Legenda da foto,&nbsp;Para o cientista pol\u00edtico S\u00e9rgio Abranches, elei\u00e7\u00e3o em Fortaleza foi &#8216;ensaio&#8217; de frente ampla contra o bolsonarismo<\/figcaption><\/figure>\n\n\n\n<p>Uma coisa \u00e9 a esquerda se unir de um lado, o centro de outro, a direita de outro. Isso faz blocos, n\u00e3o frentes. Agora, a frente ampla \u00e9 aquela que atravessa o campo pol\u00edtico-ideol\u00f3gico. Isso talvez se torne muito importante ao longo do ano que vem e no pr\u00f3ximo, na prepara\u00e7\u00e3o para as elei\u00e7\u00f5es de 2022.&nbsp;<\/p>\n\n\n\n<p>N\u00e3o \u00e9 que a gente voltou ao quadro pr\u00e9-2018; \u00e9 que a gente avan\u00e7ou para um quadro novo.&nbsp;<\/p>\n\n\n\n<p><strong>BBC News Brasil &#8211; Como j\u00e1 indicou o primeiro turno, a elei\u00e7\u00e3o municipal de 2020 se consolida como uma derrota para Bolsonaro?<\/strong><\/p>\n\n\n\n<p><strong>Abranches &#8211;<\/strong>&nbsp;Com certeza. O fato dele de repente ter come\u00e7ado a pedir votos muito no interior, muito nos grot\u00f5es, mostra a fraqueza dele.&nbsp;<\/p>\n\n\n\n<p>Fica muito evidente nas pesquisas Ibope e Datafolha que, em praticamente todas as capitais, a popularidade de Bolsonaro est\u00e1 caindo muito.&nbsp;<\/p>\n\n\n\n<p>Quando voc\u00ea v\u00ea a reprova\u00e7\u00e3o do presidente aumentando em todos os Estados, quando v\u00ea os candidatos que ele apoiou sendo derrotados fragorosamente, como foi com Crivella no Rio (Marcelo Crivella, derrotado no segundo turno por Eduardo Paes, do DEM) e Celso Russomanno em S\u00e3o Paulo (derrotado no primeiro turno), claramente v\u00ea um enfraquecimento.<\/p>\n\n\n\n<p>Bolsonaro j\u00e1 n\u00e3o \u00e9 mais o mesmo de 2018 e certamente em 2022 n\u00e3o consegue reproduzir o que fez em 2018.&nbsp;<\/p>\n\n\n\n<p>Outro aspecto (observado nesta elei\u00e7\u00e3o) \u00e9 que a rejei\u00e7\u00e3o ao PT continua muito forte.&nbsp;<\/p>\n\n\n\n<p><strong>BBC News Brasil &#8211; O PT tamb\u00e9m sai derrotado desta elei\u00e7\u00e3o?<\/strong><\/p>\n\n\n\n<p><strong>Abranches &#8211;&nbsp;<\/strong>Com toda a certeza o PT, Lula, Bolsonaro e seus seguidores foram os maiores derrotados nessa elei\u00e7\u00e3o.&nbsp;<\/p>\n\n\n\n<p>O PT tem que aprender a viver com novas lideran\u00e7as dentro dele, tem que permitir a ascens\u00e3o de novas lideran\u00e7as. N\u00e3o pode ficar preso eternamente ao Lula. E o pr\u00f3prio Lula tem que entender que o papel hist\u00f3rico dele mudou. Seu papel como presidente j\u00e1 se esgotou, e o papel hist\u00f3rico dele agora \u00e9 ajudar o PT a encontrar um caminho novo.&nbsp;<\/p>\n\n\n\n<p>Em S\u00e3o Paulo, com o desgaste do PT e o desempenho p\u00edfio de Tatto (Jilmar Tatto, candidato do PT \u00e0 capital paulista derrotado no primeiro turno, com menos de 9% dos votos), o PSOL passou a fazer o contraponto do PSDB \u00e0 esquerda. Na cidade de S\u00e3o Paulo, o PSOL ganhou uma enorme musculatura, fazendo a maior bancada da C\u00e2mara Municipal junto com o PSDB. \u00c9 surpreendente porque o PSOL nunca tinha concorrido de forma muito competitiva \u00e0 Prefeitura de S\u00e3o Paulo.&nbsp;<\/p>\n\n\n\n<figure class=\"wp-block-image\"><img data-recalc-dims=\"1\" decoding=\"async\" src=\"https:\/\/i0.wp.com\/ichef.bbci.co.uk\/news\/640\/cpsprodpb\/9F6F\/production\/_115551804_2012_2016_2020_candiatos-nc.png?w=600&#038;ssl=1\" alt=\"Gr\u00e1fico mostra prefeitos por partidos nas elei\u00e7\u00f5es municipais de 2020\"\/><figcaption>Legenda da foto,&nbsp;<\/figcaption><\/figure>\n","protected":false},"excerpt":{"rendered":"<p>BBC &#8211; A elei\u00e7\u00e3o foi municipal, mas a ida dos brasileiros \u00e0s urnas em 2020 forneceu amostras de novos caminhos na pol\u00edtica nacional e at\u00e9 internacional. A avalia\u00e7\u00e3o \u00e9 do cientista pol\u00edtico S\u00e9rgio Abranches, para quem &#8220;a pandemia de coronav\u00edrus cortou o processo de polariza\u00e7\u00e3o&#8221; que nos \u00faltimos anos levou \u00e0 ascens\u00e3o no mundo de&#8230;<a class=\"more-link\" href=\"http:\/\/blogdalucianaoliveira.com.br\/blog\/2020\/11\/30\/eleicoes-municipais-derrotas-de-aliados-mostram-que-bolsonaro-nao-e-mais-o-mesmo-de-2018-diz-cientista-politico\/\">Continue a leitura <span class=\"meta-nav\">&raquo;<\/span><\/a><\/p>\n","protected":false},"author":1,"featured_media":0,"comment_status":"closed","ping_status":"open","sticky":false,"template":"","format":"standard","meta":{"_exactmetrics_skip_tracking":false,"_exactmetrics_sitenote_active":false,"_exactmetrics_sitenote_note":"","_exactmetrics_sitenote_category":0,"jetpack_post_was_ever_published":false,"_jetpack_newsletter_access":"","_jetpack_dont_email_post_to_subs":false,"_jetpack_newsletter_tier_id":0,"_jetpack_memberships_contains_paywalled_content":false,"_jetpack_memberships_contains_paid_content":false,"footnotes":"","jetpack_publicize_message":"","jetpack_publicize_feature_enabled":true,"jetpack_social_post_already_shared":true,"jetpack_social_options":{"image_generator_settings":{"template":"highway","enabled":false},"version":2}},"categories":[1],"tags":[],"class_list":["post-30125","post","type-post","status-publish","format-standard","hentry","category-notas"],"jetpack_publicize_connections":[],"jetpack_sharing_enabled":true,"jetpack_featured_media_url":"","jetpack_shortlink":"https:\/\/wp.me\/p7wKYW-7PT","jetpack-related-posts":[],"_links":{"self":[{"href":"http:\/\/blogdalucianaoliveira.com.br\/blog\/wp-json\/wp\/v2\/posts\/30125","targetHints":{"allow":["GET"]}}],"collection":[{"href":"http:\/\/blogdalucianaoliveira.com.br\/blog\/wp-json\/wp\/v2\/posts"}],"about":[{"href":"http:\/\/blogdalucianaoliveira.com.br\/blog\/wp-json\/wp\/v2\/types\/post"}],"author":[{"embeddable":true,"href":"http:\/\/blogdalucianaoliveira.com.br\/blog\/wp-json\/wp\/v2\/users\/1"}],"replies":[{"embeddable":true,"href":"http:\/\/blogdalucianaoliveira.com.br\/blog\/wp-json\/wp\/v2\/comments?post=30125"}],"version-history":[{"count":1,"href":"http:\/\/blogdalucianaoliveira.com.br\/blog\/wp-json\/wp\/v2\/posts\/30125\/revisions"}],"predecessor-version":[{"id":30127,"href":"http:\/\/blogdalucianaoliveira.com.br\/blog\/wp-json\/wp\/v2\/posts\/30125\/revisions\/30127"}],"wp:attachment":[{"href":"http:\/\/blogdalucianaoliveira.com.br\/blog\/wp-json\/wp\/v2\/media?parent=30125"}],"wp:term":[{"taxonomy":"category","embeddable":true,"href":"http:\/\/blogdalucianaoliveira.com.br\/blog\/wp-json\/wp\/v2\/categories?post=30125"},{"taxonomy":"post_tag","embeddable":true,"href":"http:\/\/blogdalucianaoliveira.com.br\/blog\/wp-json\/wp\/v2\/tags?post=30125"}],"curies":[{"name":"wp","href":"https:\/\/api.w.org\/{rel}","templated":true}]}}