{"id":30130,"date":"2020-11-30T06:16:06","date_gmt":"2020-11-30T10:16:06","guid":{"rendered":"http:\/\/blogdalucianaoliveira.com.br\/blog\/?p=30130"},"modified":"2020-11-30T06:16:10","modified_gmt":"2020-11-30T10:16:10","slug":"abstencao-surpreende-chega-a-294-e-bate-recorde-de-nao-votantes","status":"publish","type":"post","link":"http:\/\/blogdalucianaoliveira.com.br\/blog\/2020\/11\/30\/abstencao-surpreende-chega-a-294-e-bate-recorde-de-nao-votantes\/","title":{"rendered":"Absten\u00e7\u00e3o surpreende, chega a 29,4% e bate recorde de n\u00e3o votantes"},"content":{"rendered":"\n<figure class=\"wp-block-image size-large\"><img data-recalc-dims=\"1\" loading=\"lazy\" decoding=\"async\" width=\"600\" height=\"380\" data-attachment-id=\"30131\" data-permalink=\"http:\/\/blogdalucianaoliveira.com.br\/blog\/2020\/11\/30\/abstencao-surpreende-chega-a-294-e-bate-recorde-de-nao-votantes\/946cfbc7-2017-48b5-8692-b4278a3e7bd6\/\" data-orig-file=\"https:\/\/i0.wp.com\/blogdalucianaoliveira.com.br\/blog\/wp-content\/uploads\/2020\/11\/946CFBC7-2017-48B5-8692-B4278A3E7BD6.jpeg?fit=818%2C518\" data-orig-size=\"818,518\" data-comments-opened=\"0\" data-image-meta=\"{&quot;aperture&quot;:&quot;0&quot;,&quot;credit&quot;:&quot;&quot;,&quot;camera&quot;:&quot;&quot;,&quot;caption&quot;:&quot;&quot;,&quot;created_timestamp&quot;:&quot;0&quot;,&quot;copyright&quot;:&quot;&quot;,&quot;focal_length&quot;:&quot;0&quot;,&quot;iso&quot;:&quot;0&quot;,&quot;shutter_speed&quot;:&quot;0&quot;,&quot;title&quot;:&quot;&quot;,&quot;orientation&quot;:&quot;1&quot;}\" data-image-title=\"946CFBC7-2017-48B5-8692-B4278A3E7BD6\" data-image-description=\"\" data-image-caption=\"\" data-medium-file=\"https:\/\/i0.wp.com\/blogdalucianaoliveira.com.br\/blog\/wp-content\/uploads\/2020\/11\/946CFBC7-2017-48B5-8692-B4278A3E7BD6.jpeg?fit=300%2C190\" data-large-file=\"https:\/\/i0.wp.com\/blogdalucianaoliveira.com.br\/blog\/wp-content\/uploads\/2020\/11\/946CFBC7-2017-48B5-8692-B4278A3E7BD6.jpeg?fit=600%2C380\" src=\"https:\/\/i0.wp.com\/blogdalucianaoliveira.com.br\/blog\/wp-content\/uploads\/2020\/11\/946CFBC7-2017-48B5-8692-B4278A3E7BD6.jpeg?resize=600%2C380\" alt=\"\" class=\"wp-image-30131\" srcset=\"https:\/\/i0.wp.com\/blogdalucianaoliveira.com.br\/blog\/wp-content\/uploads\/2020\/11\/946CFBC7-2017-48B5-8692-B4278A3E7BD6.jpeg?w=818 818w, https:\/\/i0.wp.com\/blogdalucianaoliveira.com.br\/blog\/wp-content\/uploads\/2020\/11\/946CFBC7-2017-48B5-8692-B4278A3E7BD6.jpeg?resize=300%2C190 300w, https:\/\/i0.wp.com\/blogdalucianaoliveira.com.br\/blog\/wp-content\/uploads\/2020\/11\/946CFBC7-2017-48B5-8692-B4278A3E7BD6.jpeg?resize=768%2C486 768w, https:\/\/i0.wp.com\/blogdalucianaoliveira.com.br\/blog\/wp-content\/uploads\/2020\/11\/946CFBC7-2017-48B5-8692-B4278A3E7BD6.jpeg?resize=474%2C300 474w\" sizes=\"auto, (max-width: 600px) 100vw, 600px\" \/><\/figure>\n\n\n\n<p>Correio Braziliense &#8211; Col\u00e9gios eleitorais importantes como S\u00e3o Paulo e Rio de Janeiro t\u00eam n\u00famero recorde de n\u00e3o votantes. Para Barroso, contudo, 70,5% de votantes significam, em meio \u00e0 pandemia, que &#8220;o copo est\u00e1 meio cheio&#8221;<\/p>\n\n\n\n<!--more-->\n\n\n\n<p>O\u00a0<a rel=\"noreferrer noopener\" href=\"https:\/\/www.correiobraziliense.com.br\/politica\/2020\/11\/4892105-abstencao-no-segundo-turno-foi-de-2947--afirmou-o-presidente-do-tse.html\" target=\"_blank\">n\u00famero de absten\u00e7\u00f5es no 2\u00ba turno das elei\u00e7\u00f5es municipais foi de 29,47%<\/a>. O presidente do Tribunal Superior Eleitoral (TSE), ministro Lu\u00eds Roberto Barroso, considerou a cifra alta, mas destacou que, em meio \u00e0 pandemia do novo coronav\u00edrus, 70,5% dos brasileiros foram \u00e0s urnas nas 57 cidades brasileiras que restavam para escolher um prefeito. Diante da conjuntura, Barroso considerou que \u201co copo est\u00e1 meio cheio\u201d. O n\u00famero de brasileiros que optaram por n\u00e3o ir \u00e0s urnas nas maiores cidades do pa\u00eds, por\u00e9m, \u00e9 maior do que a cifra geral. O Rio de Janeiro teve 35,45% de absten\u00e7\u00f5es, a maior de sua hist\u00f3ria, superando o n\u00famero de votos do vencedor, o prefeito eleito Eduardo Paes: 1,7 milh\u00e3o de cariocas deixaram de ir \u00e0s urnas, enquanto Paes recebeu 1,6 milh\u00e3o de votos. J\u00e1 em S\u00e3o Paulo (SP), o n\u00famero de n\u00e3o votantes foi de 30,8%. Especialistas apontam que os n\u00fameros v\u00eam crescendo a cada pleito.<\/p>\n\n\n\n<p>Questionado sobre o quadro geral, Barroso foi pragm\u00e1tico. Disse que n\u00e3o se deve \u201cvirar as costas para a realidade\u201d, e que o aumento \u00e9 \u201cineg\u00e1vel\u201d. \u201cPor\u00e9m, \u00e9 um aumento em meio a uma pandemia. Talvez, a maior crise de sa\u00fade p\u00fablica da nossa gera\u00e7\u00e3o. Desde a gripe espanhola n\u00e3o aparece nada parecido, em que muitas pessoas est\u00e3o compreensivelmente atemorizadas, em que h\u00e1 grupos de risco bem definidos. E, portanto, se considerarmos que, se conseguimos realizar uma elei\u00e7\u00e3o em uma pandemia, com mais de 70% de comparecimento, eu olharia para o copo meio cheio, e n\u00e3o para o meio vazio\u201d, avaliou.<\/p>\n\n\n\n<p>Enquanto o pa\u00eds acumula 172,8 mil mortos por covid-19 e mais de 6,3 milh\u00f5es de casos confirmados, o doutor em ci\u00eancia pol\u00edtica e professor do departamento de ci\u00eancias sociais da Pontif\u00edcia Universidade Cat\u00f3lica do Rio de Janeiro (PUC-Rio), Ricardo Ismael acredita que o cen\u00e1rio pand\u00eamico pode ter influenciado os eleitores. Principalmente, considerando o risco para quem tem mais de 60 anos e a n\u00e3o obrigatoriedade do voto para os acima de 70. Ainda assim, o estudioso alerta, o n\u00famero \u00e9 muito alto para ser justificado unicamente com a pandemia. \u201cEu acho que quando voc\u00ea olha para algumas cidades como Rio e S\u00e3o Paulo, antes da pandemia, j\u00e1 havia um crescimento do chamado n\u00e3o voto\u201d, apontou.<\/p>\n\n\n\n<h3 class=\"wp-block-heading\">Representatividade<\/h3>\n\n\n\n<p>O especialista destaca que, somados as absten\u00e7\u00f5es e votos brancos e nulos, tanto no Rio quanto em S\u00e3o Paulo, a porcentagem de candidatos aptos a votar que decidiram n\u00e3o escolher nenhum dos candidatos passa dos 40%. \u201cIsso n\u00e3o \u00e9 generalizado. Ocorre em algumas cidades, mas s\u00e3o as principais: Rio, S\u00e3o Paulo, Belo Horizonte e Porto Alegre\u201d, elencou. \u201cIsso mostra que o candidato vencedor vai come\u00e7ar a gest\u00e3o com um grupo que votou no advers\u00e1rio; e outro, que \u00e9 muito grande, que n\u00e3o votou nele e est\u00e1 desencantado com a pol\u00edtica, e ter\u00e1 de ser conquistado\u201d, apontou.<\/p>\n\n\n\n<p>O risco maior \u00e9 que a legitimidade democr\u00e1tica depende do comparecimento \u00e0s urnas por parte da popula\u00e7\u00e3o. \u201cNossa democracia est\u00e1 sendo questionada quando uma quantidade t\u00e3o grande n\u00e3o vota, n\u00e3o comparece, ou vota branco e nulo. E os prefeitos eleitos ter\u00e3o que se dirigir a esse p\u00fablico. No Rio de Janeiro, 47% n\u00e3o votaram em nenhum dos candidatos. Tinha muita gente que n\u00e3o gostava do Eduardo Paes ou do (Marcelo) Crivella. \u00c9 um grupo que simplesmente se afastou do processo (&#8230;) E n\u00e3o \u00e9 pouca gente. \u00c9 uma express\u00e3o grande do eleitorado. Tem muita gente que simplesmente se alienou\u201d, destacou o especialista.<\/p>\n\n\n\n<p>&#8220;Nossa democracia est\u00e1 sendo questionada quando uma quantidade t\u00e3o grande n\u00e3o vota, n\u00e3o comparece, ou vota branco e nulo. E os prefeitos eleitos ter\u00e3o que se dirigir a esse p\u00fablico\u201d<br>Ricardo Ismael, cientista pol\u00edtico<\/p>\n","protected":false},"excerpt":{"rendered":"<p>Correio Braziliense &#8211; Col\u00e9gios eleitorais importantes como S\u00e3o Paulo e Rio de Janeiro t\u00eam n\u00famero recorde de n\u00e3o votantes. Para Barroso, contudo, 70,5% de votantes significam, em meio \u00e0 pandemia, que &#8220;o copo est\u00e1 meio cheio&#8221;<\/p>\n","protected":false},"author":1,"featured_media":0,"comment_status":"closed","ping_status":"open","sticky":false,"template":"","format":"standard","meta":{"_exactmetrics_skip_tracking":false,"_exactmetrics_sitenote_active":false,"_exactmetrics_sitenote_note":"","_exactmetrics_sitenote_category":0,"jetpack_post_was_ever_published":false,"_jetpack_newsletter_access":"","_jetpack_dont_email_post_to_subs":false,"_jetpack_newsletter_tier_id":0,"_jetpack_memberships_contains_paywalled_content":false,"_jetpack_memberships_contains_paid_content":false,"footnotes":"","jetpack_publicize_message":"","jetpack_publicize_feature_enabled":true,"jetpack_social_post_already_shared":true,"jetpack_social_options":{"image_generator_settings":{"template":"highway","enabled":false},"version":2}},"categories":[1],"tags":[],"class_list":["post-30130","post","type-post","status-publish","format-standard","hentry","category-notas"],"jetpack_publicize_connections":[],"jetpack_sharing_enabled":true,"jetpack_featured_media_url":"","jetpack_shortlink":"https:\/\/wp.me\/p7wKYW-7PY","jetpack-related-posts":[],"_links":{"self":[{"href":"http:\/\/blogdalucianaoliveira.com.br\/blog\/wp-json\/wp\/v2\/posts\/30130","targetHints":{"allow":["GET"]}}],"collection":[{"href":"http:\/\/blogdalucianaoliveira.com.br\/blog\/wp-json\/wp\/v2\/posts"}],"about":[{"href":"http:\/\/blogdalucianaoliveira.com.br\/blog\/wp-json\/wp\/v2\/types\/post"}],"author":[{"embeddable":true,"href":"http:\/\/blogdalucianaoliveira.com.br\/blog\/wp-json\/wp\/v2\/users\/1"}],"replies":[{"embeddable":true,"href":"http:\/\/blogdalucianaoliveira.com.br\/blog\/wp-json\/wp\/v2\/comments?post=30130"}],"version-history":[{"count":1,"href":"http:\/\/blogdalucianaoliveira.com.br\/blog\/wp-json\/wp\/v2\/posts\/30130\/revisions"}],"predecessor-version":[{"id":30132,"href":"http:\/\/blogdalucianaoliveira.com.br\/blog\/wp-json\/wp\/v2\/posts\/30130\/revisions\/30132"}],"wp:attachment":[{"href":"http:\/\/blogdalucianaoliveira.com.br\/blog\/wp-json\/wp\/v2\/media?parent=30130"}],"wp:term":[{"taxonomy":"category","embeddable":true,"href":"http:\/\/blogdalucianaoliveira.com.br\/blog\/wp-json\/wp\/v2\/categories?post=30130"},{"taxonomy":"post_tag","embeddable":true,"href":"http:\/\/blogdalucianaoliveira.com.br\/blog\/wp-json\/wp\/v2\/tags?post=30130"}],"curies":[{"name":"wp","href":"https:\/\/api.w.org\/{rel}","templated":true}]}}