{"id":30133,"date":"2020-11-30T11:57:52","date_gmt":"2020-11-30T15:57:52","guid":{"rendered":"http:\/\/blogdalucianaoliveira.com.br\/blog\/?p=30133"},"modified":"2020-11-30T12:59:03","modified_gmt":"2020-11-30T16:59:03","slug":"as-urnas-falaram","status":"publish","type":"post","link":"http:\/\/blogdalucianaoliveira.com.br\/blog\/2020\/11\/30\/as-urnas-falaram\/","title":{"rendered":"As urnas falaram"},"content":{"rendered":"\n<figure class=\"wp-block-image size-large\"><img loading=\"lazy\" decoding=\"async\" width=\"1080\" height=\"1080\" data-attachment-id=\"30134\" data-permalink=\"http:\/\/blogdalucianaoliveira.com.br\/blog\/2020\/11\/30\/as-urnas-falaram\/88021b90-8668-4251-8ad6-0988b2c13e1f\/\" data-orig-file=\"https:\/\/i0.wp.com\/blogdalucianaoliveira.com.br\/blog\/wp-content\/uploads\/2020\/11\/88021B90-8668-4251-8AD6-0988B2C13E1F.png?fit=1080%2C1080\" data-orig-size=\"1080,1080\" data-comments-opened=\"0\" data-image-meta=\"{&quot;aperture&quot;:&quot;0&quot;,&quot;credit&quot;:&quot;&quot;,&quot;camera&quot;:&quot;&quot;,&quot;caption&quot;:&quot;&quot;,&quot;created_timestamp&quot;:&quot;0&quot;,&quot;copyright&quot;:&quot;&quot;,&quot;focal_length&quot;:&quot;0&quot;,&quot;iso&quot;:&quot;0&quot;,&quot;shutter_speed&quot;:&quot;0&quot;,&quot;title&quot;:&quot;&quot;,&quot;orientation&quot;:&quot;0&quot;}\" data-image-title=\"88021B90-8668-4251-8AD6-0988B2C13E1F\" data-image-description=\"\" data-image-caption=\"\" data-medium-file=\"https:\/\/i0.wp.com\/blogdalucianaoliveira.com.br\/blog\/wp-content\/uploads\/2020\/11\/88021B90-8668-4251-8AD6-0988B2C13E1F.png?fit=300%2C300\" data-large-file=\"https:\/\/i0.wp.com\/blogdalucianaoliveira.com.br\/blog\/wp-content\/uploads\/2020\/11\/88021B90-8668-4251-8AD6-0988B2C13E1F.png?fit=600%2C600\" src=\"https:\/\/i0.wp.com\/blogdalucianaoliveira.com.br\/blog\/wp-content\/uploads\/2020\/11\/88021B90-8668-4251-8AD6-0988B2C13E1F.png?fit=600%2C600\" alt=\"\" class=\"wp-image-30134\" srcset=\"https:\/\/i0.wp.com\/blogdalucianaoliveira.com.br\/blog\/wp-content\/uploads\/2020\/11\/88021B90-8668-4251-8AD6-0988B2C13E1F.png?w=1080 1080w, https:\/\/i0.wp.com\/blogdalucianaoliveira.com.br\/blog\/wp-content\/uploads\/2020\/11\/88021B90-8668-4251-8AD6-0988B2C13E1F.png?resize=300%2C300 300w, https:\/\/i0.wp.com\/blogdalucianaoliveira.com.br\/blog\/wp-content\/uploads\/2020\/11\/88021B90-8668-4251-8AD6-0988B2C13E1F.png?resize=1024%2C1024 1024w, https:\/\/i0.wp.com\/blogdalucianaoliveira.com.br\/blog\/wp-content\/uploads\/2020\/11\/88021B90-8668-4251-8AD6-0988B2C13E1F.png?resize=150%2C150 150w, https:\/\/i0.wp.com\/blogdalucianaoliveira.com.br\/blog\/wp-content\/uploads\/2020\/11\/88021B90-8668-4251-8AD6-0988B2C13E1F.png?resize=768%2C768 768w\" sizes=\"auto, (max-width: 600px) 100vw, 600px\" \/><\/figure>\n\n\n\n<p>Tor\u00e7o sinceramente para que Hildon Chaves cuide melhor da cidade. <\/p>\n\n\n\n<p>Est\u00e1 na cara que o povo n\u00e3o aprovou sua gest\u00e3o, apesar de reeleito.<\/p>\n\n\n\n<p>N\u00e3o me fale em reeleito pela maioria da popula\u00e7\u00e3o, por favor!<\/p>\n\n\n\n<!--more-->\n\n\n\n<p>A rejei\u00e7\u00e3o \u00e9 flagrante e absolutamente necess\u00e1ria para obrig\u00e1-lo a ouvir todos e todas. <\/p>\n\n\n\n<p>113.226 absten\u00e7\u00f5es; 11.353 votos nulos; 5.845 votos em branco = 130.442 eleitores  que n\u00e3o votaram no prefeito reeleito de Porto Velho com 109.992 votos. <\/p>\n\n\n\n<p>Uma diferen\u00e7a de 20.450 votos entre os que votaram pela reelei\u00e7\u00e3o e os que se abstiveram ou anularam ou votaram em branco.<\/p>\n\n\n\n<p>Se somarmos os votos da candidata 11 (92.615) essa diferen\u00e7a vai para 223.057 eleitores que n\u00e3o votaram no Hildon.<\/p>\n\n\n\n<p>Considerando que Porto Velho possui 333.031 eleitores aptos pra votar, o prefeito foi reeleito com apenas 33,03%  dos votos de seus eleitores, o que significa dizer que 67% dos eleitores de Porto Velho, n\u00e3o chancelaram esse segundo mandato.<\/p>\n\n\n\n<p>E significa tamb\u00e9m que a cobran\u00e7a vai ser pesada no pr\u00f3ximo mandato.<\/p>\n\n\n\n<p>\u201cDeus na frente\u201d mandou um sinal claro de recusa pra Cristiane e de insatisfa\u00e7\u00e3o pra ele.<\/p>\n","protected":false},"excerpt":{"rendered":"<p>Tor\u00e7o sinceramente para que Hildon Chaves cuide melhor da cidade. Est\u00e1 na cara que o povo n\u00e3o aprovou sua gest\u00e3o, apesar de reeleito. N\u00e3o me fale em reeleito pela maioria da popula\u00e7\u00e3o, por favor!<\/p>\n","protected":false},"author":1,"featured_media":0,"comment_status":"closed","ping_status":"open","sticky":false,"template":"","format":"standard","meta":{"_exactmetrics_skip_tracking":false,"_exactmetrics_sitenote_active":false,"_exactmetrics_sitenote_note":"","_exactmetrics_sitenote_category":0,"jetpack_post_was_ever_published":false,"_jetpack_newsletter_access":"","_jetpack_dont_email_post_to_subs":false,"_jetpack_newsletter_tier_id":0,"_jetpack_memberships_contains_paywalled_content":false,"_jetpack_memberships_contains_paid_content":false,"footnotes":"","jetpack_publicize_message":"","jetpack_publicize_feature_enabled":true,"jetpack_social_post_already_shared":true,"jetpack_social_options":{"image_generator_settings":{"template":"highway","enabled":false},"version":2}},"categories":[1],"tags":[],"class_list":["post-30133","post","type-post","status-publish","format-standard","hentry","category-notas"],"jetpack_publicize_connections":[],"jetpack_sharing_enabled":true,"jetpack_featured_media_url":"","jetpack_shortlink":"https:\/\/wp.me\/p7wKYW-7Q1","jetpack-related-posts":[],"_links":{"self":[{"href":"http:\/\/blogdalucianaoliveira.com.br\/blog\/wp-json\/wp\/v2\/posts\/30133","targetHints":{"allow":["GET"]}}],"collection":[{"href":"http:\/\/blogdalucianaoliveira.com.br\/blog\/wp-json\/wp\/v2\/posts"}],"about":[{"href":"http:\/\/blogdalucianaoliveira.com.br\/blog\/wp-json\/wp\/v2\/types\/post"}],"author":[{"embeddable":true,"href":"http:\/\/blogdalucianaoliveira.com.br\/blog\/wp-json\/wp\/v2\/users\/1"}],"replies":[{"embeddable":true,"href":"http:\/\/blogdalucianaoliveira.com.br\/blog\/wp-json\/wp\/v2\/comments?post=30133"}],"version-history":[{"count":2,"href":"http:\/\/blogdalucianaoliveira.com.br\/blog\/wp-json\/wp\/v2\/posts\/30133\/revisions"}],"predecessor-version":[{"id":30136,"href":"http:\/\/blogdalucianaoliveira.com.br\/blog\/wp-json\/wp\/v2\/posts\/30133\/revisions\/30136"}],"wp:attachment":[{"href":"http:\/\/blogdalucianaoliveira.com.br\/blog\/wp-json\/wp\/v2\/media?parent=30133"}],"wp:term":[{"taxonomy":"category","embeddable":true,"href":"http:\/\/blogdalucianaoliveira.com.br\/blog\/wp-json\/wp\/v2\/categories?post=30133"},{"taxonomy":"post_tag","embeddable":true,"href":"http:\/\/blogdalucianaoliveira.com.br\/blog\/wp-json\/wp\/v2\/tags?post=30133"}],"curies":[{"name":"wp","href":"https:\/\/api.w.org\/{rel}","templated":true}]}}