{"id":30142,"date":"2020-12-01T11:44:54","date_gmt":"2020-12-01T15:44:54","guid":{"rendered":"http:\/\/blogdalucianaoliveira.com.br\/blog\/?p=30142"},"modified":"2020-12-01T15:32:14","modified_gmt":"2020-12-01T19:32:14","slug":"ro-classe-politica-se-une-para-passar-a-boiada-no-quarto-estado-com-mais-desmatamento","status":"publish","type":"post","link":"http:\/\/blogdalucianaoliveira.com.br\/blog\/2020\/12\/01\/ro-classe-politica-se-une-para-passar-a-boiada-no-quarto-estado-com-mais-desmatamento\/","title":{"rendered":"RO: Classe pol\u00edtica se une para \u2018passar a boiada\u2019 no quarto estado com mais desmatamento"},"content":{"rendered":"\n<figure class=\"wp-block-image\"><img data-recalc-dims=\"1\" decoding=\"async\" src=\"https:\/\/i0.wp.com\/www.oeco.org.br\/wp-content\/uploads\/2020\/11\/Area-de-floresta-derrubada-e-queimada-e-vista-na-zona-rural-do-municipio-de-Apui-Amazona5.-Foto-Bruno-Kelly-Amazonia-Real..jpg?w=600&#038;ssl=1\" alt=\"\"\/><\/figure>\n\n\n\n<p><em><strong>Projeto de Lei ser\u00e1 debatido nesta quarta-feira, 02, em audi\u00eancia p\u00fablica sem refer\u00eancia \u00e0 participa\u00e7\u00e3o de organiza\u00e7\u00f5es n\u00e3o governamentais que atuam em defesa do meio ambiente e associa\u00e7\u00f5es ind\u00edgenas.<\/strong><\/em><\/p>\n\n\n\n<!--more-->\n\n\n\n<p>Por Luciana Oliveira<\/p>\n\n\n\n<p>A not\u00edcia que escandaliza o mundo esta semana \u00e9 a do aumento de 9,5% no desmatamento da Amaz\u00f4nia, a taxa mais alta desde 2008 e por culpa de a\u00e7\u00f5es e omiss\u00f5es do governo de Jair Bolsonaro.<\/p>\n\n\n\n<p>O corte raso da floresta atingiu\n11.088 km\u00b2 entre 1\u00ba de agosto de 2019 e 31 de julho deste ano. Isso supera em 2,8\nvezes a meta estabelecida pela Pol\u00edtica Nacional de Mudan\u00e7a do Clima que \u00e9 de\n3.925 km\u00b2.<\/p>\n\n\n\n<p>No ranking do Instituto Nacional de Pesquisas Espaciais (Inpe) o estado de Rond\u00f4nia aparece em quarto lugar com 1.259 km\u00b2 de floresta derrubada, o que d\u00e1 11,4% de participa\u00e7\u00e3o na destrui\u00e7\u00e3o do maior valioso bioma do planeta. Junto com o Par\u00e1, Mato Grosso e Amazonas, \u00e9 respons\u00e1vel por 87% do desmatamento medido pelo Prodes, sistema de monitoramento do INPE.<\/p>\n\n\n\n<p>Neste cen\u00e1rio devastador o governador Marcos Rocha (PSL) enviou \u00e0 Assembleia Legislativa o Projeto de Lei Complementar 080\/20 que altera os limites da Reserva Extrativista Jaci-Paran\u00e1 e do Parque Estadual de Guajar\u00e1-Mirim para regularizar invas\u00f5es.<\/p>\n\n\n\n<p>Os territ\u00f3rios ind\u00edgenas pr\u00f3ximos ser\u00e3o ainda mais afetados com a regulariza\u00e7\u00e3o da ocupa\u00e7\u00e3o irregular. <\/p>\n\n\n\n<p>O governo destaca na mensagem enviada aos deputados que a \u00e1rea \u201cencontra-se parcialmente ocupada por diversos grupos sociais, que atualmente desenvolvem no local atividades incompat\u00edveis com os objetivos da Unidade, a exemplo da cria\u00e7\u00e3o extensiva de gado para fins de comercializa\u00e7\u00e3o\u201d.<\/p>\n\n\n\n<p>Aprovado na Comiss\u00e3o de Constitui\u00e7\u00e3o de Justi\u00e7a e de Reda\u00e7\u00e3o, o PLC ser\u00e1 debatido nesta quarta-feira, 02, em audi\u00eancia p\u00fablica sem men\u00e7\u00e3o \u00e0 participa\u00e7\u00e3o de organiza\u00e7\u00f5es n\u00e3o governamentais que atuam em defesa do meio ambiente e associa\u00e7\u00f5es ind\u00edgenas.<\/p>\n\n\n\n<p>O convite que n\u00e3o teve ampla divulga\u00e7\u00e3o destaca presen\u00e7a do ICMbio, INCRA, Prefeituras, Minist\u00e9rio P\u00fablico Estadual, Minist\u00e9rio P\u00fablico Federal, Tribunal da Contas e Defensoria P\u00fablica.<\/p>\n\n\n\n<figure class=\"wp-block-image\"><img data-recalc-dims=\"1\" decoding=\"async\" src=\"https:\/\/i0.wp.com\/i.ytimg.com\/vi\/Hl1nO12NrF4\/maxresdefault.jpg?w=600&#038;ssl=1\" alt=\"\u00cdNDIO DO BURACO - Depoimento de Ivaneide Bandeira 3 - YouTube\"\/><\/figure>\n\n\n\n<p>\u201c\u00c9 um absurdo que em plena pandemia e com aumento de casos, a Assembleia Legislativa proponha uma audi\u00eancia p\u00fablica para reduzir os limites das reservas com o \u00fanico objetivo de premiar invasores\u201d, disse Ivaneide Bandeira da Associa\u00e7\u00e3o de Defesa Etnoambiental Kanind\u00e9.<\/p>\n\n\n\n<p>A audi\u00eancia acelera o andamento do projeto que ser\u00e1 analisado na Comiss\u00e3o de Meio Ambiente e Desenvolvimento Sustent\u00e1vel (CMADS), presidida pelo deputado Jean Oliveira (MDB), citado em reportagem da FOLHA do dia 20 de julho de 2020 como integrante de quadrilha que tentou grilar Unidade de Conserva\u00e7\u00e3o.<\/p>\n\n\n\n<p>Leia aqui:&nbsp;<a href=\"https:\/\/www1.folha.uol.com.br\/poder\/2020\/07\/deputado-grileiro-de-rondonia-cogitou-matar-procurador-aponta-pf.shtml\">https:\/\/www1.folha.uol.com.br\/poder\/2020\/07\/deputado-grileiro-de-rondonia-cogitou-matar-procurador-aponta-pf.shtml<\/a><\/p>\n\n\n\n<figure class=\"wp-block-image\"><img data-recalc-dims=\"1\" decoding=\"async\" src=\"https:\/\/i0.wp.com\/f.i.uol.com.br\/fotografia\/2019\/12\/05\/15755803575de972c5f0a77_1575580357_3x2_xl.jpg?w=600&#038;ssl=1\" alt=\"Deputado grileiro de Rond\u00f4nia cogitou matar procurador, aponta PF -  09\/07\/2020 - Poder - Folha\"\/><figcaption>Foto: Folha<\/figcaption><\/figure>\n\n\n\n<p><em>\u201c\u00c9 uma situa\u00e7\u00e3o esperada h\u00e1 anos e o governador Marcos Rocha teve coragem de encarar esse problema de frente. No entanto, a solu\u00e7\u00e3o precisa ser estudada\u201d, disse Jean Oliveira em mat\u00e9ria da assessoria distribu\u00edda \u00e0 imprensa local.<\/em><\/p>\n\n\n\n<p>Se aprovado, o PLC vai alterar os limites da Reserva Extrativista Jaci-Paran\u00e1 e do Parque Estadual de Guajar\u00e1-Mirim, al\u00e9m de criar o Parque Estadual Ilha das Flores, o Parque Estadual Abaitar\u00e1, a Reserva de Desenvolvimento Sustent\u00e1vel Bom Jardim, a Reserva de Desenvolvimento Sustent\u00e1vel Limoeiro, a Reserva de Desenvolvimento Sustent\u00e1vel Rio Machado e a Reserva de Fauna Pau D\u2019\u00d3leo, revogando o artigo 8-A da Lei Complementar n\u00b0 633, de 13 setembro de 2011, bem como a Lei n\u00b0 1.146, de 12 de dezembro de 2002.<\/p>\n\n\n\n<figure class=\"wp-block-image size-large\"><img loading=\"lazy\" decoding=\"async\" width=\"1170\" height=\"827\" data-attachment-id=\"30148\" data-permalink=\"http:\/\/blogdalucianaoliveira.com.br\/blog\/2020\/12\/01\/ro-classe-politica-se-une-para-passar-a-boiada-no-quarto-estado-com-mais-desmatamento\/97c9b9f4-fc92-469d-931e-473038293d4a\/\" data-orig-file=\"https:\/\/i0.wp.com\/blogdalucianaoliveira.com.br\/blog\/wp-content\/uploads\/2020\/12\/97C9B9F4-FC92-469D-931E-473038293D4A.jpeg?fit=1170%2C827\" data-orig-size=\"1170,827\" data-comments-opened=\"0\" data-image-meta=\"{&quot;aperture&quot;:&quot;0&quot;,&quot;credit&quot;:&quot;&quot;,&quot;camera&quot;:&quot;&quot;,&quot;caption&quot;:&quot;&quot;,&quot;created_timestamp&quot;:&quot;0&quot;,&quot;copyright&quot;:&quot;&quot;,&quot;focal_length&quot;:&quot;0&quot;,&quot;iso&quot;:&quot;0&quot;,&quot;shutter_speed&quot;:&quot;0&quot;,&quot;title&quot;:&quot;&quot;,&quot;orientation&quot;:&quot;0&quot;}\" data-image-title=\"97C9B9F4-FC92-469D-931E-473038293D4A\" data-image-description=\"\" data-image-caption=\"\" data-medium-file=\"https:\/\/i0.wp.com\/blogdalucianaoliveira.com.br\/blog\/wp-content\/uploads\/2020\/12\/97C9B9F4-FC92-469D-931E-473038293D4A.jpeg?fit=300%2C212\" data-large-file=\"https:\/\/i0.wp.com\/blogdalucianaoliveira.com.br\/blog\/wp-content\/uploads\/2020\/12\/97C9B9F4-FC92-469D-931E-473038293D4A.jpeg?fit=600%2C424\" src=\"https:\/\/i1.wp.com\/blogdalucianaoliveira.com.br\/blog\/wp-content\/uploads\/2020\/12\/97C9B9F4-FC92-469D-931E-473038293D4A.jpeg?fit=600%2C424\" alt=\"\" class=\"wp-image-30148\" srcset=\"https:\/\/i0.wp.com\/blogdalucianaoliveira.com.br\/blog\/wp-content\/uploads\/2020\/12\/97C9B9F4-FC92-469D-931E-473038293D4A.jpeg?w=1170 1170w, https:\/\/i0.wp.com\/blogdalucianaoliveira.com.br\/blog\/wp-content\/uploads\/2020\/12\/97C9B9F4-FC92-469D-931E-473038293D4A.jpeg?resize=300%2C212 300w, https:\/\/i0.wp.com\/blogdalucianaoliveira.com.br\/blog\/wp-content\/uploads\/2020\/12\/97C9B9F4-FC92-469D-931E-473038293D4A.jpeg?resize=1024%2C724 1024w, https:\/\/i0.wp.com\/blogdalucianaoliveira.com.br\/blog\/wp-content\/uploads\/2020\/12\/97C9B9F4-FC92-469D-931E-473038293D4A.jpeg?resize=768%2C543 768w, https:\/\/i0.wp.com\/blogdalucianaoliveira.com.br\/blog\/wp-content\/uploads\/2020\/12\/97C9B9F4-FC92-469D-931E-473038293D4A.jpeg?resize=424%2C300 424w\" sizes=\"auto, (max-width: 600px) 100vw, 600px\" \/><\/figure>\n\n\n\n<p><br><\/p>\n\n\n\n<figure class=\"wp-block-image size-large\"><img loading=\"lazy\" decoding=\"async\" width=\"1170\" height=\"827\" data-attachment-id=\"30149\" data-permalink=\"http:\/\/blogdalucianaoliveira.com.br\/blog\/2020\/12\/01\/ro-classe-politica-se-une-para-passar-a-boiada-no-quarto-estado-com-mais-desmatamento\/6389054f-2166-47b2-a994-5c7364db5647\/\" data-orig-file=\"https:\/\/i0.wp.com\/blogdalucianaoliveira.com.br\/blog\/wp-content\/uploads\/2020\/12\/6389054F-2166-47B2-A994-5C7364DB5647.jpeg?fit=1170%2C827\" data-orig-size=\"1170,827\" data-comments-opened=\"0\" data-image-meta=\"{&quot;aperture&quot;:&quot;0&quot;,&quot;credit&quot;:&quot;&quot;,&quot;camera&quot;:&quot;&quot;,&quot;caption&quot;:&quot;&quot;,&quot;created_timestamp&quot;:&quot;0&quot;,&quot;copyright&quot;:&quot;&quot;,&quot;focal_length&quot;:&quot;0&quot;,&quot;iso&quot;:&quot;0&quot;,&quot;shutter_speed&quot;:&quot;0&quot;,&quot;title&quot;:&quot;&quot;,&quot;orientation&quot;:&quot;0&quot;}\" data-image-title=\"6389054F-2166-47B2-A994-5C7364DB5647\" data-image-description=\"\" data-image-caption=\"\" data-medium-file=\"https:\/\/i0.wp.com\/blogdalucianaoliveira.com.br\/blog\/wp-content\/uploads\/2020\/12\/6389054F-2166-47B2-A994-5C7364DB5647.jpeg?fit=300%2C212\" data-large-file=\"https:\/\/i0.wp.com\/blogdalucianaoliveira.com.br\/blog\/wp-content\/uploads\/2020\/12\/6389054F-2166-47B2-A994-5C7364DB5647.jpeg?fit=600%2C424\" src=\"https:\/\/i2.wp.com\/blogdalucianaoliveira.com.br\/blog\/wp-content\/uploads\/2020\/12\/6389054F-2166-47B2-A994-5C7364DB5647.jpeg?fit=600%2C424\" alt=\"\" class=\"wp-image-30149\" srcset=\"https:\/\/i0.wp.com\/blogdalucianaoliveira.com.br\/blog\/wp-content\/uploads\/2020\/12\/6389054F-2166-47B2-A994-5C7364DB5647.jpeg?w=1170 1170w, https:\/\/i0.wp.com\/blogdalucianaoliveira.com.br\/blog\/wp-content\/uploads\/2020\/12\/6389054F-2166-47B2-A994-5C7364DB5647.jpeg?resize=300%2C212 300w, https:\/\/i0.wp.com\/blogdalucianaoliveira.com.br\/blog\/wp-content\/uploads\/2020\/12\/6389054F-2166-47B2-A994-5C7364DB5647.jpeg?resize=1024%2C724 1024w, https:\/\/i0.wp.com\/blogdalucianaoliveira.com.br\/blog\/wp-content\/uploads\/2020\/12\/6389054F-2166-47B2-A994-5C7364DB5647.jpeg?resize=768%2C543 768w, https:\/\/i0.wp.com\/blogdalucianaoliveira.com.br\/blog\/wp-content\/uploads\/2020\/12\/6389054F-2166-47B2-A994-5C7364DB5647.jpeg?resize=424%2C300 424w\" sizes=\"auto, (max-width: 600px) 100vw, 600px\" \/><\/figure>\n\n\n\n<p>O governador disse em v\u00eddeo repercutido pelo site Rondoniaovivo no \u00faltimo dia 07 de maio, que havia feito estudo com participa\u00e7\u00e3o de \u00f3rg\u00e3o ministerial e deixou claro que sua preocupa\u00e7\u00e3o \u00e9 com milhares de cabe\u00e7as de gado criadas ilegalmente nas unidades de conserva\u00e7\u00e3o.<\/p>\n\n\n\n<p>\u00c0 \u00e9poca, o <a href=\"https:\/\/blogdalucianaoliveira.com.br\/blog\/2020\/05\/09\/ministerio-publico-nega-participacao-em-estudo-do-governo-que-desafeta-area-de-reserva-para-gado\/\">Minist\u00e9rio<\/a> P\u00fablico do Estado negou participa\u00e7\u00e3o\nem estudo que altera limites das \u00e1reas constantemente invadidas.<\/p>\n\n\n\n<p><em>\u201cCONSIDERANDO a recente declara\u00e7\u00e3o do Governador do Estado de Rond\u00f4nia sobre o encaminhamento de Projeto de Lei sobre a desafeta\u00e7\u00e3o de consider\u00e1vel parte da RESEX Jaci-Paran\u00e1, o Minist\u00e9rio P\u00fablico do Estado de Rond\u00f4nia, atrav\u00e9s das Promotorias de Justi\u00e7a do Meio Ambiente, declara publicamente que n\u00e3o participou de eventuais estudos t\u00e9cnicos realizados pela SEDAM. Outrossim, os Promotores de Justi\u00e7a com atribui\u00e7\u00e3o na \u00e1rea de defesa do meio ambiente analisam as medidas a serem tomadas para evitar a desafeta\u00e7\u00e3o da unidade de conserva\u00e7\u00e3o\u201d, disse o MP em nota.<\/em><\/p>\n\n\n\n<p><br> \u201c\u00c9 a rendi\u00e7\u00e3o do estado ao crime organizado que grilou e desmatou imensa \u00e1rea de conserva\u00e7\u00e3o ambiental. Quando integrantes de movimento social que luta por reforma agr\u00e1ria ocupam \u00e1rea grilada, o governo os trata como invasores. Quando criadores de gado invadem Unidades de Conserva\u00e7\u00e3o, regularizadas, que t\u00eam interesse coletivo para prote\u00e7\u00e3o da biodiversidade, os trata como ocupantes\u201d, disse o fiscal ouvido pela reportagem que n\u00e3o quis ser identificado.<\/p>\n\n\n\n<p>A Comiss\u00e3o Pastoral da Terra chamou o projeto de ataque \u00e0s Unidades de Conserva\u00e7\u00e3o e repudiou a atitude do governo bolsonarista.<\/p>\n\n\n\n<p><em>&#8220;A proposta de redu\u00e7\u00e3o das \u00e1reas da RESEX Jacy-Paran\u00e1 em mais de 70% de sua \u00e1rea, o equivalente a 152 mil hectares, &nbsp;e da revers\u00e3o de limites do PAES Guajar\u00e1-Mirim, exp\u00f5e novamente a forma como o Estado negligencia seus instrumentos de gest\u00e3o territorial, neste caso o Zoneamento Socioecon\u00f4mico-Ecol\u00f3gico, favorecendo ocupa\u00e7\u00f5es irregulares por meio de incentivos governamentais que direcionam a produ\u00e7\u00e3o dos pequenos agricultores \u00e0s pr\u00e1ticas em desacordo com o bioma amaz\u00f4nico&#8221;, alertou a CPT em mat\u00e9ria.<br><\/em><br>veja tamb\u00e9m: <\/p>\n\n\n\n<figure class=\"wp-block-embed-youtube wp-block-embed is-type-video is-provider-youtube wp-embed-aspect-16-9 wp-has-aspect-ratio\"><div class=\"wp-block-embed__wrapper\">\n<div class=\"jetpack-video-wrapper\"><iframe loading=\"lazy\" title=\"Extrativistas s\u00e3o amea\u00e7ados por pecuaristas dentro da Resex Jaci-Paran\u00e1, em Rond\u00f4nia\" width=\"600\" height=\"338\" src=\"https:\/\/www.youtube.com\/embed\/syzAnJh9wAM?feature=oembed\" frameborder=\"0\" allow=\"accelerometer; autoplay; clipboard-write; encrypted-media; gyroscope; picture-in-picture; web-share\" referrerpolicy=\"strict-origin-when-cross-origin\" allowfullscreen><\/iframe><\/div>\n<\/div><\/figure>\n","protected":false},"excerpt":{"rendered":"<p>Projeto de Lei ser\u00e1 debatido nesta quarta-feira, 02, em audi\u00eancia p\u00fablica sem refer\u00eancia \u00e0 participa\u00e7\u00e3o de organiza\u00e7\u00f5es n\u00e3o governamentais que atuam em defesa do meio ambiente e associa\u00e7\u00f5es ind\u00edgenas.<\/p>\n","protected":false},"author":1,"featured_media":0,"comment_status":"closed","ping_status":"open","sticky":false,"template":"","format":"standard","meta":{"_exactmetrics_skip_tracking":false,"_exactmetrics_sitenote_active":false,"_exactmetrics_sitenote_note":"","_exactmetrics_sitenote_category":0,"jetpack_post_was_ever_published":false,"_jetpack_newsletter_access":"","_jetpack_dont_email_post_to_subs":false,"_jetpack_newsletter_tier_id":0,"_jetpack_memberships_contains_paywalled_content":false,"_jetpack_memberships_contains_paid_content":false,"footnotes":"","jetpack_publicize_message":"","jetpack_publicize_feature_enabled":true,"jetpack_social_post_already_shared":true,"jetpack_social_options":{"image_generator_settings":{"template":"highway","enabled":false},"version":2}},"categories":[1],"tags":[],"class_list":["post-30142","post","type-post","status-publish","format-standard","hentry","category-notas"],"jetpack_publicize_connections":[],"jetpack_sharing_enabled":true,"jetpack_featured_media_url":"","jetpack_shortlink":"https:\/\/wp.me\/p7wKYW-7Qa","jetpack-related-posts":[],"_links":{"self":[{"href":"http:\/\/blogdalucianaoliveira.com.br\/blog\/wp-json\/wp\/v2\/posts\/30142","targetHints":{"allow":["GET"]}}],"collection":[{"href":"http:\/\/blogdalucianaoliveira.com.br\/blog\/wp-json\/wp\/v2\/posts"}],"about":[{"href":"http:\/\/blogdalucianaoliveira.com.br\/blog\/wp-json\/wp\/v2\/types\/post"}],"author":[{"embeddable":true,"href":"http:\/\/blogdalucianaoliveira.com.br\/blog\/wp-json\/wp\/v2\/users\/1"}],"replies":[{"embeddable":true,"href":"http:\/\/blogdalucianaoliveira.com.br\/blog\/wp-json\/wp\/v2\/comments?post=30142"}],"version-history":[{"count":5,"href":"http:\/\/blogdalucianaoliveira.com.br\/blog\/wp-json\/wp\/v2\/posts\/30142\/revisions"}],"predecessor-version":[{"id":30154,"href":"http:\/\/blogdalucianaoliveira.com.br\/blog\/wp-json\/wp\/v2\/posts\/30142\/revisions\/30154"}],"wp:attachment":[{"href":"http:\/\/blogdalucianaoliveira.com.br\/blog\/wp-json\/wp\/v2\/media?parent=30142"}],"wp:term":[{"taxonomy":"category","embeddable":true,"href":"http:\/\/blogdalucianaoliveira.com.br\/blog\/wp-json\/wp\/v2\/categories?post=30142"},{"taxonomy":"post_tag","embeddable":true,"href":"http:\/\/blogdalucianaoliveira.com.br\/blog\/wp-json\/wp\/v2\/tags?post=30142"}],"curies":[{"name":"wp","href":"https:\/\/api.w.org\/{rel}","templated":true}]}}