{"id":30156,"date":"2020-12-02T07:44:52","date_gmt":"2020-12-02T11:44:52","guid":{"rendered":"http:\/\/blogdalucianaoliveira.com.br\/blog\/?p=30156"},"modified":"2020-12-02T07:58:30","modified_gmt":"2020-12-02T11:58:30","slug":"entidades-protestam-contra-regularizacao-de-invasao-em-unidades-de-conservacao","status":"publish","type":"post","link":"http:\/\/blogdalucianaoliveira.com.br\/blog\/2020\/12\/02\/entidades-protestam-contra-regularizacao-de-invasao-em-unidades-de-conservacao\/","title":{"rendered":"RO: Entidades protestam contra regulariza\u00e7\u00e3o de invas\u00f5es em Unidades de Conserva\u00e7\u00e3o"},"content":{"rendered":"\n<figure class=\"wp-block-image size-large\"><img data-recalc-dims=\"1\" loading=\"lazy\" decoding=\"async\" width=\"600\" height=\"400\" data-attachment-id=\"30157\" data-permalink=\"http:\/\/blogdalucianaoliveira.com.br\/blog\/2020\/12\/02\/entidades-protestam-contra-regularizacao-de-invasao-em-unidades-de-conservacao\/3342ca7f-9a31-42dd-96db-f9fba2dbcfed\/\" data-orig-file=\"https:\/\/i0.wp.com\/blogdalucianaoliveira.com.br\/blog\/wp-content\/uploads\/2020\/12\/3342CA7F-9A31-42DD-96DB-F9FBA2DBCFED.jpeg?fit=678%2C452\" data-orig-size=\"678,452\" data-comments-opened=\"0\" data-image-meta=\"{&quot;aperture&quot;:&quot;0&quot;,&quot;credit&quot;:&quot;&quot;,&quot;camera&quot;:&quot;&quot;,&quot;caption&quot;:&quot;&quot;,&quot;created_timestamp&quot;:&quot;0&quot;,&quot;copyright&quot;:&quot;&quot;,&quot;focal_length&quot;:&quot;0&quot;,&quot;iso&quot;:&quot;0&quot;,&quot;shutter_speed&quot;:&quot;0&quot;,&quot;title&quot;:&quot;&quot;,&quot;orientation&quot;:&quot;0&quot;}\" data-image-title=\"3342CA7F-9A31-42DD-96DB-F9FBA2DBCFED\" data-image-description=\"\" data-image-caption=\"\" data-medium-file=\"https:\/\/i0.wp.com\/blogdalucianaoliveira.com.br\/blog\/wp-content\/uploads\/2020\/12\/3342CA7F-9A31-42DD-96DB-F9FBA2DBCFED.jpeg?fit=300%2C200\" data-large-file=\"https:\/\/i0.wp.com\/blogdalucianaoliveira.com.br\/blog\/wp-content\/uploads\/2020\/12\/3342CA7F-9A31-42DD-96DB-F9FBA2DBCFED.jpeg?fit=600%2C400\" src=\"https:\/\/i0.wp.com\/blogdalucianaoliveira.com.br\/blog\/wp-content\/uploads\/2020\/12\/3342CA7F-9A31-42DD-96DB-F9FBA2DBCFED.jpeg?resize=600%2C400\" alt=\"\" class=\"wp-image-30157\" srcset=\"https:\/\/i0.wp.com\/blogdalucianaoliveira.com.br\/blog\/wp-content\/uploads\/2020\/12\/3342CA7F-9A31-42DD-96DB-F9FBA2DBCFED.jpeg?w=678 678w, https:\/\/i0.wp.com\/blogdalucianaoliveira.com.br\/blog\/wp-content\/uploads\/2020\/12\/3342CA7F-9A31-42DD-96DB-F9FBA2DBCFED.jpeg?resize=300%2C200 300w, https:\/\/i0.wp.com\/blogdalucianaoliveira.com.br\/blog\/wp-content\/uploads\/2020\/12\/3342CA7F-9A31-42DD-96DB-F9FBA2DBCFED.jpeg?resize=450%2C300 450w\" sizes=\"auto, (max-width: 600px) 100vw, 600px\" \/><\/figure>\n\n\n\n<p><em><br>\u201cEntregar essas \u00e1reas aos invasores \u00e9 premiar e legitimar a a\u00e7\u00e3o do crime organizado no Estado. \u00c9 assumir que o crime compensa e&nbsp;incentivar novas invas\u00f5es em outras&nbsp;unidades de conserva\u00e7\u00e3o.\u201d<\/em><\/p>\n\n\n\n<!--more-->\n\n\n\n<p><strong>Nota P\u00fablica &#8211; Nenhum hectare a menos!<br><\/strong><\/p>\n\n\n\n<p>A permanente amea\u00e7a do governo do Estado de Rond\u00f4nia e da Assembleia Legislativa \u00e0s \u00e1reas protegidas se volta agora para duas unidades de conserva\u00e7\u00e3o: Reserva Extrativista Jaci-Paran\u00e1 e Parque Estadual Guajar\u00e1- Mirim. Governador e deputados pretendem entregar as \u00e1reas p\u00fablicas, um bem do povo, a grileiros e desmatadores, por meio de projeto de lei que tramita com prioridade na Assembleia Legislativa e pode ser aprovado nos pr\u00f3ximos dias. O projeto do governador e dos deputados \u00e9 desmembrar cerca de 161.599 mil hectares dessas duas unidades de conserva\u00e7\u00e3o e entrega-los \u00e0 explora\u00e7\u00e3o, principalmente para a cria\u00e7\u00e3o de gado.<\/p>\n\n\n\n<p><br> As duas \u00e1reas t\u00eam sofrido invas\u00f5es crescentes nos \u00faltimos 20 anos. Seringueiros da RESEX foram expulsos com viol\u00eancia por jagun\u00e7os armados a servi\u00e7o dos grileiros. Entregar essas \u00e1reas aos invasores \u00e9 premiar e legitimar a a\u00e7\u00e3o do crime organizado no Estado. \u00c9 assumir que o crime compensa e incentivar novas invas\u00f5es em outras unidades de conserva\u00e7\u00e3o, a exemplo do que ocorre na RESEX Aquariquara e outras reservas na regi\u00e3o de Machadinho e Vale do Anari.<\/p>\n\n\n\n<p><br> A desafeta\u00e7\u00e3o dessas unidades impactam diretamente as Terras Indigenas Uru-eu-wau-wau, Karipuna, Igarap\u00e9 Lage, Igarap\u00e9 Ribeir\u00e3o, Karitiana e os povos que est\u00e3o em isolamento volunt\u00e1rio na regi\u00e3o que envolve as \u00e1reas protegidas, amea\u00e7ando a integridade f\u00edsica, cultural e territorial podendo levar a emin\u00eancia de um genoc\u00eddio de culturas milenares.<\/p>\n\n\n\n<p><br> Entendemos que as unidades de conserva\u00e7\u00e3o n\u00e3o s\u00e3o empecilho para o desenvolvimento e que, ao contr\u00e1rio, podem ser aliadas na gera\u00e7\u00e3o de emprego e renda, como por exemplo, na explora\u00e7\u00e3o sustent\u00e1vel da biodiversidade. O ataque a elas mostra ao Brasil e ao mundo que o estado n\u00e3o est\u00e1 preocupado em cuidar da Floresta Amaz\u00f4nica, nosso maior patrim\u00f4nio.<\/p>\n\n\n\n<p><br> As unidades de conserva\u00e7\u00e3o: Jaci-Paran\u00e1 e Guajar\u00e1-Mirim n\u00e3o podem perder nem um hectare e precisam ser recuperados em sua integridade, o que seria outra oportunidade de gera\u00e7\u00e3o de emprego e renda. O povo rondoniense n\u00e3o precisa de menos florestas. Precisa de mais. O uso das \u00e1reas p\u00fablicas para a cria\u00e7\u00e3o de gado beneficia apenas um pequeno grupo, al\u00e9m de ser crime previsto em lei.<\/p>\n\n\n\n<p><br> As justificativas de invas\u00f5es de \u00e1reas protegidas para desafet\u00e1-las utilizadas pelo PLC: no 80\/2020, s\u00f3 demonstra a incapacidade do Poder P\u00fablico de governar e gerir o territ\u00f3rio, deixando a merc\u00ea do crime organizado.<\/p>\n\n\n\n<p><br>Diante do exposto as entidades que assinam esta nota, exigem:<\/p>\n\n\n\n<ol class=\"wp-block-list\"><li>Aretiradadestamat\u00e9riadapautadopoderlegislativoestadual;<br><\/li><li>Retiradadosinvasoresdetodasas\u00e1reasprotegidas;<\/li><li>Recondu\u00e7\u00e3odascomunidadestradicionaisaosseusterrit\u00f3rios;<br> <\/li><li>Prote\u00e7\u00e3o, monitoramento e fiscaliza\u00e7\u00e3o das Terras Ind\u00edgenas e Unidades de Conserva\u00e7\u00e3o;<\/li><li>Que o gado seja apreendido, leiloado e os recursos sejam aplicados na recupera\u00e7\u00e3o das \u00e1reas degradadas;<\/li><li>Que o programa de reflorestamento do Estado priorize as referidas \u00e1reas para recomposi\u00e7\u00e3o florestal.<br> <br> Porto Velho-RO, 01\/12\/2020.<br> <br>Assinam:<br> Arquidiocese de Porto Velho<br> Associa\u00e7\u00e3o de Defesa Etnoambiental-KANIND\u00c9;<br> Conselho Indigenista Mission\u00e1rio\/CIMI-RO;<br> ONG Raiz Nativa;<br> SOS Amaz\u00f4nia;<br> Grupo de Pesquisa em Gest\u00e3o do Territ\u00f3rio e Geografia Agr\u00e1ria da Amaz\u00f4nia &#8211; GTGA\/UNIR;<br> Associa\u00e7\u00e3o do Povo Ind\u00edgena Karipuna-APOIKA; Associa\u00e7\u00e3o do Povo Ind\u00edgena Uru-eu-wau-wau\/Jupa\u00fa; WWF-Brasil;<br> Comit\u00ea Chico Mendes;<br> Revista Xapuri;<br> Associa\u00e7\u00e3o das Guerreiras Ind\u00edgenas de Rond\u00f4nia \u2013 AGIR; ECOPOR\u00c9-A\u00e7\u00e3o Ecol\u00f3gica Guapor\u00e9;<br> Funda\u00e7\u00e3o Luterana de Diaconia;<br> Conselho de Miss\u00e3o Entre os Povos Ind\u00edgenas;<br> Centro de Apoio e Promo\u00e7\u00e3o da Agroecologia-FDL;<br> OPIROMA;<br> Associa\u00e7\u00e3o Alternativa Terra Azul;<br> Organiza\u00e7\u00e3o Indigenista da Diocese de Guajar\u00e1-Mirim;<br> Pastoral Indigenista da Diocese de Ji-Paran\u00e1;<br> IMV \u2013 Instituto Madeira Vivo;<br> Associa\u00e7\u00e3o Metareila do Povo Ind\u00edgena Suru\u00ed;<br> Conselho Nacional das Popula\u00e7\u00f5es das Popula\u00e7\u00f5es Extrativistas-CNS; Diret\u00f3rio Regional do Partido dos Trabalhadores-PT;<br> Rede Sustentabilidade;<br> Juventude Ind\u00edgena de Rond\u00f4nia;<br> FETAGRO &#8211; Federa\u00e7\u00e3o de Trabalhadores na Agricultura de Rond\u00f4nia<br> <\/li><\/ol>\n\n\n\n<p>Via Campesina RO;<br>\nIP\u00ca; &#8211; Instituto de Pesquisa Ecologica<br>\nFVA &#8211; Funda\u00e7\u00e3o Vit\u00f3ria Amaz\u00f4nica<br>\nGrupo de Pesquisa Geografia, Natureza e Territorialidades Humanas \u2013 GENTEH-UNIR<br>\nForum de Defesa dos Direitos da Crian\u00e7a e do Adolescente de Rond\u00f4nia &#8211; F\u00f3rum DCA\/RO<br>\nECAM \u2013 Equipe de Conserva\u00e7\u00e3o da Amaz\u00f4nia<br>\nGrupo de Pesquisa em Geografia e Ordenamento do Territ\u00f3rio na Amaz\u00f4nia &#8211; GOT- Amaz\u00f4nia\/UNIR<br>\nCUT-RO<br>\nInstituto Territ\u00f3rios e Justi\u00e7a<br>\nCentro de Defesa da Crian\u00e7a e do Adolescente Maria dos Anjos \u2013CDCA\/RO Associa\u00e7\u00e3o Cultural Pirarucu do Madeira<br>\nInstituto India Amaz\u00f4nia<br>\nConselho Nacional de Seringueiros \u2013 CNS<br>\nColetivo Mura de Porto Velho<br>\nComit\u00ea Defensor da Vida Amaz\u00f4nica na Bacia do Rio Madeira<br>\nOrganiza\u00e7\u00e3o Ind\u00edgena Oro Wari<br>\nPastoral Indigenista da Diocese de Guajar\u00e1 Mirim<br>\nPastoral Indigenista da Diocese de Ji-Paran\u00e1<br>\nCRB \u2013 Regional Porto Velho Ir. Carmelita<\/p>\n\n\n\n<p><\/p>\n\n\n\n<p><\/p>\n","protected":false},"excerpt":{"rendered":"<p>\u201cEntregar essas \u00e1reas aos invasores \u00e9 premiar e legitimar a a\u00e7\u00e3o do crime organizado no Estado. \u00c9 assumir que o crime compensa e&nbsp;incentivar novas invas\u00f5es em outras&nbsp;unidades de conserva\u00e7\u00e3o.\u201d<\/p>\n","protected":false},"author":1,"featured_media":0,"comment_status":"closed","ping_status":"open","sticky":false,"template":"","format":"standard","meta":{"_exactmetrics_skip_tracking":false,"_exactmetrics_sitenote_active":false,"_exactmetrics_sitenote_note":"","_exactmetrics_sitenote_category":0,"jetpack_post_was_ever_published":false,"_jetpack_newsletter_access":"","_jetpack_dont_email_post_to_subs":false,"_jetpack_newsletter_tier_id":0,"_jetpack_memberships_contains_paywalled_content":false,"_jetpack_memberships_contains_paid_content":false,"footnotes":"","jetpack_publicize_message":"","jetpack_publicize_feature_enabled":true,"jetpack_social_post_already_shared":true,"jetpack_social_options":{"image_generator_settings":{"template":"highway","enabled":false},"version":2}},"categories":[1],"tags":[],"class_list":["post-30156","post","type-post","status-publish","format-standard","hentry","category-notas"],"jetpack_publicize_connections":[],"jetpack_sharing_enabled":true,"jetpack_featured_media_url":"","jetpack_shortlink":"https:\/\/wp.me\/p7wKYW-7Qo","jetpack-related-posts":[],"_links":{"self":[{"href":"http:\/\/blogdalucianaoliveira.com.br\/blog\/wp-json\/wp\/v2\/posts\/30156","targetHints":{"allow":["GET"]}}],"collection":[{"href":"http:\/\/blogdalucianaoliveira.com.br\/blog\/wp-json\/wp\/v2\/posts"}],"about":[{"href":"http:\/\/blogdalucianaoliveira.com.br\/blog\/wp-json\/wp\/v2\/types\/post"}],"author":[{"embeddable":true,"href":"http:\/\/blogdalucianaoliveira.com.br\/blog\/wp-json\/wp\/v2\/users\/1"}],"replies":[{"embeddable":true,"href":"http:\/\/blogdalucianaoliveira.com.br\/blog\/wp-json\/wp\/v2\/comments?post=30156"}],"version-history":[{"count":4,"href":"http:\/\/blogdalucianaoliveira.com.br\/blog\/wp-json\/wp\/v2\/posts\/30156\/revisions"}],"predecessor-version":[{"id":30162,"href":"http:\/\/blogdalucianaoliveira.com.br\/blog\/wp-json\/wp\/v2\/posts\/30156\/revisions\/30162"}],"wp:attachment":[{"href":"http:\/\/blogdalucianaoliveira.com.br\/blog\/wp-json\/wp\/v2\/media?parent=30156"}],"wp:term":[{"taxonomy":"category","embeddable":true,"href":"http:\/\/blogdalucianaoliveira.com.br\/blog\/wp-json\/wp\/v2\/categories?post=30156"},{"taxonomy":"post_tag","embeddable":true,"href":"http:\/\/blogdalucianaoliveira.com.br\/blog\/wp-json\/wp\/v2\/tags?post=30156"}],"curies":[{"name":"wp","href":"https:\/\/api.w.org\/{rel}","templated":true}]}}