{"id":30163,"date":"2020-12-02T15:27:08","date_gmt":"2020-12-02T19:27:08","guid":{"rendered":"http:\/\/blogdalucianaoliveira.com.br\/blog\/?p=30163"},"modified":"2020-12-02T15:52:44","modified_gmt":"2020-12-02T19:52:44","slug":"ro-entidades-denunciam-governo-em-audiencia-publica-para-regularizar-invasoes-em-unidades-de-conservacao","status":"publish","type":"post","link":"http:\/\/blogdalucianaoliveira.com.br\/blog\/2020\/12\/02\/ro-entidades-denunciam-governo-em-audiencia-publica-para-regularizar-invasoes-em-unidades-de-conservacao\/","title":{"rendered":"RO: Entidades denunciam governo em audi\u00eancia p\u00fablica para regularizar invas\u00f5es em Unidades de Conserva\u00e7\u00e3o"},"content":{"rendered":"\n<figure class=\"wp-block-image size-large\"><img loading=\"lazy\" decoding=\"async\" width=\"1169\" height=\"828\" data-attachment-id=\"30164\" data-permalink=\"http:\/\/blogdalucianaoliveira.com.br\/blog\/2020\/12\/02\/ro-entidades-denunciam-governo-em-audiencia-publica-para-regularizar-invasoes-em-unidades-de-conservacao\/866c4523-bee5-467c-9df3-189fb2f86859\/\" data-orig-file=\"https:\/\/i0.wp.com\/blogdalucianaoliveira.com.br\/blog\/wp-content\/uploads\/2020\/12\/866C4523-BEE5-467C-9DF3-189FB2F86859.jpeg?fit=1169%2C828\" data-orig-size=\"1169,828\" data-comments-opened=\"0\" data-image-meta=\"{&quot;aperture&quot;:&quot;1.8&quot;,&quot;credit&quot;:&quot;&quot;,&quot;camera&quot;:&quot;iPhone XR&quot;,&quot;caption&quot;:&quot;&quot;,&quot;created_timestamp&quot;:&quot;1606904563&quot;,&quot;copyright&quot;:&quot;&quot;,&quot;focal_length&quot;:&quot;4.25&quot;,&quot;iso&quot;:&quot;160&quot;,&quot;shutter_speed&quot;:&quot;0.025&quot;,&quot;title&quot;:&quot;&quot;,&quot;orientation&quot;:&quot;1&quot;}\" data-image-title=\"866C4523-BEE5-467C-9DF3-189FB2F86859\" data-image-description=\"\" data-image-caption=\"\" data-medium-file=\"https:\/\/i0.wp.com\/blogdalucianaoliveira.com.br\/blog\/wp-content\/uploads\/2020\/12\/866C4523-BEE5-467C-9DF3-189FB2F86859.jpeg?fit=300%2C212\" data-large-file=\"https:\/\/i0.wp.com\/blogdalucianaoliveira.com.br\/blog\/wp-content\/uploads\/2020\/12\/866C4523-BEE5-467C-9DF3-189FB2F86859.jpeg?fit=600%2C425\" src=\"https:\/\/i0.wp.com\/blogdalucianaoliveira.com.br\/blog\/wp-content\/uploads\/2020\/12\/866C4523-BEE5-467C-9DF3-189FB2F86859.jpeg?fit=600%2C425\" alt=\"\" class=\"wp-image-30164\" srcset=\"https:\/\/i0.wp.com\/blogdalucianaoliveira.com.br\/blog\/wp-content\/uploads\/2020\/12\/866C4523-BEE5-467C-9DF3-189FB2F86859.jpeg?w=1169 1169w, https:\/\/i0.wp.com\/blogdalucianaoliveira.com.br\/blog\/wp-content\/uploads\/2020\/12\/866C4523-BEE5-467C-9DF3-189FB2F86859.jpeg?resize=300%2C212 300w, https:\/\/i0.wp.com\/blogdalucianaoliveira.com.br\/blog\/wp-content\/uploads\/2020\/12\/866C4523-BEE5-467C-9DF3-189FB2F86859.jpeg?resize=1024%2C725 1024w, https:\/\/i0.wp.com\/blogdalucianaoliveira.com.br\/blog\/wp-content\/uploads\/2020\/12\/866C4523-BEE5-467C-9DF3-189FB2F86859.jpeg?resize=768%2C544 768w, https:\/\/i0.wp.com\/blogdalucianaoliveira.com.br\/blog\/wp-content\/uploads\/2020\/12\/866C4523-BEE5-467C-9DF3-189FB2F86859.jpeg?resize=424%2C300 424w\" sizes=\"auto, (max-width: 600px) 100vw, 600px\" \/><\/figure>\n\n\n\n<p>A audi\u00eancia foi convocada \u00e0s pressas, com pandemia em alta no estado e sem ampla divulga\u00e7\u00e3o.<\/p>\n\n\n\n<p>Mais de cem pessoas acompanharam o debate do lado de fora da Assembleia Legislativa e pela internet, porque o espa\u00e7o interno teve a capacidade de p\u00fablico reduzida.&nbsp;<br><\/p>\n\n\n\n<!--more-->\n\n\n\n<figure class=\"wp-block-image size-large\"><img data-recalc-dims=\"1\" loading=\"lazy\" decoding=\"async\" width=\"600\" height=\"450\" data-attachment-id=\"30171\" data-permalink=\"http:\/\/blogdalucianaoliveira.com.br\/blog\/2020\/12\/02\/ro-entidades-denunciam-governo-em-audiencia-publica-para-regularizar-invasoes-em-unidades-de-conservacao\/695a6947-4297-4ed1-a7e5-715589792091\/\" data-orig-file=\"https:\/\/i0.wp.com\/blogdalucianaoliveira.com.br\/blog\/wp-content\/uploads\/2020\/12\/695A6947-4297-4ED1-A7E5-715589792091.jpeg?fit=640%2C480\" data-orig-size=\"640,480\" data-comments-opened=\"0\" data-image-meta=\"{&quot;aperture&quot;:&quot;0&quot;,&quot;credit&quot;:&quot;&quot;,&quot;camera&quot;:&quot;&quot;,&quot;caption&quot;:&quot;&quot;,&quot;created_timestamp&quot;:&quot;0&quot;,&quot;copyright&quot;:&quot;&quot;,&quot;focal_length&quot;:&quot;0&quot;,&quot;iso&quot;:&quot;0&quot;,&quot;shutter_speed&quot;:&quot;0&quot;,&quot;title&quot;:&quot;&quot;,&quot;orientation&quot;:&quot;1&quot;}\" data-image-title=\"695A6947-4297-4ED1-A7E5-715589792091\" data-image-description=\"\" data-image-caption=\"\" data-medium-file=\"https:\/\/i0.wp.com\/blogdalucianaoliveira.com.br\/blog\/wp-content\/uploads\/2020\/12\/695A6947-4297-4ED1-A7E5-715589792091.jpeg?fit=300%2C225\" data-large-file=\"https:\/\/i0.wp.com\/blogdalucianaoliveira.com.br\/blog\/wp-content\/uploads\/2020\/12\/695A6947-4297-4ED1-A7E5-715589792091.jpeg?fit=600%2C450\" src=\"https:\/\/i0.wp.com\/blogdalucianaoliveira.com.br\/blog\/wp-content\/uploads\/2020\/12\/695A6947-4297-4ED1-A7E5-715589792091.jpeg?resize=600%2C450\" alt=\"\" class=\"wp-image-30171\" srcset=\"https:\/\/i0.wp.com\/blogdalucianaoliveira.com.br\/blog\/wp-content\/uploads\/2020\/12\/695A6947-4297-4ED1-A7E5-715589792091.jpeg?w=640 640w, https:\/\/i0.wp.com\/blogdalucianaoliveira.com.br\/blog\/wp-content\/uploads\/2020\/12\/695A6947-4297-4ED1-A7E5-715589792091.jpeg?resize=300%2C225 300w, https:\/\/i0.wp.com\/blogdalucianaoliveira.com.br\/blog\/wp-content\/uploads\/2020\/12\/695A6947-4297-4ED1-A7E5-715589792091.jpeg?resize=400%2C300 400w\" sizes=\"auto, (max-width: 600px) 100vw, 600px\" \/><\/figure>\n\n\n\n<figure class=\"wp-block-image size-large\"><img data-recalc-dims=\"1\" loading=\"lazy\" decoding=\"async\" width=\"600\" height=\"450\" data-attachment-id=\"30173\" data-permalink=\"http:\/\/blogdalucianaoliveira.com.br\/blog\/2020\/12\/02\/ro-entidades-denunciam-governo-em-audiencia-publica-para-regularizar-invasoes-em-unidades-de-conservacao\/8183ed19-d1c2-4eca-86b7-30f133971aa8\/\" data-orig-file=\"https:\/\/i0.wp.com\/blogdalucianaoliveira.com.br\/blog\/wp-content\/uploads\/2020\/12\/8183ED19-D1C2-4ECA-86B7-30F133971AA8.jpeg?fit=640%2C480\" data-orig-size=\"640,480\" data-comments-opened=\"0\" data-image-meta=\"{&quot;aperture&quot;:&quot;0&quot;,&quot;credit&quot;:&quot;&quot;,&quot;camera&quot;:&quot;&quot;,&quot;caption&quot;:&quot;&quot;,&quot;created_timestamp&quot;:&quot;0&quot;,&quot;copyright&quot;:&quot;&quot;,&quot;focal_length&quot;:&quot;0&quot;,&quot;iso&quot;:&quot;0&quot;,&quot;shutter_speed&quot;:&quot;0&quot;,&quot;title&quot;:&quot;&quot;,&quot;orientation&quot;:&quot;1&quot;}\" data-image-title=\"8183ED19-D1C2-4ECA-86B7-30F133971AA8\" data-image-description=\"\" data-image-caption=\"\" data-medium-file=\"https:\/\/i0.wp.com\/blogdalucianaoliveira.com.br\/blog\/wp-content\/uploads\/2020\/12\/8183ED19-D1C2-4ECA-86B7-30F133971AA8.jpeg?fit=300%2C225\" data-large-file=\"https:\/\/i0.wp.com\/blogdalucianaoliveira.com.br\/blog\/wp-content\/uploads\/2020\/12\/8183ED19-D1C2-4ECA-86B7-30F133971AA8.jpeg?fit=600%2C450\" src=\"https:\/\/i0.wp.com\/blogdalucianaoliveira.com.br\/blog\/wp-content\/uploads\/2020\/12\/8183ED19-D1C2-4ECA-86B7-30F133971AA8.jpeg?resize=600%2C450\" alt=\"\" class=\"wp-image-30173\" srcset=\"https:\/\/i0.wp.com\/blogdalucianaoliveira.com.br\/blog\/wp-content\/uploads\/2020\/12\/8183ED19-D1C2-4ECA-86B7-30F133971AA8.jpeg?w=640 640w, https:\/\/i0.wp.com\/blogdalucianaoliveira.com.br\/blog\/wp-content\/uploads\/2020\/12\/8183ED19-D1C2-4ECA-86B7-30F133971AA8.jpeg?resize=300%2C225 300w, https:\/\/i0.wp.com\/blogdalucianaoliveira.com.br\/blog\/wp-content\/uploads\/2020\/12\/8183ED19-D1C2-4ECA-86B7-30F133971AA8.jpeg?resize=400%2C300 400w\" sizes=\"auto, (max-width: 600px) 100vw, 600px\" \/><\/figure>\n\n\n\n<figure class=\"wp-block-image size-large\"><img data-recalc-dims=\"1\" loading=\"lazy\" decoding=\"async\" width=\"600\" height=\"450\" data-attachment-id=\"30172\" data-permalink=\"http:\/\/blogdalucianaoliveira.com.br\/blog\/2020\/12\/02\/ro-entidades-denunciam-governo-em-audiencia-publica-para-regularizar-invasoes-em-unidades-de-conservacao\/874e862a-abcc-4f9a-b9c8-1893378c7293\/\" data-orig-file=\"https:\/\/i0.wp.com\/blogdalucianaoliveira.com.br\/blog\/wp-content\/uploads\/2020\/12\/874E862A-ABCC-4F9A-B9C8-1893378C7293.jpeg?fit=640%2C480\" data-orig-size=\"640,480\" data-comments-opened=\"0\" data-image-meta=\"{&quot;aperture&quot;:&quot;0&quot;,&quot;credit&quot;:&quot;&quot;,&quot;camera&quot;:&quot;&quot;,&quot;caption&quot;:&quot;&quot;,&quot;created_timestamp&quot;:&quot;0&quot;,&quot;copyright&quot;:&quot;&quot;,&quot;focal_length&quot;:&quot;0&quot;,&quot;iso&quot;:&quot;0&quot;,&quot;shutter_speed&quot;:&quot;0&quot;,&quot;title&quot;:&quot;&quot;,&quot;orientation&quot;:&quot;1&quot;}\" data-image-title=\"874E862A-ABCC-4F9A-B9C8-1893378C7293\" data-image-description=\"\" data-image-caption=\"\" data-medium-file=\"https:\/\/i0.wp.com\/blogdalucianaoliveira.com.br\/blog\/wp-content\/uploads\/2020\/12\/874E862A-ABCC-4F9A-B9C8-1893378C7293.jpeg?fit=300%2C225\" data-large-file=\"https:\/\/i0.wp.com\/blogdalucianaoliveira.com.br\/blog\/wp-content\/uploads\/2020\/12\/874E862A-ABCC-4F9A-B9C8-1893378C7293.jpeg?fit=600%2C450\" src=\"https:\/\/i0.wp.com\/blogdalucianaoliveira.com.br\/blog\/wp-content\/uploads\/2020\/12\/874E862A-ABCC-4F9A-B9C8-1893378C7293.jpeg?resize=600%2C450\" alt=\"\" class=\"wp-image-30172\" srcset=\"https:\/\/i0.wp.com\/blogdalucianaoliveira.com.br\/blog\/wp-content\/uploads\/2020\/12\/874E862A-ABCC-4F9A-B9C8-1893378C7293.jpeg?w=640 640w, https:\/\/i0.wp.com\/blogdalucianaoliveira.com.br\/blog\/wp-content\/uploads\/2020\/12\/874E862A-ABCC-4F9A-B9C8-1893378C7293.jpeg?resize=300%2C225 300w, https:\/\/i0.wp.com\/blogdalucianaoliveira.com.br\/blog\/wp-content\/uploads\/2020\/12\/874E862A-ABCC-4F9A-B9C8-1893378C7293.jpeg?resize=400%2C300 400w\" sizes=\"auto, (max-width: 600px) 100vw, 600px\" \/><\/figure>\n\n\n\n<p><br><\/p>\n\n\n\n<p>O secret\u00e1rio de Meio Ambiente do estado n\u00e3o foi.<\/p>\n\n\n\n<p>Os \u00f3rg\u00e3os ministeriais e de fiscaliza\u00e7\u00e3o ambiental foram convidados, mas n\u00e3o enviaram representantes.<\/p>\n\n\n\n<p>Os pesquisadores da Universidade Federal de Rond\u00f4nia que estudam as \u00e1reas a serem alteradas e reduzidas, tamb\u00e9m n\u00e3o estavam l\u00e1.\u00a0<\/p>\n\n\n\n<p>Quem foi previamente avisado se articulou para trazer um grande grupo de apoio que se aglomerou nas ruas e no estacionamento da Casa de Leis.&nbsp;<br><\/p>\n\n\n\n<figure class=\"wp-block-image size-large\"><img data-recalc-dims=\"1\" loading=\"lazy\" decoding=\"async\" width=\"600\" height=\"450\" data-attachment-id=\"30174\" data-permalink=\"http:\/\/blogdalucianaoliveira.com.br\/blog\/2020\/12\/02\/ro-entidades-denunciam-governo-em-audiencia-publica-para-regularizar-invasoes-em-unidades-de-conservacao\/ccea5654-b580-4eed-9e6e-eff3ea511df2\/\" data-orig-file=\"https:\/\/i0.wp.com\/blogdalucianaoliveira.com.br\/blog\/wp-content\/uploads\/2020\/12\/CCEA5654-B580-4EED-9E6E-EFF3EA511DF2.jpeg?fit=640%2C480\" data-orig-size=\"640,480\" data-comments-opened=\"0\" data-image-meta=\"{&quot;aperture&quot;:&quot;0&quot;,&quot;credit&quot;:&quot;&quot;,&quot;camera&quot;:&quot;&quot;,&quot;caption&quot;:&quot;&quot;,&quot;created_timestamp&quot;:&quot;0&quot;,&quot;copyright&quot;:&quot;&quot;,&quot;focal_length&quot;:&quot;0&quot;,&quot;iso&quot;:&quot;0&quot;,&quot;shutter_speed&quot;:&quot;0&quot;,&quot;title&quot;:&quot;&quot;,&quot;orientation&quot;:&quot;1&quot;}\" data-image-title=\"CCEA5654-B580-4EED-9E6E-EFF3EA511DF2\" data-image-description=\"\" data-image-caption=\"\" data-medium-file=\"https:\/\/i0.wp.com\/blogdalucianaoliveira.com.br\/blog\/wp-content\/uploads\/2020\/12\/CCEA5654-B580-4EED-9E6E-EFF3EA511DF2.jpeg?fit=300%2C225\" data-large-file=\"https:\/\/i0.wp.com\/blogdalucianaoliveira.com.br\/blog\/wp-content\/uploads\/2020\/12\/CCEA5654-B580-4EED-9E6E-EFF3EA511DF2.jpeg?fit=600%2C450\" src=\"https:\/\/i0.wp.com\/blogdalucianaoliveira.com.br\/blog\/wp-content\/uploads\/2020\/12\/CCEA5654-B580-4EED-9E6E-EFF3EA511DF2.jpeg?resize=600%2C450\" alt=\"\" class=\"wp-image-30174\" srcset=\"https:\/\/i0.wp.com\/blogdalucianaoliveira.com.br\/blog\/wp-content\/uploads\/2020\/12\/CCEA5654-B580-4EED-9E6E-EFF3EA511DF2.jpeg?w=640 640w, https:\/\/i0.wp.com\/blogdalucianaoliveira.com.br\/blog\/wp-content\/uploads\/2020\/12\/CCEA5654-B580-4EED-9E6E-EFF3EA511DF2.jpeg?resize=300%2C225 300w, https:\/\/i0.wp.com\/blogdalucianaoliveira.com.br\/blog\/wp-content\/uploads\/2020\/12\/CCEA5654-B580-4EED-9E6E-EFF3EA511DF2.jpeg?resize=400%2C300 400w\" sizes=\"auto, (max-width: 600px) 100vw, 600px\" \/><\/figure>\n\n\n\n<p>O PLC 080\/20 foi proposto pelo governador Marcos Rocha e altera os limites da Reserva Extrativista Jaci-Paran\u00e1 e do Parque Estadual de Guajar\u00e1-Mirim para regularizar invas\u00f5es.<\/p>\n\n\n\n<p>S\u00e3o terras p\u00fablicas imensas que foram invadidas e que hoje abrigam mais de 120 mil cabe\u00e7as de gado.&nbsp;<\/p>\n\n\n\n<p>Para \u2018passar a boiada\u2019 o governo quer desafetar mais de 160 mil hectares dessas duas Unidades de Conserva\u00e7\u00e3o.&nbsp;<\/p>\n\n\n\n<p>Em nota p\u00fablica cerca de 50 entidades repudiaram o projeto.&nbsp;<\/p>\n\n\n\n<p>\u201cEntregar essas \u00e1reas aos invasores \u00e9 premiar e legitimar a a\u00e7\u00e3o do crime organizado no Estado. \u00c9 assumir que o crime compensa e incentivar novas invas\u00f5es em outras unidades de conserva\u00e7\u00e3o, a exemplo do que ocorre na RESEX Aquariquara e outras reservas na regi\u00e3o de Machadinho e Vale do Anari\u201d, declararam.&nbsp;<\/p>\n\n\n\n<p>O CIMI, a CPT, ativistas, associa\u00e7\u00f5es de seringueiros e a ONG Kanind\u00e9 tiveram espa\u00e7o de fala pedido no local.&nbsp;<br>Muitos alegaram n\u00e3o terem sido convidados. <\/p>\n\n\n\n<figure class=\"wp-block-embed-youtube wp-block-embed is-type-video is-provider-youtube wp-embed-aspect-16-9 wp-has-aspect-ratio\"><div class=\"wp-block-embed__wrapper\">\n<div class=\"jetpack-video-wrapper\"><span class=\"embed-youtube\" style=\"text-align:center; display: block;\"><iframe loading=\"lazy\" class=\"youtube-player\" width=\"600\" height=\"338\" src=\"https:\/\/www.youtube.com\/embed\/cdZpHzL5S0s?version=3&#038;rel=1&#038;showsearch=0&#038;showinfo=1&#038;iv_load_policy=1&#038;fs=1&#038;hl=pt-BR&#038;autohide=2&#038;wmode=transparent\" allowfullscreen=\"true\" style=\"border:0;\" sandbox=\"allow-scripts allow-same-origin allow-popups allow-presentation allow-popups-to-escape-sandbox\"><\/iframe><\/span><\/div>\n<\/div><\/figure>\n\n\n\n<p>A aus\u00eancia de estudos t\u00e9cnicos e consultas \u00e0s popula\u00e7\u00f5es atingidas, foi cr\u00edtica compartilhada por quem \u00e9 a favor ou contra o PLC 080. <\/p>\n\n\n\n<figure class=\"wp-block-embed-youtube wp-block-embed is-type-video is-provider-youtube wp-embed-aspect-16-9 wp-has-aspect-ratio\"><div class=\"wp-block-embed__wrapper\">\n<div class=\"jetpack-video-wrapper\"><span class=\"embed-youtube\" style=\"text-align:center; display: block;\"><iframe loading=\"lazy\" class=\"youtube-player\" width=\"600\" height=\"338\" src=\"https:\/\/www.youtube.com\/embed\/mNbW9ih_eU0?version=3&#038;rel=1&#038;showsearch=0&#038;showinfo=1&#038;iv_load_policy=1&#038;fs=1&#038;hl=pt-BR&#038;autohide=2&#038;wmode=transparent\" allowfullscreen=\"true\" style=\"border:0;\" sandbox=\"allow-scripts allow-same-origin allow-popups allow-presentation allow-popups-to-escape-sandbox\"><\/iframe><\/span><\/div>\n<\/div><\/figure>\n\n\n\n<p>Quem conduziu a audi\u00eancia foi o deputado Jean Oliveira, presidente da Comiss\u00e3o de Meio Ambiente que foi citado em reportagem da FOLHA do dia 20 de julho de 2020 como integrante de quadrilha que tentou grilar Unidade de Conserva\u00e7\u00e3o.<\/p>\n\n\n\n<p>Leia aqui:&nbsp;<a href=\"https:\/\/www1.folha.uol.com.br\/poder\/2020\/07\/deputado-grileiro-de-rondonia-cogitou-matar-procurador-aponta-pf.shtml\">https:\/\/www1.folha.uol.com.br\/poder\/2020\/07\/deputado-grileiro-de-rondonia-cogitou-matar-procurador-aponta-pf.shtml<\/a><\/p>\n\n\n\n<p>Quem defende o desenvolvimento sustent\u00e1vel e a prote\u00e7\u00e3o \u00e0s \u00e1reas de conserva\u00e7\u00e3o, pede: <\/p>\n\n\n\n<ol class=\"wp-block-list\"><li>A retirada desta mat\u00e9ria da pauta do poder legislativo estadual;<\/li><li>Retirada dos invasores de todas as \u00e1reas protegidas;<\/li><li>Recondu\u00e7\u00e3o das comunidades tradicionais aos seus territ\u00f3rios;<\/li><li>Prote\u00e7\u00e3o, monitoramento e fiscaliza\u00e7\u00e3o das Terras Ind\u00edgenas e Unidades de Conserva\u00e7\u00e3o;<\/li><li>Que o gado seja apreendido, leiloado e os recursos sejam aplicados na recupera\u00e7\u00e3o das \u00e1reas degradadas;<\/li><li>Que o programa de reflorestamento do Estado priorize as referidas \u00e1reas para recomposi\u00e7\u00e3o florestal.<br><\/li><\/ol>\n","protected":false},"excerpt":{"rendered":"<p>A audi\u00eancia foi convocada \u00e0s pressas, com pandemia em alta no estado e sem ampla divulga\u00e7\u00e3o. Mais de cem pessoas acompanharam o debate do lado de fora da Assembleia Legislativa e pela internet, porque o espa\u00e7o interno teve a capacidade de p\u00fablico reduzida.&nbsp;<\/p>\n","protected":false},"author":1,"featured_media":0,"comment_status":"closed","ping_status":"open","sticky":false,"template":"","format":"standard","meta":{"_exactmetrics_skip_tracking":false,"_exactmetrics_sitenote_active":false,"_exactmetrics_sitenote_note":"","_exactmetrics_sitenote_category":0,"jetpack_post_was_ever_published":false,"_jetpack_newsletter_access":"","_jetpack_dont_email_post_to_subs":false,"_jetpack_newsletter_tier_id":0,"_jetpack_memberships_contains_paywalled_content":false,"_jetpack_memberships_contains_paid_content":false,"footnotes":"","jetpack_publicize_message":"","jetpack_publicize_feature_enabled":true,"jetpack_social_post_already_shared":true,"jetpack_social_options":{"image_generator_settings":{"template":"highway","enabled":false},"version":2}},"categories":[1],"tags":[],"class_list":["post-30163","post","type-post","status-publish","format-standard","hentry","category-notas"],"jetpack_publicize_connections":[],"jetpack_sharing_enabled":true,"jetpack_featured_media_url":"","jetpack_shortlink":"https:\/\/wp.me\/p7wKYW-7Qv","jetpack-related-posts":[],"_links":{"self":[{"href":"http:\/\/blogdalucianaoliveira.com.br\/blog\/wp-json\/wp\/v2\/posts\/30163","targetHints":{"allow":["GET"]}}],"collection":[{"href":"http:\/\/blogdalucianaoliveira.com.br\/blog\/wp-json\/wp\/v2\/posts"}],"about":[{"href":"http:\/\/blogdalucianaoliveira.com.br\/blog\/wp-json\/wp\/v2\/types\/post"}],"author":[{"embeddable":true,"href":"http:\/\/blogdalucianaoliveira.com.br\/blog\/wp-json\/wp\/v2\/users\/1"}],"replies":[{"embeddable":true,"href":"http:\/\/blogdalucianaoliveira.com.br\/blog\/wp-json\/wp\/v2\/comments?post=30163"}],"version-history":[{"count":10,"href":"http:\/\/blogdalucianaoliveira.com.br\/blog\/wp-json\/wp\/v2\/posts\/30163\/revisions"}],"predecessor-version":[{"id":30181,"href":"http:\/\/blogdalucianaoliveira.com.br\/blog\/wp-json\/wp\/v2\/posts\/30163\/revisions\/30181"}],"wp:attachment":[{"href":"http:\/\/blogdalucianaoliveira.com.br\/blog\/wp-json\/wp\/v2\/media?parent=30163"}],"wp:term":[{"taxonomy":"category","embeddable":true,"href":"http:\/\/blogdalucianaoliveira.com.br\/blog\/wp-json\/wp\/v2\/categories?post=30163"},{"taxonomy":"post_tag","embeddable":true,"href":"http:\/\/blogdalucianaoliveira.com.br\/blog\/wp-json\/wp\/v2\/tags?post=30163"}],"curies":[{"name":"wp","href":"https:\/\/api.w.org\/{rel}","templated":true}]}}