{"id":30186,"date":"2020-12-03T08:35:59","date_gmt":"2020-12-03T12:35:59","guid":{"rendered":"http:\/\/blogdalucianaoliveira.com.br\/blog\/?p=30186"},"modified":"2020-12-03T08:36:03","modified_gmt":"2020-12-03T12:36:03","slug":"legalizar-o-crime-ou-fazer-valer-a-lei","status":"publish","type":"post","link":"http:\/\/blogdalucianaoliveira.com.br\/blog\/2020\/12\/03\/legalizar-o-crime-ou-fazer-valer-a-lei\/","title":{"rendered":"Legalizar o crime ou fazer valer a lei?"},"content":{"rendered":"\n<figure class=\"wp-block-image size-large\"><img loading=\"lazy\" decoding=\"async\" width=\"1170\" height=\"827\" data-attachment-id=\"30187\" data-permalink=\"http:\/\/blogdalucianaoliveira.com.br\/blog\/2020\/12\/03\/legalizar-o-crime-ou-fazer-valer-a-lei\/f22d1e39-ff51-421f-bf1d-5ed64278ab04\/\" data-orig-file=\"https:\/\/i0.wp.com\/blogdalucianaoliveira.com.br\/blog\/wp-content\/uploads\/2020\/12\/F22D1E39-FF51-421F-BF1D-5ED64278AB04.jpeg?fit=1170%2C827\" data-orig-size=\"1170,827\" data-comments-opened=\"0\" data-image-meta=\"{&quot;aperture&quot;:&quot;0&quot;,&quot;credit&quot;:&quot;&quot;,&quot;camera&quot;:&quot;&quot;,&quot;caption&quot;:&quot;&quot;,&quot;created_timestamp&quot;:&quot;0&quot;,&quot;copyright&quot;:&quot;&quot;,&quot;focal_length&quot;:&quot;0&quot;,&quot;iso&quot;:&quot;0&quot;,&quot;shutter_speed&quot;:&quot;0&quot;,&quot;title&quot;:&quot;&quot;,&quot;orientation&quot;:&quot;0&quot;}\" data-image-title=\"F22D1E39-FF51-421F-BF1D-5ED64278AB04\" data-image-description=\"\" data-image-caption=\"\" data-medium-file=\"https:\/\/i0.wp.com\/blogdalucianaoliveira.com.br\/blog\/wp-content\/uploads\/2020\/12\/F22D1E39-FF51-421F-BF1D-5ED64278AB04.jpeg?fit=300%2C212\" data-large-file=\"https:\/\/i0.wp.com\/blogdalucianaoliveira.com.br\/blog\/wp-content\/uploads\/2020\/12\/F22D1E39-FF51-421F-BF1D-5ED64278AB04.jpeg?fit=600%2C424\" src=\"https:\/\/i2.wp.com\/blogdalucianaoliveira.com.br\/blog\/wp-content\/uploads\/2020\/12\/F22D1E39-FF51-421F-BF1D-5ED64278AB04.jpeg?fit=600%2C424\" alt=\"\" class=\"wp-image-30187\" srcset=\"https:\/\/i0.wp.com\/blogdalucianaoliveira.com.br\/blog\/wp-content\/uploads\/2020\/12\/F22D1E39-FF51-421F-BF1D-5ED64278AB04.jpeg?w=1170 1170w, https:\/\/i0.wp.com\/blogdalucianaoliveira.com.br\/blog\/wp-content\/uploads\/2020\/12\/F22D1E39-FF51-421F-BF1D-5ED64278AB04.jpeg?resize=300%2C212 300w, https:\/\/i0.wp.com\/blogdalucianaoliveira.com.br\/blog\/wp-content\/uploads\/2020\/12\/F22D1E39-FF51-421F-BF1D-5ED64278AB04.jpeg?resize=1024%2C724 1024w, https:\/\/i0.wp.com\/blogdalucianaoliveira.com.br\/blog\/wp-content\/uploads\/2020\/12\/F22D1E39-FF51-421F-BF1D-5ED64278AB04.jpeg?resize=768%2C543 768w, https:\/\/i0.wp.com\/blogdalucianaoliveira.com.br\/blog\/wp-content\/uploads\/2020\/12\/F22D1E39-FF51-421F-BF1D-5ED64278AB04.jpeg?resize=424%2C300 424w\" sizes=\"auto, (max-width: 600px) 100vw, 600px\" \/><\/figure>\n\n\n\n<p><strong>Por Gilles de\u00a0Catheu<\/strong> &#8211; O\u00a0Governador\u00a0Marcos Rocha\u00a0encaminhou\u00a0para a\u00a0Assembleia Legislativa\u00a0do Estado de\u00a0Rond\u00f4nia,\u00a0em\u00a008 de setembro de 2020,\u00a0o\u00a0Projeto de\u00a0redu\u00e7\u00e3o de\u00a0duas Unidades de\u00a0Conserva\u00e7\u00e3o-UC\u00a0(estaduais):\u00a0Resex\u00a0Jaci-Paran\u00e1 e Parque Estadual de\u00a0Guajar\u00e1-Mirim-PEGM com uma contrapartida equivocada.<\/p>\n\n\n\n<!--more-->\n\n\n\n<p>N\u00e3o retomaremos\u00a0o\u00a0valioso\u00a0Documento assinado por entidades contr\u00e1rias ao Projeto;\u00a0apenas\u00a0iremos enfatizar ou complementar alguns pontos, lembrando a Audi\u00eancia P\u00fablica\u00a0nesse\u00a0dia.<\/p>\n\n\n\n<p>1.\u00a0As\u00a0Unidades de\u00a0Conserva\u00e7\u00e3o-UC\u00a0foram criadas com recursos volumosos do G7\u00a0a partir do in\u00edcio da d\u00e9cada de 2000\u00a0e continuaram a receber recursos para sua\u00a0consolida\u00e7\u00e3o.<\/p>\n\n\n\n<p>2.\u00a0A falta de vontade pol\u00edtica de preserva\u00e7\u00e3o\u00a0resultou na invas\u00e3o das UC e na grilagem das terras p\u00fablicas.\u00a0\u00a0<\/p>\n\n\n\n<p>Por fim, vem a\u00a0<strong>\u201c<\/strong>pol\u00edtica do fato<strong> <\/strong>consumado\u201d.<\/p>\n\n\n\n<p>Quantas vezes isso j\u00e1 n\u00e3o ocorreu nesse peda\u00e7o de Rond\u00f4nia\u00a0a\u00a0partir da d\u00e9cada de 90?\u00a0<br>O que resultou\u00a0;<\/p>\n\n\n\n<p>&#8211;\u00a0na\u00a0redu\u00e7\u00e3o da ti\u00a0Karipuna<\/p>\n\n\n\n<p>&#8211;\u00a0na\u00a0redu\u00e7\u00e3o da Zona 2 do\u00a0zoneamento S\u00f3cio Ecol\u00f3gico Econ\u00f4mico,\u00a0por 2 vezes\u00a0para se adequar \u00e0 grilagem\u00a0da zona\u00a0<\/p>\n\n\n\n<p>2.3.\u00a0Anistia\u00a0incentiva\u00a0invas\u00f5es:\u00a0\u00e9 o efeito\u00a0&#8220;bola\u00a0de neve&#8221;.<\/p>\n\n\n\n<p>Invas\u00f5es\u00a0da\u00a0Resex\u00a0\u00a0Jaci -Paran\u00e1 e do Parque Estadual GM n\u00e3o ocorreram apenas devido \u00e0 falta de fiscaliza\u00e7\u00e3o, mas tamb\u00e9m devido \u00e0 pol\u00edtica do &#8221; fato consumado&#8221;\u00a0existente\u00a0no Estado\u00a0onde os invasores acabam\u00a0por serem anistiados.<\/p>\n\n\n\n<p>4.\u00a0Contrapartidas equivocadas<\/p>\n\n\n\n<p>\u00c1reas a serem criadas \u00a0incidem em\u00a0UC Federal \u00a0existente!!!<\/p>\n\n\n\n<p>\u00c9 o caso da&nbsp;&#8220;Reserva de uso sustent\u00e1vel de Limoeiro&#8221; &nbsp;que incide na &#8220;Reserva Biol\u00f3gica Guapor\u00e9&#8221; de prote\u00e7\u00e3o&nbsp;integral, sob a responsabilidade do ICMBIO.&nbsp;<\/p>\n\n\n\n<p>Salientamos que &nbsp;com o&nbsp;Decreto de cria\u00e7\u00e3o da &#8220;Rebio&nbsp;Guapor\u00e9&#8221; , dezenas de fam\u00edlias&nbsp;indigenas, quilombolas e ribeirinhas foram expulsas de Limoeiro &nbsp;e seus arredores ( na margem esquerda do rio S\u00e3o Miguel) pelo Ibama entre 1982 e 1984.<\/p>\n\n\n\n<p>Ainda queremos destacar que por ser uma terra tradicional do povo&nbsp;Miguelem, h\u00e1 20 anos que o referido povo vem reivindicando seu &nbsp;territ\u00f3rio&nbsp;conforme seus direitos assegurados na CF de 1988 e anseia por voltar para sua terra.<\/p>\n\n\n\n<p>4.Rocha conta vantagem do\u00a0Decreto de 2002\u00a0que mudaos limites do PEGM<\/p>\n\n\n\n<p>4.1.\u00a0Segunda Rocha,\u00a0a\u00a0exclus\u00e3o de um tri\u00e2ngulo de\u00a0mais de\u00a04.000 h\u00e1. (parte\u00a0norte do\u00a0PEGM)\u00a0cont\u00edguo \u00e0 ti\u00a0Karipuna facilita\u00a0o acesso para a\u00a0fiscaliza\u00e7\u00e3o.<\/p>\n\n\n\n<p>Entretanto, ser\u00e1\u00a0facilitado\u00a0o acesso e a invas\u00e3o\u00a0da\u00a0ti\u00a0Karipuna\u00a0(\u00a0na sua parte sudeste)\u00a0.<\/p>\n\n\n\n<p>4.2.\u00a0O acr\u00e9scimo\u00a0de\u00a014.000,00 h\u00e1\u00a0ao Nordeste do PEGM\u00a0.<\/p>\n\n\n\n<p>N\u00e3o vemos vantagens j\u00e1\u00a0que\u00a0essa\u00a0\u00e1rea\u00a0foi\u00a0invadida\u00a0e\u00a0consta no projeto como \u00e1rea a ser\u00a0exclu\u00edda.\u00a0<\/p>\n\n\n\n<p>5.\u00a0Governador\u00a0justifica a exclus\u00e3o\u00a0devido a\u00a0conflitos com os \u00f3rg\u00e3os de fiscaliza\u00e7\u00e3o!<\/p>\n\n\n\n<p>Tal justificativa&nbsp;poder\u00e1 ser&nbsp;dada da mesma forma&nbsp;para reduzir as novas \u00e1reas caso&nbsp;o Projeto for aprovado.<\/p>\n\n\n\n<p>6.Entendemos que o governo deve dar uma resposta aos agricultores, principalmente\u00a0aos\u00a0pequenos agricultores, que est\u00e3o \u00a0h\u00e1 \u00a0muitos anos na\u00a0Resex\u00a0\u00a0Jaci-\u00a0Parana, e\u00a0deve\u00a0assumir a\u00a0responsabilidade\u00a0pela\u00a0omiss\u00e3o na fiscaliza\u00e7\u00e3o.<\/p>\n\n\n\n<p><em>Apenas a\u00a0Reforma Agr\u00e1ria\u00a0poder\u00e1\u00a0reassentar as fam\u00edlias de agricultores.<\/em><\/p>\n\n\n\n<p>O que o Governo n\u00e3o gastou na fiscaliza\u00e7\u00e3o&nbsp;vai ter que gastar na indeniza\u00e7\u00e3o de latif\u00fandio para&nbsp;reforma agr\u00e1ria.<\/p>\n\n\n\n<p>O&nbsp;projeto do Governo&nbsp;em&nbsp;reduzir UC&nbsp;com contrapartidas equivocadas&nbsp;\u00e9&nbsp;o maior incentivo para acabar com o&nbsp;que sobra de&nbsp;&nbsp;florestas nas&nbsp;UC de Rond\u00f4nia,&nbsp;e&nbsp;em decorr\u00eancia, aumentar uma&nbsp;viol\u00eancia j\u00e1 exacerbada.&nbsp;Por isso, esse Projeto&nbsp;\u00e9&nbsp;inaceit\u00e1vel.<\/p>\n\n\n\n<p>Gilles de\u00a0Catheu &#8211; M\u00e9dico da Pastoral Indigenista da Diocese de Guajar\u00e1 Mirim.<\/p>\n\n\n\n<p>Guajar\u00e1- Mirim, 02\/12\/2020<\/p>\n","protected":false},"excerpt":{"rendered":"<p>Por Gilles de\u00a0Catheu &#8211; O\u00a0Governador\u00a0Marcos Rocha\u00a0encaminhou\u00a0para a\u00a0Assembleia Legislativa\u00a0do Estado de\u00a0Rond\u00f4nia,\u00a0em\u00a008 de setembro de 2020,\u00a0o\u00a0Projeto de\u00a0redu\u00e7\u00e3o de\u00a0duas Unidades de\u00a0Conserva\u00e7\u00e3o-UC\u00a0(estaduais):\u00a0Resex\u00a0Jaci-Paran\u00e1 e Parque Estadual de\u00a0Guajar\u00e1-Mirim-PEGM com uma contrapartida equivocada.<\/p>\n","protected":false},"author":1,"featured_media":0,"comment_status":"closed","ping_status":"open","sticky":false,"template":"","format":"standard","meta":{"_exactmetrics_skip_tracking":false,"_exactmetrics_sitenote_active":false,"_exactmetrics_sitenote_note":"","_exactmetrics_sitenote_category":0,"jetpack_post_was_ever_published":false,"_jetpack_newsletter_access":"","_jetpack_dont_email_post_to_subs":false,"_jetpack_newsletter_tier_id":0,"_jetpack_memberships_contains_paywalled_content":false,"_jetpack_memberships_contains_paid_content":false,"footnotes":"","jetpack_publicize_message":"","jetpack_publicize_feature_enabled":true,"jetpack_social_post_already_shared":true,"jetpack_social_options":{"image_generator_settings":{"template":"highway","enabled":false},"version":2}},"categories":[1],"tags":[],"class_list":["post-30186","post","type-post","status-publish","format-standard","hentry","category-notas"],"jetpack_publicize_connections":[],"jetpack_sharing_enabled":true,"jetpack_featured_media_url":"","jetpack_shortlink":"https:\/\/wp.me\/p7wKYW-7QS","jetpack-related-posts":[],"_links":{"self":[{"href":"http:\/\/blogdalucianaoliveira.com.br\/blog\/wp-json\/wp\/v2\/posts\/30186","targetHints":{"allow":["GET"]}}],"collection":[{"href":"http:\/\/blogdalucianaoliveira.com.br\/blog\/wp-json\/wp\/v2\/posts"}],"about":[{"href":"http:\/\/blogdalucianaoliveira.com.br\/blog\/wp-json\/wp\/v2\/types\/post"}],"author":[{"embeddable":true,"href":"http:\/\/blogdalucianaoliveira.com.br\/blog\/wp-json\/wp\/v2\/users\/1"}],"replies":[{"embeddable":true,"href":"http:\/\/blogdalucianaoliveira.com.br\/blog\/wp-json\/wp\/v2\/comments?post=30186"}],"version-history":[{"count":1,"href":"http:\/\/blogdalucianaoliveira.com.br\/blog\/wp-json\/wp\/v2\/posts\/30186\/revisions"}],"predecessor-version":[{"id":30188,"href":"http:\/\/blogdalucianaoliveira.com.br\/blog\/wp-json\/wp\/v2\/posts\/30186\/revisions\/30188"}],"wp:attachment":[{"href":"http:\/\/blogdalucianaoliveira.com.br\/blog\/wp-json\/wp\/v2\/media?parent=30186"}],"wp:term":[{"taxonomy":"category","embeddable":true,"href":"http:\/\/blogdalucianaoliveira.com.br\/blog\/wp-json\/wp\/v2\/categories?post=30186"},{"taxonomy":"post_tag","embeddable":true,"href":"http:\/\/blogdalucianaoliveira.com.br\/blog\/wp-json\/wp\/v2\/tags?post=30186"}],"curies":[{"name":"wp","href":"https:\/\/api.w.org\/{rel}","templated":true}]}}