{"id":30190,"date":"2020-12-03T09:09:35","date_gmt":"2020-12-03T13:09:35","guid":{"rendered":"http:\/\/blogdalucianaoliveira.com.br\/blog\/?p=30190"},"modified":"2020-12-03T09:09:39","modified_gmt":"2020-12-03T13:09:39","slug":"furando-a-fila-promotores-de-sp-pedem-para-receber-primeiro-a-vacina-da-covid","status":"publish","type":"post","link":"http:\/\/blogdalucianaoliveira.com.br\/blog\/2020\/12\/03\/furando-a-fila-promotores-de-sp-pedem-para-receber-primeiro-a-vacina-da-covid\/","title":{"rendered":"Furando a fila: promotores de SP pedem para receber primeiro a vacina da covid"},"content":{"rendered":"\n<figure class=\"wp-block-image\"><img data-recalc-dims=\"1\" decoding=\"async\" src=\"https:\/\/i0.wp.com\/images03.brasildefato.com.br\/ef876743ff8dae9c34b518e7a1d8e6fb.jpeg?w=600&#038;ssl=1\" alt=\"\"\/><\/figure>\n\n\n\n<p>Membros do MPSP querem ser inclu\u00eddos nos grupos priorit\u00e1rios para a vacina\u00e7\u00e3o, como idosos e profissionais da sa\u00fade.<\/p>\n\n\n\n<!--more-->\n\n\n\n<p> Vin\u00edcius SegallaBrasil de Fato | S\u00e3o Paulo <\/p>\n\n\n\n<p>Um grupo de promotores e procuradores&nbsp;do Minist\u00e9rio P\u00fablico do Estado de S\u00e3o Paulo (MPSP)&nbsp;escreveu um abaixo-assinado&nbsp;encaminhado para o gabinete de crise contra a&nbsp;<a href=\"https:\/\/www.brasildefato.com.br\/minuto-a-minuto\/coronavirus-no-brasil\" target=\"_blank\" rel=\"noreferrer noopener\">pandemia<\/a>&nbsp;do governo do estado de S\u00e3o Paulo solicitando que todos os membros do MP recebam a&nbsp;<a href=\"https:\/\/www.brasildefato.com.br\/2020\/11\/02\/a-pandemia-como-balcao-como-o-dinheiro-decide-quando-e-onde-a-vacina-chegara\" target=\"_blank\" rel=\"noreferrer noopener\">vacina<\/a>&nbsp;contra a covid-19 antes da popula\u00e7\u00e3o em geral.&nbsp;&nbsp;<\/p>\n\n\n\n<p>O pleito foi apresentado ao procurador-geral de Justi\u00e7a do Estado de S\u00e3o Paulo,&nbsp;M\u00e1rio Luiz Sarrubbo, no dia 24 de novembro deste ano, durante reuni\u00e3o do Conselho Superior do Minist\u00e9rio P\u00fablico do estado. Quem fez formalmente o pedido foi o procurador Arual Martins, um dos membros do conselho.<\/p>\n\n\n\n<p>O pedido consta em ata oficial da referida reuni\u00e3o, \u00e0 que a reportagem do&nbsp;<strong>Brasil de Fato<\/strong>&nbsp;teve acesso. De acordo Martins, a demanda&nbsp;foi levada&nbsp;a ele pelo promotor Roberto Barbosa Alves, que apresentou manifesta\u00e7\u00e3o que tamb\u00e9m teria sido assinada por &#8220;outros colegas do MP&#8221;.<\/p>\n\n\n\n<p><strong>Leia tamb\u00e9m:&nbsp;<\/strong><a href=\"https:\/\/www.brasildefato.com.br\/2020\/11\/02\/a-pandemia-como-balcao-como-o-dinheiro-decide-quando-e-onde-a-vacina-chegara\">O coronav\u00edrus como balc\u00e3o: como o dinheiro decide quando e onde a vacina chegar\u00e1<\/a><\/p>\n\n\n\n<p>Durante a reuni\u00e3o, o procurador leu um trecho do abaixo-assinado dos membros do MP, em que os signat\u00e1rios explicam por que querem ser passados na frente do resto da popula\u00e7\u00e3o quando a vacina estiver dispon\u00edvel:<\/p>\n\n\n\n<p>&#8220;N\u00e3o \u00e9 uma quest\u00e3o de ego\u00edsmo em rela\u00e7\u00e3o a outras carreiras, mas tendo em vista notadamente os colegas do primeiro grau, que trabalham com audi\u00eancias, atendimento ao p\u00fablico e outras atividades em que o contato social \u00e9 extremamente grande e faz parte do nosso dia a dia&#8221;, diz o trecho citado.<\/p>\n\n\n\n<p>Ap\u00f3s a apresenta\u00e7\u00e3o do abaixo-assinado, o procurador-geral&nbsp;M\u00e1rio Luiz Sarrubbo prontamente apoiou o pleito, informando que &#8220;poderia&nbsp;pessoalmente se empenhar em apresentar esse pleito ao Governo do Estado, (&#8230;) para ser levado \u00e0 an\u00e1lise pelo Gabinete de Crise&#8221;.<\/p>\n\n\n\n<figure class=\"wp-block-image\"><img data-recalc-dims=\"1\" decoding=\"async\" src=\"https:\/\/i0.wp.com\/images02.brasildefato.com.br\/2cd25776ff67b9b163a30b34a77a4c86.jpeg?w=600&#038;ssl=1\" alt=\"\"\/><\/figure>\n\n\n\n<p>O&nbsp;<strong>Brasil de Fato&nbsp;<\/strong>entrou em contato nesta quarta-feira (2) com a assessoria de comunica\u00e7\u00e3o do MPSP, direcionando perguntas para o procurador-geral e para os membros do \u00f3rg\u00e3o identificados na ata da reuni\u00e3o como dois dos signat\u00e1rios do pedido. Foi perguntado sobre a justificativa para tal pleito e sobre sua eventual legalidade.&nbsp;<\/p>\n\n\n\n<p>Em resposta, o MPSP enviou uma nota (veja a \u00edntegra no final desta reportagem) afirmando &#8220;estar&nbsp;certo de que as autoridades sanit\u00e1rias definir\u00e3o o cronograma de aplica\u00e7\u00e3o da vacina com base em crit\u00e9rios cient\u00edficos, priorizando a imuniza\u00e7\u00e3o das parcelas da popula\u00e7\u00e3o mais vulner\u00e1veis, tanto do ponto de vista m\u00e9dico quanto social. Tal defini\u00e7\u00e3o, evidentemente, ser\u00e1 plenamente acatada pela institui\u00e7\u00e3o.&#8221;<\/p>\n\n\n\n<p>Questionado pela reportagem se o pedido dos procuradores e promotores j\u00e1 foi levado ao Gabinete de Crise do Estado de S\u00e3o Paulo, o Minist\u00e9rio P\u00fablico n\u00e3o respondeu.<\/p>\n\n\n\n<p>Por que priorit\u00e1rios?<\/p>\n\n\n\n<p>Para o professor de Direito Processual e conselheiro da Comiss\u00e3o de Prerrogativas da OAB-SP&nbsp;Andr\u00e9 Lozano Andrade, o pedido dos promotores e procuradores &#8220;\u00e9 invi\u00e1vel&#8221; e n\u00e3o deve prosperar.<\/p>\n\n\n\n<p>Ele explicou que o Minist\u00e9rio da Sa\u00fade definiu&nbsp;que ir\u00e1 iniciar a vacina\u00e7\u00e3o &#8211; quando o medicamento for liberado pela Anvisa &#8211;&nbsp; por grupos priorit\u00e1rios, como idosos, pessoas com doen\u00e7as cr\u00f4nicas, funcion\u00e1rios da seguran\u00e7a p\u00fablica e da Educa\u00e7\u00e3o, ind\u00edgenas, presidi\u00e1rios&nbsp;e profissionais de sa\u00fade.&nbsp;<\/p>\n\n\n\n<blockquote class=\"wp-block-quote is-layout-flow wp-block-quote-is-layout-flow\"><p><em><strong>N\u00e3o&nbsp;h\u00e1 justificativa para tornar o MP prioridade.<\/strong><\/em>&nbsp;<\/p><\/blockquote>\n\n\n\n<p>&#8220;O MP-SP est\u00e1 pedindo para ser inclu\u00eddo nesses grupos priorit\u00e1rios. Mas os promotores n\u00e3o atuam diretamente com as pessoas. As audi\u00eancias v\u00eam sendo feitas remotamente, mesmo quando presidi\u00e1rios s\u00e3o levados ao f\u00f3rum para uma audi\u00eancia, os promotores participam&nbsp;por teleconfer\u00eancia&#8221;, esclarece Andrade.&nbsp;<\/p>\n\n\n\n<p>Ele continua: &#8220;Mesmo se as audi\u00eancias passassem a ser presenciais, seria mais do que necess\u00e1rio incluir advogados, ju\u00edzes e defensores p\u00fablicos como priorit\u00e1rios na aquisi\u00e7\u00e3o da vacina, uma vez que eles tamb\u00e9m fazem parte das audi\u00eancias e realizam atendimento ao p\u00fablico, todos eles atuando na administra\u00e7\u00e3o da Justi\u00e7a. N\u00e3o&nbsp;h\u00e1 justificativa para tornar o MP prioridade e n\u00e3o fazer o mesmo com os demais&#8221;.<\/p>\n\n\n\n<p>Ainda que, ent\u00e3o, se inclu\u00edsse todas essas classes profissionais entre o p\u00fablico priorit\u00e1rio, isso aumentaria muito as classes priorit\u00e1rias. &#8220;Isso geraria uma quest\u00e3o de pol\u00edtica e de interesse p\u00fablico, sobre o que ou quem priorizar. \u00c9 muito mais importante a volta \u00e0s aulas e, por exemplo, a reabertura segura do com\u00e9rcio, do que as audi\u00eancias judiciais voltarem a ocorrer presencialmente&#8221;, conclui o especialista.<\/p>\n\n\n\n<p><strong>Leia tamb\u00e9m:&nbsp;<\/strong><a href=\"https:\/\/www.brasildefato.com.br\/2020\/11\/14\/politizacao-da-vacina-afasta-brasil-do-controle-da-pandemia\">Politiza\u00e7\u00e3o da vacina afasta Brasil do controle da pandemia<\/a><\/p>\n\n\n\n<p>J\u00e1 a&nbsp;advogada criminalista&nbsp;Pollyana Soares, da banca Roberto Pagliuso Advogados, que atua em f\u00f3runs de Justi\u00e7a exatamente da mesma maneira e sob as mesmas exposi\u00e7\u00f5es que os promotores, s\u00f3 que defendendo a parte acusada, afirma que o pedido de seus colegas operadores do Direito do MP n\u00e3o encontra respaldo legal.<\/p>\n\n\n\n<p>&#8220;Do ponto de vista da exposi\u00e7\u00e3o ao coronav\u00edrus, o que faz dos membros do Minist\u00e9rio P\u00fablico mais vulner\u00e1veis \u00e0 infec\u00e7\u00e3o do que advogados, ju\u00edzes ou serventu\u00e1rios da Justi\u00e7a? Absolutamente nada. Ent\u00e3o, desde essa perspectiva \u2013 da igualdade \u2013 a prefer\u00eancia n\u00e3o se justifica&#8221;, explica a advogada.<\/p>\n\n\n\n<p>Soares escuda seu entendimento com base na&nbsp;Lei federal n\u00ba 8.906\/94, que, em seu artigo 6\u00ba, preconiza: &#8220;N\u00e3o h\u00e1 hierarquia nem subordina\u00e7\u00e3o entre advogados, magistrados e membros do Minist\u00e9rio P\u00fablico, devendo todos tratar-se com considera\u00e7\u00e3o e respeito rec\u00edprocos&#8221;.<\/p>\n\n\n\n<p>Leia, abaixo, o trecho da ata da reuni\u00e3o do Conselho Superior do Minist\u00e9rio P\u00fablico de S\u00e3o Paulo referente ao assunto desta reportagem, e, em seguida, a nota enviada pelo MP-SP ao&nbsp;<strong>Brasil de Fato<\/strong>.&nbsp;<\/p>\n\n\n\n<h4 class=\"wp-block-heading\"><strong>Extrato da Ata da 22\u00aa Reuni\u00e3o Ordin\u00e1ria do Conselho Superior do Minist\u00e9rio P\u00fablico, Realizada no Dia 24-11- 2020<\/strong><\/h4>\n\n\n\n<p><em>&#8220;Dirigindo-se ao Procurador-Geral, o Conselheiro Arual apresentou manifesta\u00e7\u00e3o que lhe foi trazida pelo colega Promotor de Justi\u00e7a Doutor Roberto Barbosa Alves e outros colegas que a subscreveram, e que deve ser tratada no Comit\u00ea de combate \u00e0 Covid-19. Trata-se de sugest\u00e3o para an\u00e1lise da possibilidade de que os Promotores de Justi\u00e7a sejam inclu\u00eddos em uma das primeiras etapas priorit\u00e1rias da vacina\u00e7\u00e3o contra a Covid-19, dada a atividade funcional da carreira.<\/em><\/p>\n\n\n\n<p><em>Realizou a leitura do seguinte trecho de referida manifesta\u00e7\u00e3o: \u201cn\u00e3o \u00e9 uma quest\u00e3o de ego\u00edsmo em rela\u00e7\u00e3o a outras carreiras, mas tendo em vista notadamente os colegas do primeiro grau, que trabalham com audi\u00eancias, atendimento ao p\u00fablico e outras atividades em que o contato social \u00e9 extremamente grande e faz parte do nosso dia a dia\u201d. O Conselheiro Arual relatou que recebeu essa mat\u00e9ria e respondeu ao colega no sentido de que iria apresent\u00e1-la na reuni\u00e3o para que o Comit\u00ea da Covid-19, que \u00e9 integrado por diversos colegas e est\u00e1 realizando um trabalho extremamente valoroso e grandioso, pudesse analisar a quest\u00e3o e verificar essa possibilidade, dentro das an\u00e1lises que o Comit\u00ea tem realizado.<\/em><\/p>\n\n\n\n<p><em>4.3. O Conselheiro Sarrubbo afirmou que encaminhar\u00e1 a quest\u00e3o ao Gabinete de Crise e que pode pessoalmente se empenhar em apresentar esse pleito ao Governo do Estado. Registrou que a not\u00edcia recebeu na reuni\u00e3o realizada na data de ontem, 23\/11, com o Governador, \u00e9 que terminaram os testes da Coronavac, que ser\u00e1 encaminhada para registro na Anvisa, sendo este o pr\u00f3ximo passo do protocolo tradicional.<\/em><\/p>\n\n\n\n<p><em>Relatou que assim como a Coronavac, outras vacinas t\u00eam se mostrado com efic\u00e1cia muito boa e h\u00e1 uma perspectiva de que a partir de janeiro comecem as vacina\u00e7\u00f5es, inicialmente para a popula\u00e7\u00e3o mais vulner\u00e1vel, que seriam os idosos, os profissionais de medicina, e assim por diante. De todo modo, considera que \u00e9 um pleito que pode ser levado a an\u00e1lise pelo Gabinete de Crise.&#8221;<\/em><\/p>\n\n\n\n<figure class=\"wp-block-image\"><img data-recalc-dims=\"1\" decoding=\"async\" src=\"https:\/\/i0.wp.com\/images01.brasildefato.com.br\/e540d5738ba6e7babda9f99d1562a002.jpeg?w=600&#038;ssl=1\" alt=\"\"\/><\/figure>\n\n\n\n<p><br>Nota do Minist\u00e9rio P\u00fablico de S\u00e3o Paulo sobre o pedido de prioridade dos promotores para o recebimento da vacina contra o coronav\u00edrus \/ MP-SP<\/p>\n\n\n\n<p>Edi\u00e7\u00e3o: Rodrigo Chagas<a><\/a><a><\/a><a><\/a><a><\/a><a>457<\/a><br><\/p>\n\n\n\n<figure class=\"wp-block-image\"><a href=\"https:\/\/www.brasildefato.com.br\/\"><img decoding=\"async\" src=\"https:\/\/www.brasildefato.com.br\/assets\/logo-cc9788362536cad285deb33823817d2f8a92f8958ff654ae78d9b68c3efd5b3d.svg\" alt=\"<span class=&quot;translation_missing&quot; title=&quot;translation missing: pt-BR.layouts.application.footer.name&quot;&gt;Name<\/span&gt;\"\/><\/a><\/figure>\n","protected":false},"excerpt":{"rendered":"<p>Membros do MPSP querem ser inclu\u00eddos nos grupos priorit\u00e1rios para a vacina\u00e7\u00e3o, como idosos e profissionais da sa\u00fade.<\/p>\n","protected":false},"author":1,"featured_media":0,"comment_status":"closed","ping_status":"open","sticky":false,"template":"","format":"standard","meta":{"_exactmetrics_skip_tracking":false,"_exactmetrics_sitenote_active":false,"_exactmetrics_sitenote_note":"","_exactmetrics_sitenote_category":0,"jetpack_post_was_ever_published":false,"_jetpack_newsletter_access":"","_jetpack_dont_email_post_to_subs":false,"_jetpack_newsletter_tier_id":0,"_jetpack_memberships_contains_paywalled_content":false,"_jetpack_memberships_contains_paid_content":false,"footnotes":"","jetpack_publicize_message":"","jetpack_publicize_feature_enabled":true,"jetpack_social_post_already_shared":true,"jetpack_social_options":{"image_generator_settings":{"template":"highway","enabled":false},"version":2}},"categories":[1],"tags":[],"class_list":["post-30190","post","type-post","status-publish","format-standard","hentry","category-notas"],"jetpack_publicize_connections":[],"jetpack_sharing_enabled":true,"jetpack_featured_media_url":"","jetpack_shortlink":"https:\/\/wp.me\/p7wKYW-7QW","jetpack-related-posts":[],"_links":{"self":[{"href":"http:\/\/blogdalucianaoliveira.com.br\/blog\/wp-json\/wp\/v2\/posts\/30190","targetHints":{"allow":["GET"]}}],"collection":[{"href":"http:\/\/blogdalucianaoliveira.com.br\/blog\/wp-json\/wp\/v2\/posts"}],"about":[{"href":"http:\/\/blogdalucianaoliveira.com.br\/blog\/wp-json\/wp\/v2\/types\/post"}],"author":[{"embeddable":true,"href":"http:\/\/blogdalucianaoliveira.com.br\/blog\/wp-json\/wp\/v2\/users\/1"}],"replies":[{"embeddable":true,"href":"http:\/\/blogdalucianaoliveira.com.br\/blog\/wp-json\/wp\/v2\/comments?post=30190"}],"version-history":[{"count":1,"href":"http:\/\/blogdalucianaoliveira.com.br\/blog\/wp-json\/wp\/v2\/posts\/30190\/revisions"}],"predecessor-version":[{"id":30191,"href":"http:\/\/blogdalucianaoliveira.com.br\/blog\/wp-json\/wp\/v2\/posts\/30190\/revisions\/30191"}],"wp:attachment":[{"href":"http:\/\/blogdalucianaoliveira.com.br\/blog\/wp-json\/wp\/v2\/media?parent=30190"}],"wp:term":[{"taxonomy":"category","embeddable":true,"href":"http:\/\/blogdalucianaoliveira.com.br\/blog\/wp-json\/wp\/v2\/categories?post=30190"},{"taxonomy":"post_tag","embeddable":true,"href":"http:\/\/blogdalucianaoliveira.com.br\/blog\/wp-json\/wp\/v2\/tags?post=30190"}],"curies":[{"name":"wp","href":"https:\/\/api.w.org\/{rel}","templated":true}]}}