{"id":30194,"date":"2020-12-03T10:42:49","date_gmt":"2020-12-03T14:42:49","guid":{"rendered":"http:\/\/blogdalucianaoliveira.com.br\/blog\/?p=30194"},"modified":"2020-12-03T10:42:54","modified_gmt":"2020-12-03T14:42:54","slug":"esg-no-agronegocio-hoje-um-diferencial-amanha-uma-necessidade","status":"publish","type":"post","link":"http:\/\/blogdalucianaoliveira.com.br\/blog\/2020\/12\/03\/esg-no-agronegocio-hoje-um-diferencial-amanha-uma-necessidade\/","title":{"rendered":"ESG no agroneg\u00f3cio: hoje um diferencial, amanh\u00e3 uma necessidade"},"content":{"rendered":"\n<figure class=\"wp-block-image\"><img data-recalc-dims=\"1\" height=\"339\" width=\"600\" decoding=\"async\" src=\"https:\/\/i0.wp.com\/politica.estadao.com.br\/blogs\/fausto-macedo\/wp-content\/uploads\/sites\/41\/2020\/12\/zz_011220200145-620x350.jpg?resize=600%2C339&#038;ssl=1\" alt=\"\"\/><\/figure>\n\n\n\n<p>Estad\u00e3o &#8211; A tem\u00e1tica ambiental, social e de governan\u00e7a (da sigla em ingl\u00eas, ESG) est\u00e1 em destaque nos neg\u00f3cios em uma s\u00e9rie de setores no Brasil e no mundo. Por ser um setor que lida diretamente com o meio ambiente e por ser relevante na gera\u00e7\u00e3o de emprego e renda no pa\u00eds \u2013 sendo respons\u00e1vel por, pelo menos, 21% do Produto Interno Bruto (PIB), segundo dados da CNA (Confedera\u00e7\u00e3o da Agricultura e Pecu\u00e1ria) \u2013 o agroneg\u00f3cio e o ESG est\u00e3o intrinsicamente ligados. Os desafios socioambientais e de governan\u00e7a hoje postos ao setor podem ser convertidos em in\u00fameras oportunidades.<\/p>\n\n\n\n<!--more-->\n\n\n\n<p>Em um contexto de crescentes exig\u00eancias ambientais e \u00e9ticas dos consumidores finais em rela\u00e7\u00e3o \u00e0 forma como o alimento \u00e9 produzido, o agroneg\u00f3cio no Brasil precisa responder a esse desafio de aumentar a produ\u00e7\u00e3o de alimentos preservando os recursos naturais. Ser\u00e1 imperativo para o agroneg\u00f3cio produzir mais sobre a mesma base de ativos e produzir mais com menos insumos, reduzindo o impacto das atividades operacionais no meio ambiente.<\/p>\n\n\n\n<p>As tecnologias, sejam de natureza biol\u00f3gicas, f\u00edsicas, e agora as tecnologias digitais ser\u00e3o importantes aceleradores desse crescimento virtuoso do agroneg\u00f3cio no Brasil. S\u00e3o in\u00fameras oportunidades para dar escala \u00e0s pr\u00e1ticas sustent\u00e1veis, atrav\u00e9s, por exemplo, das tecnologias do Programa de Agricultura de Baixo Carbono (ABC), que t\u00eam entre os focos de atua\u00e7\u00e3o o sistema de integra\u00e7\u00e3o lavoura-pecu\u00e1ria-floresta, o sistema de plantio direto, a fixa\u00e7\u00e3o biol\u00f3gica de nitrog\u00eanio, o tratamento de res\u00edduos animais, a adapta\u00e7\u00e3o \u00e0s mudan\u00e7as clim\u00e1ticas. Ganhar\u00e3o cada vez mais espa\u00e7o ferramentas como a agricultura de precis\u00e3o e as solu\u00e7\u00f5es digitais de internet das coisas que aumentam a intui\u00e7\u00e3o sobre os processos.<br><\/p>\n\n\n\n<p>O Brasil det\u00e9m o maior ativo agroambiental do mundo e o mercado de capitais pode ser tamb\u00e9m um importante indutor de sustentabilidade. Os financiamentos atrelados a metas socioambientais e de governan\u00e7a podem mobilizar por\u00e7\u00f5es substanciais do capital necess\u00e1rio para transformar o Brasil no l\u00edder global de agricultura sustent\u00e1vel ao promover uma maior transpar\u00eancia e efici\u00eancia no uso de recursos naturais. Existe um potencial enorme para recuperar \u00e1reas degradadas, abandonadas e subutilizadas, por exemplo, que poderiam ser objeto desses financiamentos. O uso de pastagens para produ\u00e7\u00e3o agr\u00edcola pode aumentar substancialmente a produ\u00e7\u00e3o sem a necessidade de convers\u00e3o de novas \u00e1reas.<\/p>\n\n\n\n<p>Dentre os desafios para o agroneg\u00f3cio do Brasil, dentro desse ambiente de neg\u00f3cios pautado por aspectos socioambientais e de governan\u00e7a, talvez o maior seja a cria\u00e7\u00e3o de novos paradigmas de confian\u00e7a com os agentes da rede de valor agroalimentar, cujo principal ponto focal \u00e9 o consumidor. E, para tanto, \u00e9 importante que o setor e as empresas estruturem di\u00e1logos estrat\u00e9gicos com a sociedade, detalhando as a\u00e7\u00f5es e compromissos assumidos. \u00c9 fundamental que as empresas construam uma agenda ESG transparente e mensur\u00e1vel, e que a comunique para a sociedade de uma forma efetiva. Ter uma agenda ESG \u00e9 sem sombra de d\u00favidas um diferencial hoje para as empresas, mas, em um ambiente de crescentes exig\u00eancias socioambientais e de governan\u00e7a, ser\u00e1 rapidamente uma necessidade.<\/p>\n\n\n\n<p><strong>*Giovana Ara\u00fajo \u00e9 s\u00f3cia l\u00edder de agroneg\u00f3cio da KPMG<\/strong><br><\/p>\n","protected":false},"excerpt":{"rendered":"<p>Estad\u00e3o &#8211; A tem\u00e1tica ambiental, social e de governan\u00e7a (da sigla em ingl\u00eas, ESG) est\u00e1 em destaque nos neg\u00f3cios em uma s\u00e9rie de setores no Brasil e no mundo. Por ser um setor que lida diretamente com o meio ambiente e por ser relevante na gera\u00e7\u00e3o de emprego e renda no pa\u00eds \u2013 sendo respons\u00e1vel&#8230;<a class=\"more-link\" href=\"http:\/\/blogdalucianaoliveira.com.br\/blog\/2020\/12\/03\/esg-no-agronegocio-hoje-um-diferencial-amanha-uma-necessidade\/\">Continue a leitura <span class=\"meta-nav\">&raquo;<\/span><\/a><\/p>\n","protected":false},"author":1,"featured_media":0,"comment_status":"closed","ping_status":"open","sticky":false,"template":"","format":"standard","meta":{"_exactmetrics_skip_tracking":false,"_exactmetrics_sitenote_active":false,"_exactmetrics_sitenote_note":"","_exactmetrics_sitenote_category":0,"jetpack_post_was_ever_published":false,"_jetpack_newsletter_access":"","_jetpack_dont_email_post_to_subs":false,"_jetpack_newsletter_tier_id":0,"_jetpack_memberships_contains_paywalled_content":false,"_jetpack_memberships_contains_paid_content":false,"footnotes":"","jetpack_publicize_message":"","jetpack_publicize_feature_enabled":true,"jetpack_social_post_already_shared":true,"jetpack_social_options":{"image_generator_settings":{"template":"highway","enabled":false},"version":2}},"categories":[1],"tags":[],"class_list":["post-30194","post","type-post","status-publish","format-standard","hentry","category-notas"],"jetpack_publicize_connections":[],"jetpack_sharing_enabled":true,"jetpack_featured_media_url":"","jetpack_shortlink":"https:\/\/wp.me\/p7wKYW-7R0","jetpack-related-posts":[],"_links":{"self":[{"href":"http:\/\/blogdalucianaoliveira.com.br\/blog\/wp-json\/wp\/v2\/posts\/30194","targetHints":{"allow":["GET"]}}],"collection":[{"href":"http:\/\/blogdalucianaoliveira.com.br\/blog\/wp-json\/wp\/v2\/posts"}],"about":[{"href":"http:\/\/blogdalucianaoliveira.com.br\/blog\/wp-json\/wp\/v2\/types\/post"}],"author":[{"embeddable":true,"href":"http:\/\/blogdalucianaoliveira.com.br\/blog\/wp-json\/wp\/v2\/users\/1"}],"replies":[{"embeddable":true,"href":"http:\/\/blogdalucianaoliveira.com.br\/blog\/wp-json\/wp\/v2\/comments?post=30194"}],"version-history":[{"count":1,"href":"http:\/\/blogdalucianaoliveira.com.br\/blog\/wp-json\/wp\/v2\/posts\/30194\/revisions"}],"predecessor-version":[{"id":30195,"href":"http:\/\/blogdalucianaoliveira.com.br\/blog\/wp-json\/wp\/v2\/posts\/30194\/revisions\/30195"}],"wp:attachment":[{"href":"http:\/\/blogdalucianaoliveira.com.br\/blog\/wp-json\/wp\/v2\/media?parent=30194"}],"wp:term":[{"taxonomy":"category","embeddable":true,"href":"http:\/\/blogdalucianaoliveira.com.br\/blog\/wp-json\/wp\/v2\/categories?post=30194"},{"taxonomy":"post_tag","embeddable":true,"href":"http:\/\/blogdalucianaoliveira.com.br\/blog\/wp-json\/wp\/v2\/tags?post=30194"}],"curies":[{"name":"wp","href":"https:\/\/api.w.org\/{rel}","templated":true}]}}