{"id":30196,"date":"2020-12-03T10:45:14","date_gmt":"2020-12-03T14:45:14","guid":{"rendered":"http:\/\/blogdalucianaoliveira.com.br\/blog\/?p=30196"},"modified":"2020-12-03T10:45:24","modified_gmt":"2020-12-03T14:45:24","slug":"como-o-mst-se-propoe-a-enfrentar-o-agronegocio-plantando-soja-organica","status":"publish","type":"post","link":"http:\/\/blogdalucianaoliveira.com.br\/blog\/2020\/12\/03\/como-o-mst-se-propoe-a-enfrentar-o-agronegocio-plantando-soja-organica\/","title":{"rendered":"Como o MST se prop\u00f5e a enfrentar o agroneg\u00f3cio plantando soja org\u00e2nica"},"content":{"rendered":"\n<figure class=\"wp-block-image\"><img data-recalc-dims=\"1\" decoding=\"async\" src=\"https:\/\/i0.wp.com\/images02.brasildefato.com.br\/b499e4dfb3745ce5679817aa665ad017.jpeg?w=600&#038;ssl=1\" alt=\"\"\/><\/figure>\n\n\n\n<h4 class=\"wp-block-heading\">Agricultores do assentamento Ernesto Che Guevara, em Mato Grosso do Sul, semeiam 100 hectares de soja sem veneno<\/h4>\n\n\n\n<!--more-->\n\n\n\n<p>Erick Gimenes &#8211; Brasil de Fato | Bras\u00edlia (DF) <\/p>\n\n\n\n<p>Agricultores do assentamento Ernesto Che Guevara, do Movimento dos Trabalhadores Rurais Sem Terra (MST) em Sidrol\u00e2ndia, no Mato Grosso do Sul,&nbsp;<a href=\"https:\/\/www.brasildefato.com.br\/2020\/08\/20\/cultivo-familiar-de-soja-organica-desafia-o-agronegocio-no-mato-grosso-do-sul\" target=\"_blank\" rel=\"noreferrer noopener\">come\u00e7aram o plantio<\/a>&nbsp;de&nbsp;100 hectares de soja org\u00e2nica, em um projeto que ter\u00e1 dura\u00e7\u00e3o de cinco anos.<\/p>\n\n\n\n<p>A ideia \u00e9 contrapor o agroneg\u00f3cio de commodities que invade o pa\u00eds, em especial a regi\u00e3o Centro-Oeste, que teve o maior crescimento na produ\u00e7\u00e3o de gr\u00e3os do ano no Brasil \u2013 6,8% em rela\u00e7\u00e3o ao ano passado, conforme os dados da Companhia Nacional de Abastecimento (Conab).<\/p>\n\n\n\n<p><strong>Leia mais<\/strong>:&nbsp;<a href=\"https:\/\/www.brasildefato.com.br\/2020\/08\/11\/alem-de-garantir-o-doce-da-fruta-producao-organica-gera-novas-relacoes-de-trabalho\" target=\"_blank\" rel=\"noreferrer noopener\">Al\u00e9m de garantir o doce da fruta, produ\u00e7\u00e3o org\u00e2nica gera novas rela\u00e7\u00f5es de trabalho<\/a><\/p>\n\n\n\n<p>O plantio \u00e9 feito pelas fam\u00edlias assentadas e tem apoio t\u00e9cnico da&nbsp;Empresa Brasileira de Pesquisa Agropecu\u00e1ria&nbsp;(Embrapa) de Mato Grosso do Sul. Segundo o MST, o objetivo \u00e9 expandir o cultivo da soja org\u00e2nica para agricultores familiares de todo o pa\u00eds.<\/p>\n\n\n\n<p>Para entender melhor o projeto e qual o significado da soja org\u00e2nica para o movimento, o&nbsp;<strong>Brasil de Fato<\/strong>&nbsp;conversou com Cleiton Valen\u00e7a, membro da dire\u00e7\u00e3o estadual do MST em Mato Grosso do Sul.<\/p>\n\n\n\n<p>Confira a entrevista:<\/p>\n\n\n\n<p><strong>Brasil de Fato: O que se pretende com esse projeto experimental de planta\u00e7\u00e3o de soja org\u00e2nica?<\/strong><\/p>\n\n\n\n<p>Devido ao avan\u00e7o do agroneg\u00f3cio aqui no estado do Mato Grosso Sul, a soja est\u00e1 tomando conta de todas as \u00e1reas produtivas, inclusive em assentamentos. \u00c9 muita invas\u00e3o de&nbsp;<a href=\"https:\/\/www.brasildefato.com.br\/2020\/02\/10\/brasil-afrouxa-analise-de-seguranca-para-plantio-de-transgenicos\" target=\"_blank\" rel=\"noreferrer noopener\">soja transg\u00eanica<\/a>.<\/p>\n\n\n\n<p>As grandes empresas v\u00eam trazer os seus pacotes tecnol\u00f3gicos, explorando a terra, trazendo veneno, trazendo doen\u00e7a para dentro dos assentamentos.<\/p>\n\n\n\n<p>Diante dessa situa\u00e7\u00e3o, a gente fez um debate dentro do MST, no setor de produ\u00e7\u00e3o nacional e estadual, e fizemos o desafio de fazermos o plantio de soja org\u00e2nica.<\/p>\n\n\n\n<p><strong>Leia mais<\/strong>:&nbsp;<a href=\"https:\/\/www.brasildefato.com.br\/2017\/09\/12\/sistemas-agroecologicos-produzem-mais-ate-durante-a-seca\" target=\"_blank\" rel=\"noreferrer noopener\">Sistemas agroecol\u00f3gicos produzem mais at\u00e9 durante a seca<\/a><\/p>\n\n\n\n<p>Por que soja org\u00e2nica? Porque tem todo um protocolo de voc\u00ea respeitar a vida, respeitar o meio ambiente e trazer benef\u00edcios para as fam\u00edlias. E contrapor o agroneg\u00f3cio. Provar que a soja org\u00e2nica \u00e9 vi\u00e1vel no mercado e livre de veneno.<\/p>\n\n\n\n<p>H\u00e1 uma invas\u00e3o muito grande, dentro dos assentamentos, do agroneg\u00f3cio. N\u00f3s precisamos quebrar a monocultura. S\u00f3 vamos conseguir fazer isso combativos.<\/p>\n\n\n\n<p><strong>A soja \u00e9, talvez, o principal s\u00edmbolo desse agroneg\u00f3cio de exporta\u00e7\u00e3o. A soja org\u00e2nica \u00e9 tamb\u00e9m uma forma pol\u00edtica de tentar quebrar a ideia de que a monocultura vale mais a pena?<\/strong><\/p>\n\n\n\n<p>Sim, essa \u00e9 a ideia. Hoje, o principal alimento nosso \u00e9 a soja, praticamente. Voc\u00ea vai ter uma alimenta\u00e7\u00e3o saud\u00e1vel \u2013 voc\u00ea tem o \u00f3leo, tem o farelo. Ent\u00e3o voc\u00ea vai trabalhar dentro de uma l\u00f3gica. Com isso, estamos contrapondo o agroneg\u00f3cio.<\/p>\n\n\n\n<p><strong>O que voc\u00eas costumam produzir de alimento a partir de soja, j\u00e1 que a do agroneg\u00f3cio geralmente \u00e9 usada s\u00f3 para alimentar animais no exterior? Como voc\u00eas fazem da soja um alimento direto para o prato do brasileiro?<\/strong><\/p>\n\n\n\n<p>Nesse primeiro plantio de 100 hectares n\u00f3s fizemos uma parceria com uma empresa de ovos org\u00e2nicos. Esse vai ser o destinat\u00e1rio no primeiro ano. Mas estamos discutindo para poder fazer a nossa pr\u00f3pria ind\u00fastria a partir do segundo ano.<\/p>\n\n\n\n<blockquote class=\"wp-block-quote is-layout-flow wp-block-quote-is-layout-flow\"><p><em><strong>Fizemos uma parceria com uma empresa de ovos org\u00e2nicos.<\/strong><\/em>&nbsp;<\/p><\/blockquote>\n\n\n\n<p>Vamos poder esmagar a soja, tirar o \u00f3leo org\u00e2nico, que pode ir para a mesa do trabalhador tanto para comer quanto para ser vendido. Com o farelo, vamos tratar os animais nossos, que sobrevivem de farelo transg\u00eanico &#8211; tratar porco, tratar vaca. Serve para v\u00e1rios sentidos.<\/p>\n\n\n\n<p>\u00c9 poss\u00edvel que qualquer agricultor do Brasil produza a soja org\u00e2nica? \u00c9 economicamente vi\u00e1vel?<\/p>\n\n\n\n<p>A soja org\u00e2nica hoje \u00e9 vi\u00e1vel, porque, como a gente trabalha com o org\u00e2nico, agrega valor. Hoje, a soja transg\u00eanica est\u00e1 em torno de R$ 130 [a saca]. Com a org\u00e2nica, se ganha 30% a mais em cima \u2013 ent\u00e3o vai para R$ 150, R$ 170.<\/p>\n\n\n\n<p>No org\u00e2nico, precisa de m\u00e3o de obra, precisa capinar toda a lavoura nossa. No transg\u00eanico, como usa defensivo e passa o trator em tudo, n\u00e3o precisa de m\u00e3o de obra. O org\u00e2nico, ent\u00e3o, agregar valor para a economia dentro do assentamento. Al\u00e9m do pre\u00e7o bom, vai girar a economia para pagar di\u00e1ria.<\/p>\n\n\n\n<p><strong>Leia mais<\/strong>:&nbsp;<a href=\"https:\/\/www.brasildefato.com.br\/2020\/02\/10\/brasil-afrouxa-analise-de-seguranca-para-plantio-de-transgenicos\" target=\"_blank\" rel=\"noreferrer noopener\">Brasil afrouxa an\u00e1lise de seguran\u00e7a para plantio de transg\u00eanicos<\/a><\/p>\n\n\n\n<p>E \u00e9 vi\u00e1vel para todo o Brasil. Vamos fazer no Paran\u00e1, em S\u00e3o Paulo. Estamos come\u00e7ando a expandir para outros estados tamb\u00e9m. Fizemos uma parceria com a Embrapa. Eles v\u00e3o ceder v\u00e1rias experi\u00eancias da soja convencional para produzir soja org\u00e2nica. Vamos ter muita capacidade t\u00e9cnica e operacional para poder assessorar os outros estados.<\/p>\n\n\n\n<p>Qual mensagem o MST, os assentados, querem passar a partir dessa experi\u00eancia, dessa nova forma de se produzir soja?<\/p>\n\n\n\n<p>Eu gostaria de dizer a todos os assentados, n\u00e3o s\u00f3 do MST, mas todos os pequenos agricultores, que esse projeto \u00e9 vi\u00e1vel para a reforma agr\u00e1ria. N\u00f3s n\u00e3o vamos envenenar os assentamentos nossos. Vamos criar nossos filhos livres de veneno, livres de doen\u00e7as que os transg\u00eanicos v\u00eam provocando.<\/p>\n\n\n\n<p>\u00c9 vi\u00e1vel para poder gerar m\u00e3o de obra dentro dos assentamentos. Ent\u00e3o, que os pequenos agricultores venham fazer parte desse projeto dos gr\u00e3os org\u00e2nicos do MST.<\/p>\n\n\n\n<p>Edi\u00e7\u00e3o: Rodrigo Chagas<\/p>\n","protected":false},"excerpt":{"rendered":"<p>Agricultores do assentamento Ernesto Che Guevara, em Mato Grosso do Sul, semeiam 100 hectares de soja sem veneno<\/p>\n","protected":false},"author":1,"featured_media":0,"comment_status":"closed","ping_status":"open","sticky":false,"template":"","format":"standard","meta":{"_exactmetrics_skip_tracking":false,"_exactmetrics_sitenote_active":false,"_exactmetrics_sitenote_note":"","_exactmetrics_sitenote_category":0,"jetpack_post_was_ever_published":false,"_jetpack_newsletter_access":"","_jetpack_dont_email_post_to_subs":false,"_jetpack_newsletter_tier_id":0,"_jetpack_memberships_contains_paywalled_content":false,"_jetpack_memberships_contains_paid_content":false,"footnotes":"","jetpack_publicize_message":"","jetpack_publicize_feature_enabled":true,"jetpack_social_post_already_shared":true,"jetpack_social_options":{"image_generator_settings":{"template":"highway","enabled":false},"version":2}},"categories":[1],"tags":[],"class_list":["post-30196","post","type-post","status-publish","format-standard","hentry","category-notas"],"jetpack_publicize_connections":[],"jetpack_sharing_enabled":true,"jetpack_featured_media_url":"","jetpack_shortlink":"https:\/\/wp.me\/p7wKYW-7R2","jetpack-related-posts":[],"_links":{"self":[{"href":"http:\/\/blogdalucianaoliveira.com.br\/blog\/wp-json\/wp\/v2\/posts\/30196","targetHints":{"allow":["GET"]}}],"collection":[{"href":"http:\/\/blogdalucianaoliveira.com.br\/blog\/wp-json\/wp\/v2\/posts"}],"about":[{"href":"http:\/\/blogdalucianaoliveira.com.br\/blog\/wp-json\/wp\/v2\/types\/post"}],"author":[{"embeddable":true,"href":"http:\/\/blogdalucianaoliveira.com.br\/blog\/wp-json\/wp\/v2\/users\/1"}],"replies":[{"embeddable":true,"href":"http:\/\/blogdalucianaoliveira.com.br\/blog\/wp-json\/wp\/v2\/comments?post=30196"}],"version-history":[{"count":1,"href":"http:\/\/blogdalucianaoliveira.com.br\/blog\/wp-json\/wp\/v2\/posts\/30196\/revisions"}],"predecessor-version":[{"id":30197,"href":"http:\/\/blogdalucianaoliveira.com.br\/blog\/wp-json\/wp\/v2\/posts\/30196\/revisions\/30197"}],"wp:attachment":[{"href":"http:\/\/blogdalucianaoliveira.com.br\/blog\/wp-json\/wp\/v2\/media?parent=30196"}],"wp:term":[{"taxonomy":"category","embeddable":true,"href":"http:\/\/blogdalucianaoliveira.com.br\/blog\/wp-json\/wp\/v2\/categories?post=30196"},{"taxonomy":"post_tag","embeddable":true,"href":"http:\/\/blogdalucianaoliveira.com.br\/blog\/wp-json\/wp\/v2\/tags?post=30196"}],"curies":[{"name":"wp","href":"https:\/\/api.w.org\/{rel}","templated":true}]}}