{"id":30270,"date":"2020-12-07T11:18:49","date_gmt":"2020-12-07T15:18:49","guid":{"rendered":"http:\/\/blogdalucianaoliveira.com.br\/blog\/?p=30270"},"modified":"2020-12-07T11:19:23","modified_gmt":"2020-12-07T15:19:23","slug":"em-meio-a-segunda-onda-de-covid-e-a-crise-bolsonaro-encerra-auxilio-emergencial","status":"publish","type":"post","link":"http:\/\/blogdalucianaoliveira.com.br\/blog\/2020\/12\/07\/em-meio-a-segunda-onda-de-covid-e-a-crise-bolsonaro-encerra-auxilio-emergencial\/","title":{"rendered":"Em meio \u00e0 segunda onda de Covid e \u00e0 crise, Bolsonaro encerra aux\u00edlio emergencial"},"content":{"rendered":"\n<figure class=\"wp-block-image size-large\"><img data-recalc-dims=\"1\" loading=\"lazy\" decoding=\"async\" width=\"600\" height=\"400\" data-attachment-id=\"30271\" data-permalink=\"http:\/\/blogdalucianaoliveira.com.br\/blog\/2020\/12\/07\/em-meio-a-segunda-onda-de-covid-e-a-crise-bolsonaro-encerra-auxilio-emergencial\/18-12-2019-conferencia-nacional-para-agentes-publicos-e-poli\/\" data-orig-file=\"https:\/\/i0.wp.com\/blogdalucianaoliveira.com.br\/blog\/wp-content\/uploads\/2020\/12\/F6F0DB38-F135-497C-BA1F-D84E9234DABD.jpeg?fit=700%2C467\" data-orig-size=\"700,467\" data-comments-opened=\"0\" data-image-meta=\"{&quot;aperture&quot;:&quot;0&quot;,&quot;credit&quot;:&quot;Alan Santos&quot;,&quot;camera&quot;:&quot;&quot;,&quot;caption&quot;:&quot;(Bras\\u00edlia- DF, 18\\\/12\\\/2019) Palavras do Presidente da Rep\\u00fablica, Jair Bolsonaro na Confer\\u00eancia Nacional para Agentes P\\u00fablicos e Pol\\u00edticos Crist\\u00e3os da Frente Parlamentar Evang\\u00e9lica no Congresso Nacional.rFoto: Alan Santos\\\/PR&quot;,&quot;created_timestamp&quot;:&quot;1576693083&quot;,&quot;copyright&quot;:&quot;&quot;,&quot;focal_length&quot;:&quot;0&quot;,&quot;iso&quot;:&quot;0&quot;,&quot;shutter_speed&quot;:&quot;0&quot;,&quot;title&quot;:&quot;18\\\/12\\\/2019\\u00a0Confer\\u00eancia Nacional para Agentes P\\u00fablicos e Pol\\u00ed&quot;,&quot;orientation&quot;:&quot;0&quot;}\" data-image-title=\"18\/12\/2019\u00a0Confer\u00eancia Nacional para Agentes P\u00fablicos e Pol\u00ed\" data-image-description=\"\" data-image-caption=\"&lt;p&gt;(Bras\u00edlia- DF, 18\/12\/2019) Palavras do Presidente da Rep\u00fablica, Jair Bolsonaro na Confer\u00eancia Nacional para Agentes P\u00fablicos e Pol\u00edticos Crist\u00e3os da Frente Parlamentar Evang\u00e9lica no Congresso Nacional.\\rFoto: Alan Santos\/PR&lt;\/p&gt;\n\" data-medium-file=\"https:\/\/i0.wp.com\/blogdalucianaoliveira.com.br\/blog\/wp-content\/uploads\/2020\/12\/F6F0DB38-F135-497C-BA1F-D84E9234DABD.jpeg?fit=300%2C200\" data-large-file=\"https:\/\/i0.wp.com\/blogdalucianaoliveira.com.br\/blog\/wp-content\/uploads\/2020\/12\/F6F0DB38-F135-497C-BA1F-D84E9234DABD.jpeg?fit=600%2C400\" src=\"https:\/\/i0.wp.com\/blogdalucianaoliveira.com.br\/blog\/wp-content\/uploads\/2020\/12\/F6F0DB38-F135-497C-BA1F-D84E9234DABD.jpeg?resize=600%2C400\" alt=\"\" class=\"wp-image-30271\" srcset=\"https:\/\/i0.wp.com\/blogdalucianaoliveira.com.br\/blog\/wp-content\/uploads\/2020\/12\/F6F0DB38-F135-497C-BA1F-D84E9234DABD.jpeg?w=700 700w, https:\/\/i0.wp.com\/blogdalucianaoliveira.com.br\/blog\/wp-content\/uploads\/2020\/12\/F6F0DB38-F135-497C-BA1F-D84E9234DABD.jpeg?resize=300%2C200 300w, https:\/\/i0.wp.com\/blogdalucianaoliveira.com.br\/blog\/wp-content\/uploads\/2020\/12\/F6F0DB38-F135-497C-BA1F-D84E9234DABD.jpeg?resize=450%2C300 450w\" sizes=\"auto, (max-width: 600px) 100vw, 600px\" \/><\/figure>\n\n\n\n<p>Apesar do recente aumento dos casos de Covid-19, o que tem sido apontado por especialistas como ind\u00edcio de uma segunda onda da pandemia no pa\u00eds, o governo Bolsonaro encerra neste m\u00eas os pagamentos do aux\u00edlio emergencial.<\/p>\n\n\n\n<!--more-->\n\n\n\n<p>A Caixa Econ\u00f4mica Federal concluir\u00e1 todos os \u00faltimos dep\u00f3sitos do aux\u00edlio entre os dias 13 e 29 de dezembro para aqueles que se inscreveram no programa por aplicativo ou que foram inclu\u00eddos por estarem no Cad\u00danico.<\/p>\n\n\n\n<p>J\u00e1 os benefici\u00e1rios do Bolsa Fam\u00edlia que recebem o aux\u00edlio tamb\u00e9m ter\u00e3o os dep\u00f3sitos neste m\u00eas, mas entre os dias 10 e 23.<\/p>\n\n\n\n<p>As parcelas deste \u00faltimo m\u00eas variam conforme a data de entrada no programa. Benefici\u00e1rios que recebem o dinheiro desde abril agora ter\u00e3o direito ao nono pagamento, enquanto os \u00faltimos aprovados ter\u00e3o a soma de quatro parcelas depositadas em suas contas.<\/p>\n\n\n\n<p>Diversos estudos apontam para o risco de aumento da pobreza e desigualdade com o fim do aux\u00edlio emergencial. Segundo c\u00e1lculos do soci\u00f3logo Rog\u00e9rio Barbosa, da Universidade do Estado do Rio de Janeiro (Uerj), o encerramento dos repasses em meio \u00e0 atual crise econ\u00f4mica e sanit\u00e1ria pode elevar a desigualdade no pa\u00eds ao patamar dos anos 1980.<\/p>\n\n\n\n<p>Enquanto isso, o Bolsa Fam\u00edlia, principal programa social de transfer\u00eancia de renda do pa\u00eds, n\u00e3o ser\u00e1 capaz de absorver todos os desamparados pelo fim do aux\u00edlio. A fila do programa voltou ao patamar de&nbsp;<a rel=\"noreferrer noopener\" href=\"https:\/\/revistaforum.com.br\/brasil\/reducao-do-auxilio-emergencial-faz-bolsa-familia-voltar-a-ter-fila-de-1-milhao\/\" target=\"_blank\">quase 1 milh\u00e3o de pessoas<\/a>&nbsp;e a tend\u00eancia \u00e9 que n\u00famero aumente nos pr\u00f3ximos meses.<\/p>\n","protected":false},"excerpt":{"rendered":"<p>Apesar do recente aumento dos casos de Covid-19, o que tem sido apontado por especialistas como ind\u00edcio de uma segunda onda da pandemia no pa\u00eds, o governo Bolsonaro encerra neste m\u00eas os pagamentos do aux\u00edlio emergencial.<\/p>\n","protected":false},"author":1,"featured_media":0,"comment_status":"closed","ping_status":"open","sticky":false,"template":"","format":"standard","meta":{"_exactmetrics_skip_tracking":false,"_exactmetrics_sitenote_active":false,"_exactmetrics_sitenote_note":"","_exactmetrics_sitenote_category":0,"jetpack_post_was_ever_published":false,"_jetpack_newsletter_access":"","_jetpack_dont_email_post_to_subs":false,"_jetpack_newsletter_tier_id":0,"_jetpack_memberships_contains_paywalled_content":false,"_jetpack_memberships_contains_paid_content":false,"footnotes":"","jetpack_publicize_message":"","jetpack_publicize_feature_enabled":true,"jetpack_social_post_already_shared":true,"jetpack_social_options":{"image_generator_settings":{"template":"highway","enabled":false},"version":2}},"categories":[1],"tags":[],"class_list":["post-30270","post","type-post","status-publish","format-standard","hentry","category-notas"],"jetpack_publicize_connections":[],"jetpack_sharing_enabled":true,"jetpack_featured_media_url":"","jetpack_shortlink":"https:\/\/wp.me\/p7wKYW-7Se","jetpack-related-posts":[],"_links":{"self":[{"href":"http:\/\/blogdalucianaoliveira.com.br\/blog\/wp-json\/wp\/v2\/posts\/30270","targetHints":{"allow":["GET"]}}],"collection":[{"href":"http:\/\/blogdalucianaoliveira.com.br\/blog\/wp-json\/wp\/v2\/posts"}],"about":[{"href":"http:\/\/blogdalucianaoliveira.com.br\/blog\/wp-json\/wp\/v2\/types\/post"}],"author":[{"embeddable":true,"href":"http:\/\/blogdalucianaoliveira.com.br\/blog\/wp-json\/wp\/v2\/users\/1"}],"replies":[{"embeddable":true,"href":"http:\/\/blogdalucianaoliveira.com.br\/blog\/wp-json\/wp\/v2\/comments?post=30270"}],"version-history":[{"count":2,"href":"http:\/\/blogdalucianaoliveira.com.br\/blog\/wp-json\/wp\/v2\/posts\/30270\/revisions"}],"predecessor-version":[{"id":30273,"href":"http:\/\/blogdalucianaoliveira.com.br\/blog\/wp-json\/wp\/v2\/posts\/30270\/revisions\/30273"}],"wp:attachment":[{"href":"http:\/\/blogdalucianaoliveira.com.br\/blog\/wp-json\/wp\/v2\/media?parent=30270"}],"wp:term":[{"taxonomy":"category","embeddable":true,"href":"http:\/\/blogdalucianaoliveira.com.br\/blog\/wp-json\/wp\/v2\/categories?post=30270"},{"taxonomy":"post_tag","embeddable":true,"href":"http:\/\/blogdalucianaoliveira.com.br\/blog\/wp-json\/wp\/v2\/tags?post=30270"}],"curies":[{"name":"wp","href":"https:\/\/api.w.org\/{rel}","templated":true}]}}