{"id":30274,"date":"2020-12-07T11:27:09","date_gmt":"2020-12-07T15:27:09","guid":{"rendered":"http:\/\/blogdalucianaoliveira.com.br\/blog\/?p=30274"},"modified":"2020-12-07T11:27:19","modified_gmt":"2020-12-07T15:27:19","slug":"conheca-as-historias-das-12-criancas-mortas-baleadas-no-rio-em-2020","status":"publish","type":"post","link":"http:\/\/blogdalucianaoliveira.com.br\/blog\/2020\/12\/07\/conheca-as-historias-das-12-criancas-mortas-baleadas-no-rio-em-2020\/","title":{"rendered":"Conhe\u00e7a as hist\u00f3rias das 12 crian\u00e7as mortas baleadas no Rio em 2020"},"content":{"rendered":"\n<figure class=\"wp-block-image size-large\"><img data-recalc-dims=\"1\" loading=\"lazy\" decoding=\"async\" width=\"600\" height=\"367\" data-attachment-id=\"30275\" data-permalink=\"http:\/\/blogdalucianaoliveira.com.br\/blog\/2020\/12\/07\/conheca-as-historias-das-12-criancas-mortas-baleadas-no-rio-em-2020\/77322e49-e2b8-420a-887c-8cb0647b5bab\/\" data-orig-file=\"https:\/\/i0.wp.com\/blogdalucianaoliveira.com.br\/blog\/wp-content\/uploads\/2020\/12\/77322E49-E2B8-420A-887C-8CB0647B5BAB.jpeg?fit=926%2C567\" data-orig-size=\"926,567\" data-comments-opened=\"0\" data-image-meta=\"{&quot;aperture&quot;:&quot;0&quot;,&quot;credit&quot;:&quot;&quot;,&quot;camera&quot;:&quot;&quot;,&quot;caption&quot;:&quot;&quot;,&quot;created_timestamp&quot;:&quot;0&quot;,&quot;copyright&quot;:&quot;&quot;,&quot;focal_length&quot;:&quot;0&quot;,&quot;iso&quot;:&quot;0&quot;,&quot;shutter_speed&quot;:&quot;0&quot;,&quot;title&quot;:&quot;&quot;,&quot;orientation&quot;:&quot;0&quot;}\" data-image-title=\"77322E49-E2B8-420A-887C-8CB0647B5BAB\" data-image-description=\"\" data-image-caption=\"\" data-medium-file=\"https:\/\/i0.wp.com\/blogdalucianaoliveira.com.br\/blog\/wp-content\/uploads\/2020\/12\/77322E49-E2B8-420A-887C-8CB0647B5BAB.jpeg?fit=300%2C184\" data-large-file=\"https:\/\/i0.wp.com\/blogdalucianaoliveira.com.br\/blog\/wp-content\/uploads\/2020\/12\/77322E49-E2B8-420A-887C-8CB0647B5BAB.jpeg?fit=600%2C367\" src=\"https:\/\/i0.wp.com\/blogdalucianaoliveira.com.br\/blog\/wp-content\/uploads\/2020\/12\/77322E49-E2B8-420A-887C-8CB0647B5BAB.jpeg?resize=600%2C367\" alt=\"\" class=\"wp-image-30275\" srcset=\"https:\/\/i0.wp.com\/blogdalucianaoliveira.com.br\/blog\/wp-content\/uploads\/2020\/12\/77322E49-E2B8-420A-887C-8CB0647B5BAB.jpeg?w=926 926w, https:\/\/i0.wp.com\/blogdalucianaoliveira.com.br\/blog\/wp-content\/uploads\/2020\/12\/77322E49-E2B8-420A-887C-8CB0647B5BAB.jpeg?resize=300%2C184 300w, https:\/\/i0.wp.com\/blogdalucianaoliveira.com.br\/blog\/wp-content\/uploads\/2020\/12\/77322E49-E2B8-420A-887C-8CB0647B5BAB.jpeg?resize=768%2C470 768w, https:\/\/i0.wp.com\/blogdalucianaoliveira.com.br\/blog\/wp-content\/uploads\/2020\/12\/77322E49-E2B8-420A-887C-8CB0647B5BAB.jpeg?resize=490%2C300 490w\" sizes=\"auto, (max-width: 600px) 100vw, 600px\" \/><\/figure>\n\n\n\n<p>As duas \u00faltimas v\u00edtimas desta estat\u00edstica s\u00e3o as primas Emilly Victoria, de 4 anos, e Rebecca Beatriz, de 7 anos, mortas enquanto brincavam na porta de casa, em Duque de Caxias.<\/p>\n\n\n\n<!--more-->\n\n\n\n<p>No G1<\/p>\n\n\n\n<p>Desde o come\u00e7o do ano, 12 crian\u00e7as morreram baleadas no Estado do Rio de Janeiro. As duas \u00faltimas v\u00edtimas desta estat\u00edstica s\u00e3o as primas Emilly Victoria, de 4 anos, e Rebecca Beatriz, de 7 anos, que&nbsp;<a href=\"https:\/\/g1.globo.com\/rj\/rio-de-janeiro\/noticia\/2020\/12\/05\/criancas-morrem-em-tiroteio-em-duque-de-caxias.ghtml\">morreram enquanto brincavam na porta de casa,&nbsp;<\/a>na comunidade Santo Ant\u00f4nio, em Duque de Caxias, na Baixada Fluminense, na noite de sexta-feira (4).&nbsp;<\/p>\n\n\n\n<figure class=\"wp-block-image\"><img data-recalc-dims=\"1\" decoding=\"async\" src=\"https:\/\/i0.wp.com\/s02.video.glbimg.com\/x240\/9080721.jpg?w=600&#038;ssl=1\" alt=\"V\u00cdDEO: 12 crian\u00e7as morreram v\u00edtimas de balas perdidas no RJ em 2020\"\/><\/figure>\n\n\n\n<p>V\u00cdDEO: 12 crian\u00e7as morreram v\u00edtimas de balas perdidas no RJ em 2020&nbsp;<\/p>\n\n\n\n<p>Conhe\u00e7a um pouco das hist\u00f3rias das 12 crian\u00e7as que tiveram as vidas interrompidas pela viol\u00eancia:&nbsp;<\/p>\n\n\n\n<h2 class=\"wp-block-heading\">Anna Carolina, de 8 anos<\/h2>\n\n\n\n<figure class=\"wp-block-image\"><img data-recalc-dims=\"1\" decoding=\"async\" src=\"https:\/\/i0.wp.com\/s2.glbimg.com\/cNhxEfAlAOwaIkmy7LF1ECWdDpI%3D\/0x0%3A702x330\/984x0\/smart\/filters%3Astrip_icc%28%29\/i.s3.glbimg.com\/v1\/AUTH_59edd422c0c84a879bd37670ae4f538a\/internal_photos\/bs\/2020\/C\/l\/NdavUMTpe55VVedxYHRA\/crianca-morta.jpg?w=600&#038;ssl=1\" alt=\"Menina de 8 anos morre atingida por bala perdida em Belford Roxo, RJ \u2014 Foto: Reprodu\u00e7\u00e3o \/ rede social\"\/><\/figure>\n\n\n\n<p>Menina de 8 anos morre atingida por bala perdida em Belford Roxo, RJ \u2014 Foto: Reprodu\u00e7\u00e3o \/ rede social.<\/p>\n\n\n\n<p>Anna Carolina de Souza Neves, de 8 anos de idade, morreu no dia 10 de janeiro&nbsp;<a href=\"https:\/\/g1.globo.com\/rj\/rio-de-janeiro\/noticia\/2020\/01\/10\/crianca-morre-atingida-por-bala-perdida-em-belford-roxo-na-baixada-fluminense.ghtml\">depois de ter sido baleada na cabe\u00e7a quando estava sentada no sof\u00e1&nbsp;<\/a>de casa no bairro Parque Esperan\u00e7a, em Belford, Roxo, na Baixada Fluminense.&nbsp;<\/p>\n\n\n\n<p>A fam\u00edlia informou \u00e0 pol\u00edcia que disparos foram ouvidos pouco antes de a menina ser atingida. Segundo a PM, n\u00e3o havia opera\u00e7\u00e3o na regi\u00e3o em que Anna Carolina foi baleada.&nbsp;<\/p>\n\n\n\n<p>O pai da menina chegou a carregar a filha at\u00e9 uma viatura policial para ser socorrida. Ela foi levada para o Hospital de Saracuruna, mas n\u00e3o resistiu aos ferimentos.<\/p>\n\n\n\n<h2 class=\"wp-block-heading\">Jo\u00e3o Vitor, de 14 anos<\/h2>\n\n\n\n<figure class=\"wp-block-image\"><img data-recalc-dims=\"1\" decoding=\"async\" src=\"https:\/\/i0.wp.com\/s2.glbimg.com\/8V2p41aeBJ5aKM9M5yjcLZeGCco%3D\/0x0%3A891x609\/984x0\/smart\/filters%3Astrip_icc%28%29\/i.s3.glbimg.com\/v1\/AUTH_59edd422c0c84a879bd37670ae4f538a\/internal_photos\/bs\/2020\/F\/n\/gc0RS8T7erN24xYDy7mw\/joao-vitor.jpg?w=600&#038;ssl=1\" alt=\"Jo\u00e3o Vitor morreu depois de ter sido baleado na cabe\u00e7a em Vila Kosmos, na Zona Norte do Rio \u2014 Foto: Reprodu\u00e7\u00e3o\/ TV Globo\"\/><\/figure>\n\n\n\n<p>Jo\u00e3o Vitor morreu depois de ter sido baleado na cabe\u00e7a em Vila Kosmos, na Zona Norte do Rio \u2014 Foto: Reprodu\u00e7\u00e3o\/ TV Globo&nbsp;<\/p>\n\n\n\n<p>Jo\u00e3o Vitor Moreira, de 14 anos, morreu no dia 2 de fevereiro,&nbsp;<a href=\"https:\/\/g1.globo.com\/rj\/rio-de-janeiro\/noticia\/2020\/02\/02\/morre-adolescente-de-14-anos-baleado-em-vila-kosmos.ghtml\">depois de ter sido baleado na cabe\u00e7a<\/a>&nbsp;em Vila Kosmos, na Zona Norte do Rio. Ele voltava da festa de anivers\u00e1rio da prima de 2 anos.&nbsp;<\/p>\n\n\n\n<figure class=\"wp-block-image\"><img data-recalc-dims=\"1\" decoding=\"async\" src=\"https:\/\/i0.wp.com\/s02.video.glbimg.com\/x240\/8288877.jpg?w=600&#038;ssl=1\" alt=\"Morre o adolescente atingido por bala perdida em Vila Cosmos\"\/><\/figure>\n\n\n\n<p>Morre o adolescente atingido por bala perdida em Vila Cosmos<\/p>\n\n\n\n<h2 class=\"wp-block-heading\">Luiz Ant\u00f4nio, de 14 anos<\/h2>\n\n\n\n<figure class=\"wp-block-image\"><img data-recalc-dims=\"1\" decoding=\"async\" src=\"https:\/\/i0.wp.com\/s2.glbimg.com\/0Xs1BZDNiJmH9ON1-Gva1mQiCOE%3D\/0x0%3A642x843\/984x0\/smart\/filters%3Astrip_icc%28%29\/i.s3.glbimg.com\/v1\/AUTH_59edd422c0c84a879bd37670ae4f538a\/internal_photos\/bs\/2020\/1\/n\/pQoApfR9erbhl2cpF8eA\/luiz-antonio.jpg?w=600&#038;ssl=1\" alt=\"Luiz Ant\u00f4nio estava em processo de ado\u00e7\u00e3o e foi atingido na perna quando sa\u00eda de uma consulta com o psic\u00f3logo com a m\u00e3e adotiva, segundo a fam\u00edlia. \u2014 Foto: Reprodu\u00e7\u00e3o\/ TV Globo\"\/><\/figure>\n\n\n\n<p>Luiz Ant\u00f4nio estava em processo de ado\u00e7\u00e3o e foi atingido na perna quando sa\u00eda de uma consulta com o psic\u00f3logo com a m\u00e3e adotiva, segundo a fam\u00edlia. \u2014 Foto: Reprodu\u00e7\u00e3o\/ TV Globo&nbsp;<\/p>\n\n\n\n<p>Luiz Ant\u00f4nio de Souza Ferreira da Silva, de 14 anos, morreu no dia 7 de fevereiro em S\u00e3o Jo\u00e3o de Meriti. Ele estava em processo de ado\u00e7\u00e3o e&nbsp;<a href=\"https:\/\/g1.globo.com\/rj\/rio-de-janeiro\/noticia\/2020\/02\/07\/adolescente-morre-apos-ser-baleado-em-sao-joao-de-meriti-na-baixada-fluminense.ghtml\">foi atingido na perna quando sa\u00eda de uma consulta com o psic\u00f3logo<\/a>&nbsp;com a m\u00e3e adotiva, segundo a fam\u00edlia.&nbsp;<\/p>\n\n\n\n<p>Luiz Ant\u00f4nio foi levado em estado grav\u00edssimo para o Hospital da Posse, em Nova Igua\u00e7u, na Baixada Fluminense, onde passou por uma cirurgia, mas n\u00e3o resistiu aos ferimentos.&nbsp;<\/p>\n\n\n\n<figure class=\"wp-block-image\"><img data-recalc-dims=\"1\" decoding=\"async\" src=\"https:\/\/i0.wp.com\/s02.video.glbimg.com\/x240\/8304789.jpg?w=600&#038;ssl=1\" alt=\"Adolescente morre depois de tiroteio em S\u00e3o Jo\u00e3o de Meriti\"\/><\/figure>\n\n\n\n<p>Adolescente morre depois de tiroteio em S\u00e3o Jo\u00e3o de Meriti<\/p>\n\n\n\n<h2 class=\"wp-block-heading\">Jo\u00e3o Pedro, 14 anos<\/h2>\n\n\n\n<figure class=\"wp-block-image\"><img data-recalc-dims=\"1\" decoding=\"async\" src=\"https:\/\/i0.wp.com\/s2.glbimg.com\/_hmqESIih85BFSc00oLQvNdolxw%3D\/0x0%3A878x1080\/984x0\/smart\/filters%3Astrip_icc%28%29\/i.s3.glbimg.com\/v1\/AUTH_59edd422c0c84a879bd37670ae4f538a\/internal_photos\/bs\/2020\/j\/A\/G5nOZ1Rs2rtYpswnE0Dg\/20jp2.jpg?w=600&#038;ssl=1\" alt=\"Jo\u00e3o Pedro Mattos Pinto, morto em opera\u00e7\u00e3o em S\u00e3o Gon\u00e7alo \u2014 Foto: Reprodu\u00e7\u00e3o\/TV Globo\"\/><\/figure>\n\n\n\n<p>Jo\u00e3o Pedro Mattos Pinto, morto em opera\u00e7\u00e3o em S\u00e3o Gon\u00e7alo \u2014 Foto: Reprodu\u00e7\u00e3o\/TV Globo&nbsp;<\/p>\n\n\n\n<p>Jo\u00e3o Pedro Mattos Pinto, de 14 anos,&nbsp;<a href=\"https:\/\/g1.globo.com\/rj\/rio-de-janeiro\/noticia\/2020\/05\/19\/menino-de-14-anos-e-baleado-durante-operacao-no-complexo-do-salgueiro-rj.ghtml\">foi morto durante uma opera\u00e7\u00e3o&nbsp;<\/a>conjunta das pol\u00edcias Civil e Federal no Complexo do Salgueiro, em S\u00e3o Gon\u00e7alo, no dia 18 de maio. De acordo com relatos de parentes, a pol\u00edcia invadiu a casa.&nbsp;<\/p>\n\n\n\n<p>Um dos presentes teria gritado que s\u00f3 havia crian\u00e7as na resid\u00eancia, deitadas no ch\u00e3o e com as m\u00e3os para cima. Baleado, o adolescente foi levado da casa de helic\u00f3ptero. Parentes afirmam que&nbsp;ele foi transportado na aeronave sem que qualquer pessoa pudesse acompanh\u00e1-lo, tampouco sem saber para onde iria.&nbsp;<\/p>\n\n\n\n<p>A fam\u00edlia ficou sem not\u00edcias do menino at\u00e9 a manh\u00e3 do dia seguinte, quando foi informada da morte do adolescente.<\/p>\n\n\n\n<h2 class=\"wp-block-heading\">Douglas Enzo, de 4 anos<\/h2>\n\n\n\n<figure class=\"wp-block-image\"><img data-recalc-dims=\"1\" decoding=\"async\" src=\"https:\/\/i0.wp.com\/s2.glbimg.com\/0sxUZyryo94lsLUa9TMbXxGk0XU%3D\/0x0%3A726x573\/984x0\/smart\/filters%3Astrip_icc%28%29\/i.s3.glbimg.com\/v1\/AUTH_59edd422c0c84a879bd37670ae4f538a\/internal_photos\/bs\/2020\/O\/T\/lQwfw9TqeoHPR6Md09iw\/douglas.jpg?w=600&#038;ssl=1\" alt=\"Douglas Enzo, de 4 anos, foi morto na pr\u00f3pria festa de anivers\u00e1rio \u2014 Foto: Reprodu\u00e7\u00e3o\/ TV Globo\"\/><\/figure>\n\n\n\n<p>Douglas Enzo, de 4 anos, foi morto na pr\u00f3pria festa de anivers\u00e1rio \u2014 Foto: Reprodu\u00e7\u00e3o\/ TV Globo<\/p>\n\n\n\n<p>Douglas Enzo Maia dos Santos Marinho, de 4 anos de idade,&nbsp;<a href=\"https:\/\/g1.globo.com\/rj\/rio-de-janeiro\/noticia\/2020\/06\/08\/menino-de-4-anos-e-assassinado-em-sua-festa-de-aniversario-em-piabeta.ghtml\">foi morto na pr\u00f3pria festa de anivers\u00e1rio,&nbsp;<\/a>em Piabet\u00e1, na Baixada Fluminense. Ele foi atingido com um tiro no peito em junho.&nbsp;<\/p>\n\n\n\n<p>Segundo a fam\u00edlia, o menino estava muito feliz com a comemora\u00e7\u00e3o, que tinha tema do seu her\u00f3i favorito, o Hulk.&nbsp;<\/p>\n\n\n\n<p>Ele chegou a ouvir os convidados cantarem parab\u00e9ns, mas, logo depois, o menino foi morto com um tiro de rev\u00f3lver na frente de todos, inclusive das crian\u00e7as.&nbsp;<\/p>\n\n\n\n<p>O autor do disparo, que entrou na comemora\u00e7\u00e3o com outros convidados, foi preso em flagrante.&nbsp;<\/p>\n\n\n\n<figure class=\"wp-block-image\"><img data-recalc-dims=\"1\" decoding=\"async\" src=\"https:\/\/i0.wp.com\/s02.video.glbimg.com\/x240\/8611657.jpg?w=600&#038;ssl=1\" alt=\"Menino de 4 anos \u00e9 assassinado no dia do anivers\u00e1rio em Mag\u00e9\"\/><\/figure>\n\n\n\n<p>Menino de 4 anos \u00e9 assassinado no dia do anivers\u00e1rio em Mag\u00e9&nbsp;<\/p>\n\n\n\n<h2 class=\"wp-block-heading\">Kau\u00e3 Vitor, de 11 anos<\/h2>\n\n\n\n<figure class=\"wp-block-image\"><img data-recalc-dims=\"1\" decoding=\"async\" src=\"https:\/\/i0.wp.com\/s2.glbimg.com\/1ZD0Wy_WHQ9bM3A7CEcf8ksVdD0%3D\/0x0%3A256x255\/984x0\/smart\/filters%3Astrip_icc%28%29\/i.s3.glbimg.com\/v1\/AUTH_59edd422c0c84a879bd37670ae4f538a\/internal_photos\/bs\/2020\/z\/W\/K0srZdQQAjX1YgVAxfcg\/kaua.jpg?w=600&#038;ssl=1\" alt=\"Kau\u00e3 Vitor, de 11 anos, morreu baleado na cabe\u00e7a em junho \u2014 Foto: Reprodu\u00e7\u00e3o\/ TV Globo\"\/><\/figure>\n\n\n\n<p>Kau\u00e3 Vitor, de 11 anos, morreu baleado na cabe\u00e7a em junho \u2014 Foto: Reprodu\u00e7\u00e3o\/ TV Globo&nbsp;<\/p>\n\n\n\n<p>Kau\u00e3 V\u00edtor da Silva, de 11 anos,&nbsp;<a href=\"https:\/\/g1.globo.com\/rj\/rio-de-janeiro\/noticia\/2020\/06\/25\/menino-morre-apos-ser-baleado-na-cabeca-no-complexo-da-mare.ghtml\">foi baleado na cabe\u00e7a no dia 25 de junho,&nbsp;<\/a>no Complexo da Mar\u00e9. De acordo com a Pol\u00edcia Militar, parentes do garoto contaram que ele brincava na porta de casa quando outro menor disparou uma arma acidentalmente.&nbsp;<\/p>\n\n\n\n<figure class=\"wp-block-image\"><img data-recalc-dims=\"1\" decoding=\"async\" src=\"https:\/\/i0.wp.com\/s02.video.glbimg.com\/x240\/8650457.jpg?w=600&#038;ssl=1\" alt=\"Crian\u00e7a de 11 anos morre baleada na cabe\u00e7a\"\/><\/figure>\n\n\n\n<h2 class=\"wp-block-heading\">Rayane, de 10 anos<\/h2>\n\n\n\n<figure class=\"wp-block-image\"><img data-recalc-dims=\"1\" decoding=\"async\" src=\"https:\/\/i0.wp.com\/s2.glbimg.com\/aswj8XFPvkP_tRN1L3y_ImSNH-A%3D\/0x0%3A822x633\/984x0\/smart\/filters%3Astrip_icc%28%29\/i.s3.glbimg.com\/v1\/AUTH_59edd422c0c84a879bd37670ae4f538a\/internal_photos\/bs\/2020\/Y\/g\/97AIC9S0OAjylw2SRsig\/rayane.jpg?w=600&#038;ssl=1\" alt=\"Rayane Lopes foi morta em uma chacina em Anchieta, na Zona Norte do Rio \u2014 Foto: Reprodu\u00e7\u00e3o\/ TV Globo\"\/><\/figure>\n\n\n\n<p>Rayane Lopes foi morta em uma chacina em Anchieta, na Zona Norte do Rio \u2014 Foto: Reprodu\u00e7\u00e3o\/ TV Globo&nbsp;<\/p>\n\n\n\n<p>Rayane Lopes, de 10 anos de idade, morreu no dia 28 de junho&nbsp;<a href=\"https:\/\/g1.globo.com\/rj\/rio-de-janeiro\/noticia\/2020\/06\/29\/menina-de-10-anos-morta-em-chacina-em-anchieta-e-enterrada-pai-baleado-ao-proteger-filha-vai-ao-cemiterio.ghtml\">em uma chacina no bairro de Anchieta,<\/a>&nbsp;na Zona Norte.&nbsp;<\/p>\n\n\n\n<p>Al\u00e9m da menina, mais quatro homens morreram na festa junina que acontecia em um dos acessos \u00e0 comunidade \u00c0s de Ouro. Testemunhas contaram que quatro homens armados desceram de um carro preto e dispararam contra os frequentadores da festa.&nbsp;<\/p>\n\n\n\n<figure class=\"wp-block-image\"><img data-recalc-dims=\"1\" decoding=\"async\" src=\"https:\/\/i0.wp.com\/s01.video.glbimg.com\/x240\/8661036.jpg?w=600&#038;ssl=1\" alt=\"Menina Rayane, de 10 anos, morta numa festa junina em Anchieta, \u00e9 enterrada\"\/><\/figure>\n\n\n\n<p>Menina Rayane, de 10 anos, morta numa festa junina em Anchieta, \u00e9 enterrada<\/p>\n\n\n\n<h2 class=\"wp-block-heading\">\u00cdtalo Augusto, 7 anos<\/h2>\n\n\n\n<figure class=\"wp-block-image\"><img data-recalc-dims=\"1\" decoding=\"async\" src=\"https:\/\/i0.wp.com\/s2.glbimg.com\/tydMm1f7pZBmSsZHN_h-cG4hiHs%3D\/0x292%3A705x1080\/984x0\/smart\/filters%3Astrip_icc%28%29\/i.s3.glbimg.com\/v1\/AUTH_59edd422c0c84a879bd37670ae4f538a\/internal_photos\/bs\/2020\/y\/N\/yPajKaROiQvAIwCGrHsw\/01italo1.jpg?w=600&#038;ssl=1\" alt=\"\u00cdtalo Augusto, morto na porta de casa, em Meriti \u2014 Foto: Reprodu\u00e7\u00e3o\"\/><\/figure>\n\n\n\n<p>\u00cdtalo Augusto, morto na porta de casa, em Meriti \u2014 Foto: Reprodu\u00e7\u00e3o&nbsp;<\/p>\n\n\n\n<p>O menino \u00cdtalo Augusto, de 7 anos de idade,&nbsp;<a href=\"https:\/\/g1.globo.com\/rj\/rio-de-janeiro\/noticia\/2020\/07\/01\/crianca-morre-apos-ser-baleada-na-porta-de-casa-na-baixada-fluminense.ghtml\">morreu ap\u00f3s ser baleado<\/a>&nbsp;na porta de casa, no bairro \u00c9den, em S\u00e3o Jo\u00e3o de Meriti, na Baixada Fluminense. O crime aconteceu no dia 30 de junho.&nbsp;<\/p>\n\n\n\n<p>Testemunhas afirmam que ele levou um tiro na cabe\u00e7a. Ele foi socorrido por familiares e vizinhos. Segundo a Secretaria Estadual de Sa\u00fade, ele j\u00e1 chegou morto \u00e0 UPA do bairro.&nbsp;<\/p>\n\n\n\n<figure class=\"wp-block-image\"><img data-recalc-dims=\"1\" decoding=\"async\" src=\"https:\/\/i0.wp.com\/s01.video.glbimg.com\/x240\/8664604.jpg?w=600&#038;ssl=1\" alt=\"Menino de 7 anos morre baleado na porta de casa, em S\u00e3o Jo\u00e3o de Meriti\"\/><\/figure>\n\n\n\n<p>Menino de 7 anos morre baleado na porta de casa, em S\u00e3o Jo\u00e3o de Meriti<\/p>\n\n\n\n<h2 class=\"wp-block-heading\">Maria Alice, 4 anos<\/h2>\n\n\n\n<figure class=\"wp-block-image\"><img data-recalc-dims=\"1\" decoding=\"async\" src=\"https:\/\/i0.wp.com\/s2.glbimg.com\/RUY-IFvuoJ3Aekz6qZiX9x5EfD0%3D\/0x0%3A313x520\/984x0\/smart\/filters%3Astrip_icc%28%29\/i.s3.glbimg.com\/v1\/AUTH_59edd422c0c84a879bd37670ae4f538a\/internal_photos\/bs\/2020\/d\/3\/wFUZ1mTkK5cyNflKEsfw\/whatsapp-image-2020-07-01-at-11.17.44.jpeg?w=600&#038;ssl=1\" alt=\"Menina de quatro anos foi baleada em Tr\u00eas Rios \u2014 Foto: Arquivo Pessoal\"\/><\/figure>\n\n\n\n<p>Menina de quatro anos foi baleada em Tr\u00eas Rios \u2014 Foto: Arquivo Pessoal&nbsp;<\/p>\n\n\n\n<p>Maria Alice Neves, de 4 anos, morreu no dia 2 de julho,&nbsp;<a href=\"https:\/\/g1.globo.com\/rj\/sul-do-rio-costa-verde\/noticia\/2020\/07\/02\/morre-menina-de-quatro-anos-baleada-em-festa-de-aniversario-em-tres-rios.ghtml\">depois de ser baleada durante uma festa de anivers\u00e1rio<\/a>&nbsp;em Tr\u00eas Rios, no Sul do Estado do Rio. Ela estava internada no Hospital Estadual Ad\u00e3o Pereira Nunes, que fica em Duque de Caxias.&nbsp;<\/p>\n\n\n\n<p>Segundo testemunhas, dois homens passaram atirando de uma moto. Al\u00e9m de Alice, outras sete pessoas tamb\u00e9m foram atingidas, inclusive o aniversariante, que completava 17 anos. Um homem de 20 anos morreu na hora.&nbsp;<\/p>\n\n\n\n<figure class=\"wp-block-image\"><img data-recalc-dims=\"1\" decoding=\"async\" src=\"https:\/\/i0.wp.com\/s01.video.glbimg.com\/x240\/8671664.jpg?w=600&#038;ssl=1\" alt=\"Morre menina de quatro anos baleada em festa de anivers\u00e1rio em Tr\u00eas Rios\"\/><\/figure>\n\n\n\n<p>Morre menina de quatro anos baleada em festa de anivers\u00e1rio em Tr\u00eas Rios<\/p>\n\n\n\n<h2 class=\"wp-block-heading\">Le\u00f4nidas Augusto, de 12 anos<\/h2>\n\n\n\n<figure class=\"wp-block-image\"><img data-recalc-dims=\"1\" decoding=\"async\" src=\"https:\/\/i0.wp.com\/s2.glbimg.com\/5lNYbFVnEF3ET6P-FucHhqrjJVY%3D\/0x0%3A262x261\/984x0\/smart\/filters%3Astrip_icc%28%29\/i.s3.glbimg.com\/v1\/AUTH_59edd422c0c84a879bd37670ae4f538a\/internal_photos\/bs\/2020\/N\/a\/A1vOfMR6KbPwLPgMvLqg\/leonidas.jpg?w=600&#038;ssl=1\" alt=\"Le\u00f4nidas Augusto, de 12 anos, morreu ap\u00f3s ser baleado na cabe\u00e7a \u2014 Foto: Reprodu\u00e7\u00e3o\/ TV Globo\"\/><\/figure>\n\n\n\n<p>Le\u00f4nidas Augusto, de 12 anos, morreu ap\u00f3s ser baleado na cabe\u00e7a \u2014 Foto: Reprodu\u00e7\u00e3o\/ TV Globo&nbsp;<\/p>\n\n\n\n<p>Le\u00f4nidas Augusto, de 12 anos de idade,&nbsp;<a href=\"https:\/\/g1.globo.com\/rj\/rio-de-janeiro\/noticia\/2020\/10\/09\/mulher-e-crianca-sao-baleadas-na-av-brasil.ghtml\">morreu ap\u00f3s ser baleado na cabe\u00e7a<\/a>&nbsp;na Avenida Brasil, na altura de Bonsucesso, no dia 9 de outubro. Ele tinha ido com a av\u00f3 a um supermercado que fica em uma das entradas da favela Nova Holanda, no Complexo do Alem\u00e3o.&nbsp;<\/p>\n\n\n\n<p>Ele chegou a ser levado para o Hospital Federal de Bonsucesso, mas n\u00e3o resistiu aos ferimentos.&nbsp;<\/p>\n\n\n\n<figure class=\"wp-block-image\"><img data-recalc-dims=\"1\" decoding=\"async\" src=\"https:\/\/i0.wp.com\/s04.video.glbimg.com\/x240\/8927999.jpg?w=600&#038;ssl=1\" alt=\"Adolescente e mulher s\u00e3o baleados em tentativa de assalto na Avenida Brasil\"\/><\/figure>\n\n\n\n<p>Adolescente e mulher s\u00e3o baleados em tentativa de assalto na Avenida Brasil<\/p>\n\n\n\n<h2 class=\"wp-block-heading\">Emilly Victoria, de 4 anos, e Rebecca Beatriz, de 7 anos<\/h2>\n\n\n\n<figure class=\"wp-block-image\"><img data-recalc-dims=\"1\" decoding=\"async\" src=\"https:\/\/i0.wp.com\/s2.glbimg.com\/MQRGC12OMEr0IbylSDAoMDQJRno%3D\/0x0%3A850x533\/984x0\/smart\/filters%3Astrip_icc%28%29\/i.s3.glbimg.com\/v1\/AUTH_59edd422c0c84a879bd37670ae4f538a\/internal_photos\/bs\/2020\/Q\/B\/oxImslQZ2aqCuDhF6tDA\/primas-baleadas-no-rj.jpg?w=600&#038;ssl=1\" alt=\"Emilly e Rebeca foram assassinadas enquanto brincavam na porta de casa, em Duque de Caxias \u2014 Foto: Reprodu\u00e7\u00e3o\/TV Globo\"\/><\/figure>\n\n\n\n<p>Emilly e Rebeca foram assassinadas enquanto brincavam na porta de casa, em Duque de Caxias \u2014 Foto: Reprodu\u00e7\u00e3o\/TV Globo&nbsp;<\/p>\n\n\n\n<p>As primas Emilly Victoria, de 4 anos de idade, e Rebeca Beatriz Rodrigues dos Santos, de 7 anos,&nbsp;<a href=\"https:\/\/g1.globo.com\/rj\/rio-de-janeiro\/noticia\/2020\/12\/05\/criancas-morrem-em-tiroteio-em-duque-de-caxias.ghtml\">morreram enquanto brincavam na porta de casa,<\/a>&nbsp;na comunidade Santo Ant\u00f4nio, em Duque de Caxias, na Baixada Fluminense. Elas foram mortas na noite do dia 4 de dezembro.&nbsp;<\/p>\n\n\n\n<p>Um \u00fanico tiro atingiu Emilly na cabe\u00e7a e Rebecca no abd\u00f4men. As meninas se preparavam para o anivers\u00e1rio da menor, que completaria 5 anos no dia 23 de dezembro.&nbsp;<\/p>\n\n\n\n<p>Seria uma comemora\u00e7\u00e3o pequena por causa da pandemia da Covid-19, mas a primeira festa da vida de Emilly, que estava animada para a comemora\u00e7\u00e3o. Todos os familiares juntaram dinheiro para proporcionar uma festa para a menina com o tema de sua princesa favorita, Moana.<\/p>\n\n\n\n<figure class=\"wp-block-image\"><img data-recalc-dims=\"1\" decoding=\"async\" src=\"https:\/\/i0.wp.com\/s04.video.glbimg.com\/x240\/9078199.jpg?w=600&#038;ssl=1\" alt=\"Duas meninas morrem em tiroteio em Duque de Caxias (RJ)\"\/><\/figure>\n\n\n\n<p>Duas meninas morrem em tiroteio em Duque de Caxias (RJ)<\/p>\n","protected":false},"excerpt":{"rendered":"<p>As duas \u00faltimas v\u00edtimas desta estat\u00edstica s\u00e3o as primas Emilly Victoria, de 4 anos, e Rebecca Beatriz, de 7 anos, mortas enquanto brincavam na porta de casa, em Duque de Caxias.<\/p>\n","protected":false},"author":1,"featured_media":0,"comment_status":"closed","ping_status":"open","sticky":false,"template":"","format":"standard","meta":{"_exactmetrics_skip_tracking":false,"_exactmetrics_sitenote_active":false,"_exactmetrics_sitenote_note":"","_exactmetrics_sitenote_category":0,"jetpack_post_was_ever_published":false,"_jetpack_newsletter_access":"","_jetpack_dont_email_post_to_subs":false,"_jetpack_newsletter_tier_id":0,"_jetpack_memberships_contains_paywalled_content":false,"_jetpack_memberships_contains_paid_content":false,"footnotes":"","jetpack_publicize_message":"","jetpack_publicize_feature_enabled":true,"jetpack_social_post_already_shared":true,"jetpack_social_options":{"image_generator_settings":{"template":"highway","enabled":false},"version":2}},"categories":[1],"tags":[],"class_list":["post-30274","post","type-post","status-publish","format-standard","hentry","category-notas"],"jetpack_publicize_connections":[],"jetpack_sharing_enabled":true,"jetpack_featured_media_url":"","jetpack_shortlink":"https:\/\/wp.me\/p7wKYW-7Si","jetpack-related-posts":[],"_links":{"self":[{"href":"http:\/\/blogdalucianaoliveira.com.br\/blog\/wp-json\/wp\/v2\/posts\/30274","targetHints":{"allow":["GET"]}}],"collection":[{"href":"http:\/\/blogdalucianaoliveira.com.br\/blog\/wp-json\/wp\/v2\/posts"}],"about":[{"href":"http:\/\/blogdalucianaoliveira.com.br\/blog\/wp-json\/wp\/v2\/types\/post"}],"author":[{"embeddable":true,"href":"http:\/\/blogdalucianaoliveira.com.br\/blog\/wp-json\/wp\/v2\/users\/1"}],"replies":[{"embeddable":true,"href":"http:\/\/blogdalucianaoliveira.com.br\/blog\/wp-json\/wp\/v2\/comments?post=30274"}],"version-history":[{"count":1,"href":"http:\/\/blogdalucianaoliveira.com.br\/blog\/wp-json\/wp\/v2\/posts\/30274\/revisions"}],"predecessor-version":[{"id":30276,"href":"http:\/\/blogdalucianaoliveira.com.br\/blog\/wp-json\/wp\/v2\/posts\/30274\/revisions\/30276"}],"wp:attachment":[{"href":"http:\/\/blogdalucianaoliveira.com.br\/blog\/wp-json\/wp\/v2\/media?parent=30274"}],"wp:term":[{"taxonomy":"category","embeddable":true,"href":"http:\/\/blogdalucianaoliveira.com.br\/blog\/wp-json\/wp\/v2\/categories?post=30274"},{"taxonomy":"post_tag","embeddable":true,"href":"http:\/\/blogdalucianaoliveira.com.br\/blog\/wp-json\/wp\/v2\/tags?post=30274"}],"curies":[{"name":"wp","href":"https:\/\/api.w.org\/{rel}","templated":true}]}}