{"id":30281,"date":"2020-12-07T19:50:51","date_gmt":"2020-12-07T23:50:51","guid":{"rendered":"http:\/\/blogdalucianaoliveira.com.br\/blog\/?p=30281"},"modified":"2020-12-07T19:51:05","modified_gmt":"2020-12-07T23:51:05","slug":"ministerio-publico-vai-a-justica-para-impedir-audiencia-publica-virtual-sobre-projeto-de-hidreletrica-tabajara","status":"publish","type":"post","link":"http:\/\/blogdalucianaoliveira.com.br\/blog\/2020\/12\/07\/ministerio-publico-vai-a-justica-para-impedir-audiencia-publica-virtual-sobre-projeto-de-hidreletrica-tabajara\/","title":{"rendered":"Minist\u00e9rio P\u00fablico vai \u00e0 Justi\u00e7a para impedir audi\u00eancia p\u00fablica virtual sobre projeto de hidrel\u00e9trica Tabajara"},"content":{"rendered":"\n<figure class=\"wp-block-image size-large\"><img data-recalc-dims=\"1\" loading=\"lazy\" decoding=\"async\" width=\"400\" height=\"266\" data-attachment-id=\"30282\" data-permalink=\"http:\/\/blogdalucianaoliveira.com.br\/blog\/2020\/12\/07\/ministerio-publico-vai-a-justica-para-impedir-audiencia-publica-virtual-sobre-projeto-de-hidreletrica-tabajara\/image-2-21\/\" data-orig-file=\"https:\/\/i0.wp.com\/blogdalucianaoliveira.com.br\/blog\/wp-content\/uploads\/2020\/12\/image-2.jpeg?fit=400%2C266\" data-orig-size=\"400,266\" data-comments-opened=\"0\" data-image-meta=\"{&quot;aperture&quot;:&quot;0&quot;,&quot;credit&quot;:&quot;&quot;,&quot;camera&quot;:&quot;&quot;,&quot;caption&quot;:&quot;&quot;,&quot;created_timestamp&quot;:&quot;0&quot;,&quot;copyright&quot;:&quot;&quot;,&quot;focal_length&quot;:&quot;0&quot;,&quot;iso&quot;:&quot;0&quot;,&quot;shutter_speed&quot;:&quot;0&quot;,&quot;title&quot;:&quot;&quot;,&quot;orientation&quot;:&quot;0&quot;}\" data-image-title=\"image-2\" data-image-description=\"\" data-image-caption=\"\" data-medium-file=\"https:\/\/i0.wp.com\/blogdalucianaoliveira.com.br\/blog\/wp-content\/uploads\/2020\/12\/image-2.jpeg?fit=300%2C200\" data-large-file=\"https:\/\/i0.wp.com\/blogdalucianaoliveira.com.br\/blog\/wp-content\/uploads\/2020\/12\/image-2.jpeg?fit=400%2C266\" src=\"https:\/\/i0.wp.com\/blogdalucianaoliveira.com.br\/blog\/wp-content\/uploads\/2020\/12\/image-2.jpeg?resize=400%2C266\" alt=\"\" class=\"wp-image-30282\" srcset=\"https:\/\/i0.wp.com\/blogdalucianaoliveira.com.br\/blog\/wp-content\/uploads\/2020\/12\/image-2.jpeg?w=400 400w, https:\/\/i0.wp.com\/blogdalucianaoliveira.com.br\/blog\/wp-content\/uploads\/2020\/12\/image-2.jpeg?resize=300%2C200 300w\" sizes=\"auto, (max-width: 400px) 100vw, 400px\" \/><\/figure>\n\n\n\n<p><br>Ibama marcou para a pr\u00f3xima sexta-feira (11) o in\u00edcio da audi\u00eancia p\u00fablica virtual com ribeirinhos e ind\u00edgenas sobre projeto de usina hidrel\u00e9trica Tabajara.<\/p>\n\n\n\n<!--more-->\n\n\n\n<p>MPF &#8211; Os Minist\u00e9rios P\u00fablicos Federal (MPF) e Estadual (MP\/RO) ajuizaram uma a\u00e7\u00e3o civil p\u00fablica contra o Ibama para impedir que a realiza\u00e7\u00e3o de audi\u00eancia p\u00fablica virtual com ribeirinhos, extrativistas, pescadores artesanais e ind\u00edgenas a respeito do projeto de hidrel\u00e9trica em Tabajara, distrito de Machadinho do Oeste (RO). Mesmo com o pa\u00eds vivendo em estado de emerg\u00eancia em raz\u00e3o da pandemia provocada pelo novo coronav\u00edrus e caminhando para uma segunda onda de aumento dos cont\u00e1gios de covid-19, o Ibama marcou para a pr\u00f3xima sexta-feira (11) o in\u00edcio da audi\u00eancia p\u00fablica com a popula\u00e7\u00e3o que ser\u00e1 afetada. N\u00e3o h\u00e1 internet nas vilas e aldeias.<\/p>\n\n\n\n<p>Para o Minist\u00e9rio P\u00fablico, o Ibama desconsiderou o interesse p\u00fablico. Na a\u00e7\u00e3o, o MP aponta que Rond\u00f4nia tem tido aumento dos casos de covid-19. Para participar da audi\u00eancia virtual, os ribeirinhos e ind\u00edgenas ter\u00e3o que se deslocar e se reunir em algum local com acesso \u00e0 internet, podendo ser contaminados com a doen\u00e7a no percurso ou durante a aglomera\u00e7\u00e3o. Muitos pertencem ao grupo de risco e podem n\u00e3o participar por medo do cont\u00e1gio.<br>A procuradora da Rep\u00fablica Gisele Bleggi ressalta que o Ibama n\u00e3o levou em considera\u00e7\u00e3o o n\u00edvel de instru\u00e7\u00e3o e conhecimento dos atingidos, e a dificuldade no uso das plataformas digitais. \u201cA compreens\u00e3o de um tema t\u00e3o complexo como o licenciamento ambiental de uma barragem e o impacto disso na vida dos que ser\u00e3o direta ou indiretamente afetados ser\u00e1 imposs\u00edvel \u00e0 dist\u00e2ncia\u201d, alerta. Al\u00e9m disso, o edital para a audi\u00eancia p\u00fablica foi publicado apenas em 25 de novembro, com prazo de divulga\u00e7\u00e3o muito curto.<\/p>\n\n\n\n<p>Os impactos do empreendimento atingir\u00e3o, al\u00e9m do distrito de Tabajara, muitas outras comunidades tradicionais, terras ind\u00edgenas e \u00e1reas de perambula\u00e7\u00e3o de ind\u00edgenas isolados, tanto em Rond\u00f4nia quanto no Amazonas.<\/p>\n\n\n\n<p>Desde 2017, o MPF e o MP\/RO apontam in\u00fameras falhas e inadequa\u00e7\u00f5es t\u00e9cnicas contidas nesses estudos, expedindo recomenda\u00e7\u00f5es, exigindo a complementa\u00e7\u00e3o. O Ibama sempre informou que exigiria \u201cno momento oportuno\u201d as complementa\u00e7\u00f5es dos estudos do empreendedor (Queiroz Galv\u00e3o S.A, Eletronorte, Furnas e outras empresas consorciadas). Mas, em dezembro de 2019, o Ibama concedeu \u201caceite\u201d aos estudos e ao relat\u00f3rio apresentado pelo empreendedor, sem exigir as complementa\u00e7\u00f5es e adequa\u00e7\u00f5es necess\u00e1rias.<\/p>\n\n\n\n<p>As recomenda\u00e7\u00f5es foram feitas a partir de 13 estudos t\u00e9cnicos realizados por peritos do MPF, al\u00e9m de uma an\u00e1lise t\u00e9cnica produzida pela Secretaria Estadual de Meio Ambiente (Sedam). As principais falhas s\u00e3o sobre a pequena abrang\u00eancia da \u00e1rea de influ\u00eancia, estudos inv\u00e1lidos sobre os ind\u00edgenas da regi\u00e3o, c\u00e1lculos falhos da \u00e1rea de remanso do reservat\u00f3rio nas proximidades da terra ind\u00edgena Tenharim e na relativiza\u00e7\u00e3o da magnitude dos impactos que vinham sendo ignorados e, at\u00e9 mesmo, ocultados pelo empreendedor quando da realiza\u00e7\u00e3o dos estudos.<\/p>\n\n\n\n<p>Em julho deste ano, em raz\u00e3o de pedido de licen\u00e7a feito pela Eletronorte, pressionando pela aprova\u00e7\u00e3o do projeto, o Ibama elaborou um parecer t\u00e9cnico, produzido pelos seus servidores de carreira, apontando que, sem as complementa\u00e7\u00f5es nos estudos, o projeto de constru\u00e7\u00e3o da usina hidrel\u00e9trica de Tabajara \u00e9 invi\u00e1vel sob os aspectos sociais e ambientais.<\/p>\n\n\n\n<p>O MPF e MPE expediram uma recomenda\u00e7\u00e3o em 18 de agosto de 2020 advertindo o Ibama para que a audi\u00eancia p\u00fablica remota do projeto Tabajara n\u00e3o fosse realizada em substitui\u00e7\u00e3o \u00e0 presencial por se tratar de popula\u00e7\u00f5es rurais, comunidades tradicionais (extrativistas, ribeirinhas, pescadores) e povos ind\u00edgenas, a maioria integrantes do grupo de risco. A audi\u00eancia deveria ser realizada em momento e circunst\u00e2ncias adequados &#8211; sem risco \u00e0 sa\u00fade, em formato e l\u00edngua apropriados, em per\u00edodos de tranquilidade de suas rotinas etc.<\/p>\n\n\n\n<p>Naquela \u00e9poca, o Ibama respondeu que n\u00e3o havia previs\u00e3o de realiza\u00e7\u00e3o da audi\u00eancia p\u00fablica. Mas, passados dois meses, o empreendedor pediu a realiza\u00e7\u00e3o da audi\u00eancia p\u00fablica ainda neste ano, sob o argumento de ter \u201crealizado todas as complementa\u00e7\u00f5es\u201d. Para o Minist\u00e9rio P\u00fablico, isso \u00e9 imposs\u00edvel porque n\u00e3o haveria como fazer esses estudos em t\u00e3o pouco tempo. Funcion\u00e1rios do MPF e do MP\/RO acessaram o site do Ibama e n\u00e3o localizaram as supostas \u201ccomplementa\u00e7\u00f5es\u201d, o que viola o direito \u00e0 informa\u00e7\u00e3o.<\/p>\n\n\n\n<p>Os pedidos do Minist\u00e9rio P\u00fablico \u00e0 Justi\u00e7a s\u00e3o para que o Ibama s\u00f3 realize audi\u00eancia p\u00fablica presencial e ap\u00f3s a pandemia e a complementa\u00e7\u00e3o dos estudos. MPF e MP\/RO pedem a suspens\u00e3o imediata da audi\u00eancia p\u00fablica virtual que foi marcada para a pr\u00f3xima sexta-feira.<\/p>\n\n\n\n<p>A audi\u00eancia p\u00fablica s\u00f3 deve ocorrer ap\u00f3s consultas aos povos ind\u00edgenas que ser\u00e3o impactados, habitantes e usufrutu\u00e1rios das unidades de conserva\u00e7\u00e3o estaduais afetadas, bem como ap\u00f3s a elabora\u00e7\u00e3o de programas mitigat\u00f3rios espec\u00edficos para cada unidade impactada. Os estudos complementares devem ser analisados previamente pela equipe t\u00e9cnica do Ibama.<\/p>\n\n\n\n<p>A a\u00e7\u00e3o civil p\u00fablica foi assinada pela procuradora da Rep\u00fablica Gisele Bleggi, a promotora de Justi\u00e7a Naiara Lazzari e o promotor de Justi\u00e7a Alan Castiel Barbosa. A a\u00e7\u00e3o \u00e9 a de n\u00famero 10151549420204014100 e pode ser consultada na p\u00e1gina do Processo Judicial Eletr\u00f4nico da Justi\u00e7a Federal.<\/p>\n\n\n\n<p><a href=\"http:\/\/www.mpf.mp.br\/ro\/sala-de-imprensa\/docs\/2020\/acao-civil-publica-audiencia-virtual-uhe-tabajara\">\u00cdntegra da a\u00e7\u00e3o civil p\u00fablica<\/a>.<\/p>\n","protected":false},"excerpt":{"rendered":"<p>Ibama marcou para a pr\u00f3xima sexta-feira (11) o in\u00edcio da audi\u00eancia p\u00fablica virtual com ribeirinhos e ind\u00edgenas sobre projeto de usina hidrel\u00e9trica Tabajara.<\/p>\n","protected":false},"author":1,"featured_media":0,"comment_status":"closed","ping_status":"open","sticky":false,"template":"","format":"standard","meta":{"_exactmetrics_skip_tracking":false,"_exactmetrics_sitenote_active":false,"_exactmetrics_sitenote_note":"","_exactmetrics_sitenote_category":0,"jetpack_post_was_ever_published":false,"_jetpack_newsletter_access":"","_jetpack_dont_email_post_to_subs":false,"_jetpack_newsletter_tier_id":0,"_jetpack_memberships_contains_paywalled_content":false,"_jetpack_memberships_contains_paid_content":false,"footnotes":"","jetpack_publicize_message":"","jetpack_publicize_feature_enabled":true,"jetpack_social_post_already_shared":true,"jetpack_social_options":{"image_generator_settings":{"template":"highway","enabled":false},"version":2}},"categories":[1],"tags":[],"class_list":["post-30281","post","type-post","status-publish","format-standard","hentry","category-notas"],"jetpack_publicize_connections":[],"jetpack_sharing_enabled":true,"jetpack_featured_media_url":"","jetpack_shortlink":"https:\/\/wp.me\/p7wKYW-7Sp","jetpack-related-posts":[],"_links":{"self":[{"href":"http:\/\/blogdalucianaoliveira.com.br\/blog\/wp-json\/wp\/v2\/posts\/30281","targetHints":{"allow":["GET"]}}],"collection":[{"href":"http:\/\/blogdalucianaoliveira.com.br\/blog\/wp-json\/wp\/v2\/posts"}],"about":[{"href":"http:\/\/blogdalucianaoliveira.com.br\/blog\/wp-json\/wp\/v2\/types\/post"}],"author":[{"embeddable":true,"href":"http:\/\/blogdalucianaoliveira.com.br\/blog\/wp-json\/wp\/v2\/users\/1"}],"replies":[{"embeddable":true,"href":"http:\/\/blogdalucianaoliveira.com.br\/blog\/wp-json\/wp\/v2\/comments?post=30281"}],"version-history":[{"count":1,"href":"http:\/\/blogdalucianaoliveira.com.br\/blog\/wp-json\/wp\/v2\/posts\/30281\/revisions"}],"predecessor-version":[{"id":30283,"href":"http:\/\/blogdalucianaoliveira.com.br\/blog\/wp-json\/wp\/v2\/posts\/30281\/revisions\/30283"}],"wp:attachment":[{"href":"http:\/\/blogdalucianaoliveira.com.br\/blog\/wp-json\/wp\/v2\/media?parent=30281"}],"wp:term":[{"taxonomy":"category","embeddable":true,"href":"http:\/\/blogdalucianaoliveira.com.br\/blog\/wp-json\/wp\/v2\/categories?post=30281"},{"taxonomy":"post_tag","embeddable":true,"href":"http:\/\/blogdalucianaoliveira.com.br\/blog\/wp-json\/wp\/v2\/tags?post=30281"}],"curies":[{"name":"wp","href":"https:\/\/api.w.org\/{rel}","templated":true}]}}