{"id":30289,"date":"2020-12-08T09:38:53","date_gmt":"2020-12-08T13:38:53","guid":{"rendered":"http:\/\/blogdalucianaoliveira.com.br\/blog\/?p=30289"},"modified":"2020-12-08T09:43:23","modified_gmt":"2020-12-08T13:43:23","slug":"os-criminosos-estao-no-poder","status":"publish","type":"post","link":"http:\/\/blogdalucianaoliveira.com.br\/blog\/2020\/12\/08\/os-criminosos-estao-no-poder\/","title":{"rendered":"Os criminosos est\u00e3o no poder"},"content":{"rendered":"\n<figure class=\"wp-block-image size-large\"><img data-recalc-dims=\"1\" loading=\"lazy\" decoding=\"async\" width=\"600\" height=\"537\" data-attachment-id=\"30290\" data-permalink=\"http:\/\/blogdalucianaoliveira.com.br\/blog\/2020\/12\/08\/os-criminosos-estao-no-poder\/f992ebbf-cabe-4151-a4bd-1d93f520f309\/\" data-orig-file=\"https:\/\/i0.wp.com\/blogdalucianaoliveira.com.br\/blog\/wp-content\/uploads\/2020\/12\/F992EBBF-CABE-4151-A4BD-1D93F520F309.jpeg?fit=720%2C644\" data-orig-size=\"720,644\" data-comments-opened=\"0\" data-image-meta=\"{&quot;aperture&quot;:&quot;0&quot;,&quot;credit&quot;:&quot;&quot;,&quot;camera&quot;:&quot;&quot;,&quot;caption&quot;:&quot;&quot;,&quot;created_timestamp&quot;:&quot;0&quot;,&quot;copyright&quot;:&quot;&quot;,&quot;focal_length&quot;:&quot;0&quot;,&quot;iso&quot;:&quot;0&quot;,&quot;shutter_speed&quot;:&quot;0&quot;,&quot;title&quot;:&quot;&quot;,&quot;orientation&quot;:&quot;1&quot;}\" data-image-title=\"F992EBBF-CABE-4151-A4BD-1D93F520F309\" data-image-description=\"\" data-image-caption=\"\" data-medium-file=\"https:\/\/i0.wp.com\/blogdalucianaoliveira.com.br\/blog\/wp-content\/uploads\/2020\/12\/F992EBBF-CABE-4151-A4BD-1D93F520F309.jpeg?fit=300%2C268\" data-large-file=\"https:\/\/i0.wp.com\/blogdalucianaoliveira.com.br\/blog\/wp-content\/uploads\/2020\/12\/F992EBBF-CABE-4151-A4BD-1D93F520F309.jpeg?fit=600%2C537\" src=\"https:\/\/i0.wp.com\/blogdalucianaoliveira.com.br\/blog\/wp-content\/uploads\/2020\/12\/F992EBBF-CABE-4151-A4BD-1D93F520F309.jpeg?resize=600%2C537\" alt=\"\" class=\"wp-image-30290\" srcset=\"https:\/\/i0.wp.com\/blogdalucianaoliveira.com.br\/blog\/wp-content\/uploads\/2020\/12\/F992EBBF-CABE-4151-A4BD-1D93F520F309.jpeg?w=720 720w, https:\/\/i0.wp.com\/blogdalucianaoliveira.com.br\/blog\/wp-content\/uploads\/2020\/12\/F992EBBF-CABE-4151-A4BD-1D93F520F309.jpeg?resize=300%2C268 300w, https:\/\/i0.wp.com\/blogdalucianaoliveira.com.br\/blog\/wp-content\/uploads\/2020\/12\/F992EBBF-CABE-4151-A4BD-1D93F520F309.jpeg?resize=335%2C300 335w\" sizes=\"auto, (max-width: 600px) 100vw, 600px\" \/><\/figure>\n\n\n\n<p>Sobre o PLC 080\/20 que regulariza invas\u00f5es em Unidades de Conserva\u00e7\u00e3o de Rond\u00f4nia, quero AVISAR que as raposas est\u00e3o cuidando do galinheiro. <\/p>\n\n\n\n<p>O povo n\u00e3o tem a mais remota no\u00e7\u00e3o da bandidagem por tr\u00e1s desse projeto do governador bolsonarista que conta com apoio maci\u00e7o da classe pol\u00edtica.<\/p>\n\n\n\n<p>A m\u00eddia tradicional omite, os pastores aben\u00e7oam e \u00f3rg\u00e3os de fiscaliza\u00e7\u00e3o dizem am\u00e9m. <\/p>\n\n\n\n<p>Mas, no que puder, ajudarei a dar visibilidade ao esquema criminoso na imprensa nacional e estrangeira.<\/p>\n\n\n\n<p>Estou formando uma rede de colabora\u00e7\u00e3o na imprensa para socorrer a floresta e as popula\u00e7\u00f5es tradicionais da gula dos invasores.<\/p>\n\n\n\n<p>Vamos revelar como quadrilhas agem para roubar e destruir terras p\u00fablicas com o apoio de servidores e pol\u00edticos.<\/p>\n","protected":false},"excerpt":{"rendered":"<p>Sobre o PLC 080\/20 que regulariza invas\u00f5es em Unidades de Conserva\u00e7\u00e3o de Rond\u00f4nia, quero AVISAR que as raposas est\u00e3o cuidando do galinheiro. O povo n\u00e3o tem a mais remota no\u00e7\u00e3o da bandidagem por tr\u00e1s desse projeto do governador bolsonarista que conta com apoio maci\u00e7o da classe pol\u00edtica. A m\u00eddia tradicional omite, os pastores aben\u00e7oam e&#8230;<a class=\"more-link\" href=\"http:\/\/blogdalucianaoliveira.com.br\/blog\/2020\/12\/08\/os-criminosos-estao-no-poder\/\">Continue a leitura <span class=\"meta-nav\">&raquo;<\/span><\/a><\/p>\n","protected":false},"author":1,"featured_media":0,"comment_status":"closed","ping_status":"open","sticky":false,"template":"","format":"standard","meta":{"_exactmetrics_skip_tracking":false,"_exactmetrics_sitenote_active":false,"_exactmetrics_sitenote_note":"","_exactmetrics_sitenote_category":0,"jetpack_post_was_ever_published":false,"_jetpack_newsletter_access":"","_jetpack_dont_email_post_to_subs":false,"_jetpack_newsletter_tier_id":0,"_jetpack_memberships_contains_paywalled_content":false,"_jetpack_memberships_contains_paid_content":false,"footnotes":"","jetpack_publicize_message":"","jetpack_publicize_feature_enabled":true,"jetpack_social_post_already_shared":true,"jetpack_social_options":{"image_generator_settings":{"template":"highway","enabled":false},"version":2}},"categories":[1],"tags":[],"class_list":["post-30289","post","type-post","status-publish","format-standard","hentry","category-notas"],"jetpack_publicize_connections":[],"jetpack_sharing_enabled":true,"jetpack_featured_media_url":"","jetpack_shortlink":"https:\/\/wp.me\/p7wKYW-7Sx","jetpack-related-posts":[],"_links":{"self":[{"href":"http:\/\/blogdalucianaoliveira.com.br\/blog\/wp-json\/wp\/v2\/posts\/30289","targetHints":{"allow":["GET"]}}],"collection":[{"href":"http:\/\/blogdalucianaoliveira.com.br\/blog\/wp-json\/wp\/v2\/posts"}],"about":[{"href":"http:\/\/blogdalucianaoliveira.com.br\/blog\/wp-json\/wp\/v2\/types\/post"}],"author":[{"embeddable":true,"href":"http:\/\/blogdalucianaoliveira.com.br\/blog\/wp-json\/wp\/v2\/users\/1"}],"replies":[{"embeddable":true,"href":"http:\/\/blogdalucianaoliveira.com.br\/blog\/wp-json\/wp\/v2\/comments?post=30289"}],"version-history":[{"count":2,"href":"http:\/\/blogdalucianaoliveira.com.br\/blog\/wp-json\/wp\/v2\/posts\/30289\/revisions"}],"predecessor-version":[{"id":30292,"href":"http:\/\/blogdalucianaoliveira.com.br\/blog\/wp-json\/wp\/v2\/posts\/30289\/revisions\/30292"}],"wp:attachment":[{"href":"http:\/\/blogdalucianaoliveira.com.br\/blog\/wp-json\/wp\/v2\/media?parent=30289"}],"wp:term":[{"taxonomy":"category","embeddable":true,"href":"http:\/\/blogdalucianaoliveira.com.br\/blog\/wp-json\/wp\/v2\/categories?post=30289"},{"taxonomy":"post_tag","embeddable":true,"href":"http:\/\/blogdalucianaoliveira.com.br\/blog\/wp-json\/wp\/v2\/tags?post=30289"}],"curies":[{"name":"wp","href":"https:\/\/api.w.org\/{rel}","templated":true}]}}