{"id":30293,"date":"2020-12-08T09:49:25","date_gmt":"2020-12-08T13:49:25","guid":{"rendered":"http:\/\/blogdalucianaoliveira.com.br\/blog\/?p=30293"},"modified":"2020-12-08T09:49:29","modified_gmt":"2020-12-08T13:49:29","slug":"assassinato-de-marielle-franco-completa-1-000-dias-sem-solucao-enquanto-suas-herdeiras-politicas-entram-na-mira","status":"publish","type":"post","link":"http:\/\/blogdalucianaoliveira.com.br\/blog\/2020\/12\/08\/assassinato-de-marielle-franco-completa-1-000-dias-sem-solucao-enquanto-suas-herdeiras-politicas-entram-na-mira\/","title":{"rendered":"Assassinato de Marielle Franco completa 1.000 dias sem solu\u00e7\u00e3o enquanto suas herdeiras pol\u00edticas entram na mira"},"content":{"rendered":"\n<figure class=\"wp-block-image size-large\"><img data-recalc-dims=\"1\" loading=\"lazy\" decoding=\"async\" width=\"600\" height=\"400\" data-attachment-id=\"30294\" data-permalink=\"http:\/\/blogdalucianaoliveira.com.br\/blog\/2020\/12\/08\/assassinato-de-marielle-franco-completa-1-000-dias-sem-solucao-enquanto-suas-herdeiras-politicas-entram-na-mira\/image-3-20\/\" data-orig-file=\"https:\/\/i0.wp.com\/blogdalucianaoliveira.com.br\/blog\/wp-content\/uploads\/2020\/12\/image-3.jpeg?fit=640%2C427\" data-orig-size=\"640,427\" data-comments-opened=\"0\" data-image-meta=\"{&quot;aperture&quot;:&quot;0&quot;,&quot;credit&quot;:&quot;&quot;,&quot;camera&quot;:&quot;&quot;,&quot;caption&quot;:&quot;&quot;,&quot;created_timestamp&quot;:&quot;0&quot;,&quot;copyright&quot;:&quot;&quot;,&quot;focal_length&quot;:&quot;0&quot;,&quot;iso&quot;:&quot;0&quot;,&quot;shutter_speed&quot;:&quot;0&quot;,&quot;title&quot;:&quot;&quot;,&quot;orientation&quot;:&quot;0&quot;}\" data-image-title=\"image-3\" data-image-description=\"\" data-image-caption=\"\" data-medium-file=\"https:\/\/i0.wp.com\/blogdalucianaoliveira.com.br\/blog\/wp-content\/uploads\/2020\/12\/image-3.jpeg?fit=300%2C200\" data-large-file=\"https:\/\/i0.wp.com\/blogdalucianaoliveira.com.br\/blog\/wp-content\/uploads\/2020\/12\/image-3.jpeg?fit=600%2C400\" src=\"https:\/\/i0.wp.com\/blogdalucianaoliveira.com.br\/blog\/wp-content\/uploads\/2020\/12\/image-3.jpeg?resize=600%2C400\" alt=\"\" class=\"wp-image-30294\" srcset=\"https:\/\/i0.wp.com\/blogdalucianaoliveira.com.br\/blog\/wp-content\/uploads\/2020\/12\/image-3.jpeg?w=640 640w, https:\/\/i0.wp.com\/blogdalucianaoliveira.com.br\/blog\/wp-content\/uploads\/2020\/12\/image-3.jpeg?resize=300%2C200 300w, https:\/\/i0.wp.com\/blogdalucianaoliveira.com.br\/blog\/wp-content\/uploads\/2020\/12\/image-3.jpeg?resize=450%2C300 450w\" sizes=\"auto, (max-width: 600px) 100vw, 600px\" \/><\/figure>\n\n\n\n<p>Mulheres que assumiram a luta da vereadora negra e ativista assassinada no Rio sofrem graves amea\u00e7as. \u201cTenho que ser escoltada at\u00e9 a padaria\u201d, diz a deputada federal Tal\u00edria Petrone, que teve de deixar o Estado.<\/p>\n\n\n\n<!--more-->\n\n\n\n<p>El Pa\u00eds, por <\/p>\n\n\n\n<p><a href=\"https:\/\/brasil.elpais.com\/autor\/naiara-galarraga-gortazar\/\">NAIARA GALARRAGA GORT\u00c1ZAR<\/a><a href=\"http:\/\/twitter.com\/#!\/naiaragg\" target=\"_blank\" rel=\"noreferrer noopener\"><\/a><\/p>\n\n\n\n<p>Quando\u00a0<a rel=\"noreferrer noopener\" href=\"https:\/\/brasil.elpais.com\/brasil\/2018\/03\/15\/politica\/1521080376_531337.html\" target=\"_blank\">Marielle Franco foi assassinada<\/a>, h\u00e1 mil dias nesta ter\u00e7a-feira, poucos brasileiros fora do Rio de Janeiro conheciam essa vereadora negra, forjada no ativismo social, de favela, bissexual e m\u00e3e. O crime fez dela\u00a0<a rel=\"noreferrer noopener\" href=\"https:\/\/brasil.elpais.com\/brasil\/2019\/03\/14\/politica\/1552572906_734967.html\" target=\"_blank\">um s\u00edmbolo da esquerda brasileira<\/a>e uma inspira\u00e7\u00e3o para outras mulheres de origem semelhante que entraram na pol\u00edtica. Seu desembarque no Congresso, Assembleias e C\u00e2maras Municipais rompeu tabus e revirou \u00e1guas enlameadas. Muitas delas s\u00e3o sistematicamente amea\u00e7adas nas redes, mas alguns casos s\u00e3o mais graves, como o da\u00a0<a rel=\"noreferrer noopener\" href=\"https:\/\/brasil.elpais.com\/brasil\/2019\/02\/10\/actualidad\/1549797206_582647.html\" target=\"_blank\">deputada federal Tal\u00edria Petrone<\/a>, de 35 anos. \u201cTenho que ser escoltada at\u00e9 a padaria\u201d, disse ela nesta segunda-feira ao telefone de seu ref\u00fagio secreto.<\/p>\n\n\n\n<p>Esta pol\u00edtica e amiga de Marielle teve que deixar seu Estado, o Rio de Janeiro, e vive protegida pela pol\u00edcia da C\u00e2mara dos Deputados. \u201cDesde que comecei minha vida parlamentar convivo com amea\u00e7as.\u201d Uma den\u00fancia de que havia um plano para execut\u00e1-la a for\u00e7ou a fazer sua segunda mudan\u00e7a, por seguran\u00e7a. Dessa vez, teve que se mudar para outro Estado. \u201c\u00c9 um grave ataque \u00e0 democracia\u201d, enfatiza a deputada. Petrone, que se tornou m\u00e3e h\u00e1 seis meses, teve que pedir prote\u00e7\u00e3o ao Congresso porque no Rio s\u00f3 lhe ofereciam escolta em eventos oficiais. Dos Estados Unidos, 22 congressistas do Partido Democrata criticaram em uma carta o Governo Bolsonaro \u201cpor sua incapacidade ou pouca disposi\u00e7\u00e3o de garantir a seguran\u00e7a dos legisladores eleitos\u201d.<\/p>\n\n\n\n<p>Embora dois ex-policiais militares suspeitos de perpetrar o assassinato de Marielle&nbsp;<a href=\"https:\/\/brasil.elpais.com\/brasil\/2019\/03\/12\/politica\/1552386220_696576.html\" target=\"_blank\" rel=\"noreferrer noopener\">estejam na pris\u00e3o<\/a>, eles ainda n\u00e3o foram julgados e o caso continua rodeado de inc\u00f3gnitas. A viol\u00eancia pol\u00edtica \u00e9 comum no Brasil. Linchamentos mis\u00f3ginos em rede s\u00e3o abundantes, mas tamb\u00e9m h\u00e1 assassinatos, com frequ\u00eancia longe das capitais, com pouca repercuss\u00e3o na m\u00eddia. S\u00f3 at\u00e9 agora neste ano&nbsp;<a href=\"https:\/\/brasil.elpais.com\/brasil\/2020-11-09\/escalada-de-violencia-politica-nas-eleicoes-municipais-ja-soma-82-candidatos-ou-militantes-assassinados.html\" target=\"_blank\" rel=\"noreferrer noopener\">90 pol\u00edticos foram mortos violentamente<\/a>, segundo a contagem do professor Pablo Nunes, do Centro de Estudos de Seguran\u00e7a e Cidadania (CESeC), do Rio. As causas s\u00e3o diversas.<\/p>\n\n\n\n<figure class=\"wp-block-image\"><img data-recalc-dims=\"1\" decoding=\"async\" src=\"https:\/\/i0.wp.com\/imagens.brasil.elpais.com\/resizer\/5g_7YS_2cYaditxaNpnZ1Tn3Gng%3D\/768x0\/cloudfront-eu-central-1.images.arcpublishing.com\/prisa\/KJAA75AKQLRLW4TE6JM3PNBRHQ.jpg?w=600&#038;ssl=1\" alt=\"A deputada federal Tal\u00edria Petrone, fotografada no Rio em 2019, pouco depois de ser eleita.\n\"\/><figcaption>A deputada federal Tal\u00edria Petrone, fotografada no Rio em 2019, pouco depois de ser eleita.&nbsp;FELIPE FITTIPALDI<\/figcaption><\/figure>\n\n\n\n<p>Na Amaz\u00f4nia costuma ser por conflitos de terras ou relacionados \u00e0 explora\u00e7\u00e3o ilegal de recursos. No Rio \u00e9 frequentemente obra de grupos paramilitares, de gangues de policiais que passaram para o lado do crime organizado. S\u00e3o&nbsp;<a href=\"https:\/\/brasil.elpais.com\/brasil\/2020-10-26\/milicias-do-rio-se-articulam-cada-vez-mais-com-prefeituras-e-casas-legislativas-aponta-estudo.html\" target=\"_blank\" rel=\"noreferrer noopener\">as mil\u00edcias<\/a>, que nasceram para oferecer seguran\u00e7a contra os traficantes de drogas e conquistaram territ\u00f3rio velozmente. No Rio, dominam mais territ\u00f3rio do que o narcotr\u00e1fico assentado nas favelas.<\/p>\n\n\n\n<p>O diretor da Open Society para a Am\u00e9rica Latina, Pedro Abramovay, destaca em uma videoconfer\u00eancia as liga\u00e7\u00f5es desses grupos paramilitares suspeitos de matar Marielle e de amea\u00e7ar agora Petrone com o presidente Jair Bolsonaro e sua fam\u00edlia. \u201cO Pal\u00e1cio do Planalto est\u00e1 ocupado por pessoas com\u00a0<a rel=\"noreferrer noopener\" href=\"https:\/\/brasil.elpais.com\/brasil\/2019\/01\/22\/politica\/1548165508_401944.html\" target=\"_blank\">v\u00ednculos estreitos com grupos paramilitares<\/a>. H\u00e1 uma vis\u00e3o quase positiva desses grupos. Como se aquela viol\u00eancia fosse natural, reflexo de uma sociedade violenta, ignorando que os assassinatos pol\u00edticos s\u00e3o mais graves para a democracia.\u201d O homem acusado de puxar o gatilho morava no mesmo condom\u00ednio do presidente Bolsonaro. E seu filho Fl\u00e1vio Bolsonaro, senador, empregou duas parentes de um obscuro ex-policial que foi interrogado pelo crime contra Marielle e levou seus segredos para a sepultura.<\/p>\n\n\n\n<p>Abramovay acrescenta que essas gangues paramilitares perseguiam um segundo objetivo ao matar Marielle. Enviaram uma mensagem a qualquer pessoa que se sentisse tentada a seguir seus passos. A hostilidade, que surge de diversas frentes, se multiplicou \u00e0 medida que mulheres negras ou de minorias, como as trans, ganharam elei\u00e7\u00f5es e visibilidade em muitos cantos do pa\u00eds. S\u00e3o aumentos t\u00edmidos porque as vereadoras det\u00eam apenas 16% das cadeiras municipais.<\/p>\n\n\n\n<p>Abramovay enquadra as amea\u00e7as \u00e0s mulheres na discrimina\u00e7\u00e3o racial profundamente arraigada, mais do que na polariza\u00e7\u00e3o atual. \u201c\u00c9 o racismo estrutural que existe na pol\u00edtica brasileira, que n\u00e3o aceita que essas mulheres possam estar em posi\u00e7\u00f5es de poder. N\u00e3o importa se entram pela esquerda ou pela direita.\u201d V\u00e1rias vereadoras rec\u00e9m-eleitas em novembro denunciaram amea\u00e7as racistas, incluindo duas estreantes de esquerda em duas das cidades mais brancas do Brasil, Curitiba e Joinville, e uma direitista em Bauru.<\/p>\n\n\n\n<p>Petrone lembra que a viol\u00eancia pol\u00edtica acompanha o Brasil desde a sua funda\u00e7\u00e3o, \u201cdesde o genoc\u00eddio dos povos ind\u00edgenas, \u00e0 escravid\u00e3o, ao coronelismo, \u00e0 ditadura &#8230;\u201d. Para a deputada do PSOL, \u201co bolsonarismo e o Governo Bolsonaro s\u00e3o a express\u00e3o da velha elite raivosa, temerosa do avan\u00e7o do povo\u201d em dire\u00e7\u00e3o ao poder. Esse fen\u00f4meno \u00e9 personificado, entre outros, pelas&nbsp;<a href=\"https:\/\/brasil.elpais.com\/brasil\/2018\/10\/11\/politica\/1539275009_606211.html\" target=\"_blank\" rel=\"noreferrer noopener\">herdeiras de Marielle Franco<\/a>, essas pol\u00edticas que se parecem muito mais com o Brasil real do que com os \u00f3rg\u00e3os de representa\u00e7\u00e3o da soberania popular. Uma das novas vereadoras \u00e9 a vi\u00fava de Marielle, a arquiteta M\u00f4nica Benicio. Ambas cresceram na Mar\u00e9, uma favela carioca.<\/p>\n\n\n\n<p>Abramovay explica que a Open Fundation se aliou \u00e0s funda\u00e7\u00f5es Ford, Kellogg e ao instituto brasileiro Ibirapitanga para investir dez milh\u00f5es de d\u00f3lares (51 milh\u00f5es de reais) nos pr\u00f3ximos cinco anos na forma\u00e7\u00e3o de mulheres negras em organiza\u00e7\u00f5es de ativismo social.<\/p>\n\n\n\n<p>Quem mandou matar Marielle, e por qu\u00ea? \u00c9 a pergunta que reverbera no Brasil desde que dois ex-policiais foram presos por matar a vereadora. Seu assassinato, em 14 de mar\u00e7o de 2018, tinha a assinatura de profissionais. O atirador disparou de um carro em movimento contra o autom\u00f3vel de Marielle quando este fazia uma curva no centro do Rio. O motorista, Anderson Gomes, morreu com ela, sua assessora de imprensa sobreviveu.<\/p>\n\n\n\n<p>Pouca coisa relevante emergiu oficialmente das investiga\u00e7\u00f5es desde o golpe de efeito de anunciar a pris\u00e3o dos dois suspeitos no primeiro anivers\u00e1rio. Anielle Franco, irm\u00e3 da v\u00edtima, explica por telefone que \u201ca investiga\u00e7\u00e3o continua. Estamos indo para o terceiro investigador-chefe. Mas, por ora, sem resultados nem novidade. Ainda tramita em segredo de Justi\u00e7a, por isso, o que sabemos \u00e9 o que vemos na imprensa\u201d, acrescenta a tamb\u00e9m presidenta do Instituto Marielle Franco, criado para perpetuar o seu legado pol\u00edtico.<\/p>\n","protected":false},"excerpt":{"rendered":"<p>Mulheres que assumiram a luta da vereadora negra e ativista assassinada no Rio sofrem graves amea\u00e7as. \u201cTenho que ser escoltada at\u00e9 a padaria\u201d, diz a deputada federal Tal\u00edria Petrone, que teve de deixar o Estado.<\/p>\n","protected":false},"author":1,"featured_media":0,"comment_status":"closed","ping_status":"open","sticky":false,"template":"","format":"standard","meta":{"_exactmetrics_skip_tracking":false,"_exactmetrics_sitenote_active":false,"_exactmetrics_sitenote_note":"","_exactmetrics_sitenote_category":0,"jetpack_post_was_ever_published":false,"_jetpack_newsletter_access":"","_jetpack_dont_email_post_to_subs":false,"_jetpack_newsletter_tier_id":0,"_jetpack_memberships_contains_paywalled_content":false,"_jetpack_memberships_contains_paid_content":false,"footnotes":"","jetpack_publicize_message":"","jetpack_publicize_feature_enabled":true,"jetpack_social_post_already_shared":true,"jetpack_social_options":{"image_generator_settings":{"template":"highway","enabled":false},"version":2}},"categories":[1],"tags":[],"class_list":["post-30293","post","type-post","status-publish","format-standard","hentry","category-notas"],"jetpack_publicize_connections":[],"jetpack_sharing_enabled":true,"jetpack_featured_media_url":"","jetpack_shortlink":"https:\/\/wp.me\/p7wKYW-7SB","jetpack-related-posts":[],"_links":{"self":[{"href":"http:\/\/blogdalucianaoliveira.com.br\/blog\/wp-json\/wp\/v2\/posts\/30293","targetHints":{"allow":["GET"]}}],"collection":[{"href":"http:\/\/blogdalucianaoliveira.com.br\/blog\/wp-json\/wp\/v2\/posts"}],"about":[{"href":"http:\/\/blogdalucianaoliveira.com.br\/blog\/wp-json\/wp\/v2\/types\/post"}],"author":[{"embeddable":true,"href":"http:\/\/blogdalucianaoliveira.com.br\/blog\/wp-json\/wp\/v2\/users\/1"}],"replies":[{"embeddable":true,"href":"http:\/\/blogdalucianaoliveira.com.br\/blog\/wp-json\/wp\/v2\/comments?post=30293"}],"version-history":[{"count":1,"href":"http:\/\/blogdalucianaoliveira.com.br\/blog\/wp-json\/wp\/v2\/posts\/30293\/revisions"}],"predecessor-version":[{"id":30295,"href":"http:\/\/blogdalucianaoliveira.com.br\/blog\/wp-json\/wp\/v2\/posts\/30293\/revisions\/30295"}],"wp:attachment":[{"href":"http:\/\/blogdalucianaoliveira.com.br\/blog\/wp-json\/wp\/v2\/media?parent=30293"}],"wp:term":[{"taxonomy":"category","embeddable":true,"href":"http:\/\/blogdalucianaoliveira.com.br\/blog\/wp-json\/wp\/v2\/categories?post=30293"},{"taxonomy":"post_tag","embeddable":true,"href":"http:\/\/blogdalucianaoliveira.com.br\/blog\/wp-json\/wp\/v2\/tags?post=30293"}],"curies":[{"name":"wp","href":"https:\/\/api.w.org\/{rel}","templated":true}]}}