{"id":30303,"date":"2020-12-09T16:19:08","date_gmt":"2020-12-09T20:19:08","guid":{"rendered":"http:\/\/blogdalucianaoliveira.com.br\/blog\/?p=30303"},"modified":"2020-12-09T16:19:12","modified_gmt":"2020-12-09T20:19:12","slug":"covid-19-foi-2a-maior-causa-de-mortes-no-brasil-em-novembro-nos-eua-foi-3a","status":"publish","type":"post","link":"http:\/\/blogdalucianaoliveira.com.br\/blog\/2020\/12\/09\/covid-19-foi-2a-maior-causa-de-mortes-no-brasil-em-novembro-nos-eua-foi-3a\/","title":{"rendered":"Covid-19 foi 2\u00aa maior causa de mortes no Brasil em novembro; nos EUA, foi 3\u00aa"},"content":{"rendered":"\n<figure class=\"wp-block-image\"><img data-recalc-dims=\"1\" decoding=\"async\" src=\"https:\/\/i0.wp.com\/static.poder360.com.br\/2020\/08\/mortes-covid-19-br-eua.jpg?w=600&#038;ssl=1\" alt=\"Covid-19 foi principal causa de morte no Brasil em julho; nos EUA, foi a 3\u00aa  | Poder360\"\/><\/figure>\n\n\n\n<p><a href=\"https:\/\/www.poder360.com.br\/author\/do-poder360\/\">PODER360<\/a> &#8211; O Brasil teve pelo menos 13.933 notifica\u00e7\u00f5es de mortes por covid-19 em novembro, de acordo com o\u00a0<a rel=\"noreferrer noopener\" href=\"https:\/\/www.gov.br\/saude\/pt-br\/media\/pdf\/2020\/dezembro\/03\/boletim_epidemiologico_covid_39.pdf\" target=\"_blank\">\u00faltimo boletim<\/a>\u00a0divulgado pelo Minist\u00e9rio da Sa\u00fade. A marca faz com que a doen\u00e7a seja a 2\u00aa maior causa de \u00f3bitos quando considerada a m\u00e9dia das mortes para novembro de 2014 a 2018, \u00faltimos 5 anos com dados dispon\u00edveis.<\/p>\n\n\n\n<!--more-->\n\n\n\n<p>As mortes causadas pelo novo coronav\u00edrus superam o hist\u00f3rico de males como infarto, pneumonia e hipertens\u00e3o.<\/p>\n\n\n\n<div class=\"wp-block-image\"><figure class=\"aligncenter\"><img data-recalc-dims=\"1\" decoding=\"async\" src=\"https:\/\/i0.wp.com\/static.poder360.com.br\/2020\/12\/mortes-covid-causas-novembro-2020-drive-8dez2020-01.png?w=600&#038;ssl=1\" alt=\"\"\/><\/figure><\/div>\n\n\n\n<h2 class=\"wp-block-heading\">EUA: 3\u00aa MAIOR CAUSA DE MORTES<\/h2>\n\n\n\n<p>A mesma compara\u00e7\u00e3o mostra que, nos Estados Unidos, pa\u00eds com o maior n\u00famero de mortes pela pandemia (281.442 at\u00e9 esta 4\u00aa feira, 9.dez), o coronav\u00edrus foi a 3\u00aa maior causa de mortes. Foram registrados 37.896 \u00f3bitos pela covid-19.<\/p>\n\n\n\n<div class=\"wp-block-image\"><figure class=\"aligncenter\"><img data-recalc-dims=\"1\" decoding=\"async\" src=\"https:\/\/i0.wp.com\/static.poder360.com.br\/2020\/12\/mortes-covid-causas-novembro-2020-drive-8dez2020-02.png?w=600&#038;ssl=1\" alt=\"\"\/><\/figure><\/div>\n\n\n\n<p>As fontes dos dados desta reportagem s\u00e3o todas oficiais. Para conhecer mais detalhes sobre o que cada pa\u00eds, Brasil e EUA, usam para definir causas de mortes, entre nos sites do&nbsp;<a href=\"http:\/\/www2.datasus.gov.br\/DATASUS\/index.php?area=02\" target=\"_blank\" rel=\"noreferrer noopener\">Datasus<\/a>&nbsp;e do&nbsp;<a href=\"https:\/\/wonder.cdc.gov\/ucd-icd10.html\" target=\"_blank\" rel=\"noreferrer noopener\">CDC (Centers for Disease Control and Prevention)<\/a>.<\/p>\n\n\n\n<h2 class=\"wp-block-heading\"><strong>M\u00c9DIA DE MORTES NO BRASIL<\/strong><\/h2>\n\n\n\n<p>O c\u00e1lculo da m\u00e9dia de mortalidade nos \u00faltimos 7 dias ajuda a entender melhor as mortes pelo novo coronav\u00edrus no pa\u00eds. Isso porque reduz o efeito de subnotifica\u00e7\u00f5es \u2013realidade&nbsp;<a href=\"https:\/\/www.poder360.com.br\/coronavirus\/falta-de-informacao-sobre-virus-leva-governo-a-navegar-as-cegas-diz-teich\/\" target=\"_blank\" rel=\"noreferrer noopener\">reconhecida<\/a>&nbsp;pelo pr\u00f3prio Minist\u00e9rio da Sa\u00fade.<\/p>\n\n\n\n<p>O infogr\u00e1fico do&nbsp;<strong>Poder360<\/strong>&nbsp;indica que h\u00e1 menos registros nos finais de semana por causa do regime de plant\u00f5es nos hospitais, o que pode representar uma distor\u00e7\u00e3o nos dados.<\/p>\n\n\n\n<figure class=\"wp-block-image\"><img data-recalc-dims=\"1\" decoding=\"async\" src=\"https:\/\/i0.wp.com\/static.poder360.com.br\/2020\/12\/covid-media-mortes-movel-8dez-01.png?w=600&#038;ssl=1\" alt=\"\" class=\"wp-image-592152\"\/><\/figure>\n\n\n\n<p><br><\/p>\n","protected":false},"excerpt":{"rendered":"<p>PODER360 &#8211; O Brasil teve pelo menos 13.933 notifica\u00e7\u00f5es de mortes por covid-19 em novembro, de acordo com o\u00a0\u00faltimo boletim\u00a0divulgado pelo Minist\u00e9rio da Sa\u00fade. A marca faz com que a doen\u00e7a seja a 2\u00aa maior causa de \u00f3bitos quando considerada a m\u00e9dia das mortes para novembro de 2014 a 2018, \u00faltimos 5 anos com dados&#8230;<a class=\"more-link\" href=\"http:\/\/blogdalucianaoliveira.com.br\/blog\/2020\/12\/09\/covid-19-foi-2a-maior-causa-de-mortes-no-brasil-em-novembro-nos-eua-foi-3a\/\">Continue a leitura <span class=\"meta-nav\">&raquo;<\/span><\/a><\/p>\n","protected":false},"author":1,"featured_media":0,"comment_status":"closed","ping_status":"open","sticky":false,"template":"","format":"standard","meta":{"_exactmetrics_skip_tracking":false,"_exactmetrics_sitenote_active":false,"_exactmetrics_sitenote_note":"","_exactmetrics_sitenote_category":0,"jetpack_post_was_ever_published":false,"_jetpack_newsletter_access":"","_jetpack_dont_email_post_to_subs":false,"_jetpack_newsletter_tier_id":0,"_jetpack_memberships_contains_paywalled_content":false,"_jetpack_memberships_contains_paid_content":false,"footnotes":"","jetpack_publicize_message":"","jetpack_publicize_feature_enabled":true,"jetpack_social_post_already_shared":true,"jetpack_social_options":{"image_generator_settings":{"template":"highway","enabled":false},"version":2}},"categories":[1],"tags":[],"class_list":["post-30303","post","type-post","status-publish","format-standard","hentry","category-notas"],"jetpack_publicize_connections":[],"jetpack_sharing_enabled":true,"jetpack_featured_media_url":"","jetpack_shortlink":"https:\/\/wp.me\/p7wKYW-7SL","jetpack-related-posts":[],"_links":{"self":[{"href":"http:\/\/blogdalucianaoliveira.com.br\/blog\/wp-json\/wp\/v2\/posts\/30303","targetHints":{"allow":["GET"]}}],"collection":[{"href":"http:\/\/blogdalucianaoliveira.com.br\/blog\/wp-json\/wp\/v2\/posts"}],"about":[{"href":"http:\/\/blogdalucianaoliveira.com.br\/blog\/wp-json\/wp\/v2\/types\/post"}],"author":[{"embeddable":true,"href":"http:\/\/blogdalucianaoliveira.com.br\/blog\/wp-json\/wp\/v2\/users\/1"}],"replies":[{"embeddable":true,"href":"http:\/\/blogdalucianaoliveira.com.br\/blog\/wp-json\/wp\/v2\/comments?post=30303"}],"version-history":[{"count":2,"href":"http:\/\/blogdalucianaoliveira.com.br\/blog\/wp-json\/wp\/v2\/posts\/30303\/revisions"}],"predecessor-version":[{"id":30306,"href":"http:\/\/blogdalucianaoliveira.com.br\/blog\/wp-json\/wp\/v2\/posts\/30303\/revisions\/30306"}],"wp:attachment":[{"href":"http:\/\/blogdalucianaoliveira.com.br\/blog\/wp-json\/wp\/v2\/media?parent=30303"}],"wp:term":[{"taxonomy":"category","embeddable":true,"href":"http:\/\/blogdalucianaoliveira.com.br\/blog\/wp-json\/wp\/v2\/categories?post=30303"},{"taxonomy":"post_tag","embeddable":true,"href":"http:\/\/blogdalucianaoliveira.com.br\/blog\/wp-json\/wp\/v2\/tags?post=30303"}],"curies":[{"name":"wp","href":"https:\/\/api.w.org\/{rel}","templated":true}]}}