{"id":30309,"date":"2020-12-09T16:56:48","date_gmt":"2020-12-09T20:56:48","guid":{"rendered":"http:\/\/blogdalucianaoliveira.com.br\/blog\/?p=30309"},"modified":"2020-12-09T16:56:54","modified_gmt":"2020-12-09T20:56:54","slug":"abin-e-outros-27-orgaos-do-governo-ja-acessam-megabase-de-dados-que-o-governo-bolsonaro-coleciona-sobre-voce","status":"publish","type":"post","link":"http:\/\/blogdalucianaoliveira.com.br\/blog\/2020\/12\/09\/abin-e-outros-27-orgaos-do-governo-ja-acessam-megabase-de-dados-que-o-governo-bolsonaro-coleciona-sobre-voce\/","title":{"rendered":"Abin e outros 27 \u00f3rg\u00e3os do governo j\u00e1 acessam megabase de dados que o governo Bolsonaro coleciona sobre voc\u00ea"},"content":{"rendered":"\n<figure class=\"wp-block-image size-large\"><img loading=\"lazy\" decoding=\"async\" width=\"1647\" height=\"1333\" data-attachment-id=\"30310\" data-permalink=\"http:\/\/blogdalucianaoliveira.com.br\/blog\/2020\/12\/09\/abin-e-outros-27-orgaos-do-governo-ja-acessam-megabase-de-dados-que-o-governo-bolsonaro-coleciona-sobre-voce\/513f7670-9916-4f04-8ad6-5f15eaaeed4a\/\" data-orig-file=\"https:\/\/i0.wp.com\/blogdalucianaoliveira.com.br\/blog\/wp-content\/uploads\/2020\/12\/513F7670-9916-4F04-8AD6-5F15EAAEED4A.jpeg?fit=1647%2C1333\" data-orig-size=\"1647,1333\" data-comments-opened=\"0\" data-image-meta=\"{&quot;aperture&quot;:&quot;0&quot;,&quot;credit&quot;:&quot;&quot;,&quot;camera&quot;:&quot;&quot;,&quot;caption&quot;:&quot;&quot;,&quot;created_timestamp&quot;:&quot;0&quot;,&quot;copyright&quot;:&quot;&quot;,&quot;focal_length&quot;:&quot;0&quot;,&quot;iso&quot;:&quot;0&quot;,&quot;shutter_speed&quot;:&quot;0&quot;,&quot;title&quot;:&quot;&quot;,&quot;orientation&quot;:&quot;0&quot;}\" data-image-title=\"513F7670-9916-4F04-8AD6-5F15EAAEED4A\" data-image-description=\"\" data-image-caption=\"\" data-medium-file=\"https:\/\/i0.wp.com\/blogdalucianaoliveira.com.br\/blog\/wp-content\/uploads\/2020\/12\/513F7670-9916-4F04-8AD6-5F15EAAEED4A.jpeg?fit=300%2C243\" data-large-file=\"https:\/\/i0.wp.com\/blogdalucianaoliveira.com.br\/blog\/wp-content\/uploads\/2020\/12\/513F7670-9916-4F04-8AD6-5F15EAAEED4A.jpeg?fit=600%2C486\" src=\"https:\/\/i0.wp.com\/blogdalucianaoliveira.com.br\/blog\/wp-content\/uploads\/2020\/12\/513F7670-9916-4F04-8AD6-5F15EAAEED4A.jpeg?fit=600%2C486\" alt=\"\" class=\"wp-image-30310\" srcset=\"https:\/\/i0.wp.com\/blogdalucianaoliveira.com.br\/blog\/wp-content\/uploads\/2020\/12\/513F7670-9916-4F04-8AD6-5F15EAAEED4A.jpeg?w=1647 1647w, https:\/\/i0.wp.com\/blogdalucianaoliveira.com.br\/blog\/wp-content\/uploads\/2020\/12\/513F7670-9916-4F04-8AD6-5F15EAAEED4A.jpeg?resize=300%2C243 300w, https:\/\/i0.wp.com\/blogdalucianaoliveira.com.br\/blog\/wp-content\/uploads\/2020\/12\/513F7670-9916-4F04-8AD6-5F15EAAEED4A.jpeg?resize=1024%2C829 1024w, https:\/\/i0.wp.com\/blogdalucianaoliveira.com.br\/blog\/wp-content\/uploads\/2020\/12\/513F7670-9916-4F04-8AD6-5F15EAAEED4A.jpeg?resize=768%2C622 768w, https:\/\/i0.wp.com\/blogdalucianaoliveira.com.br\/blog\/wp-content\/uploads\/2020\/12\/513F7670-9916-4F04-8AD6-5F15EAAEED4A.jpeg?resize=1536%2C1243 1536w, https:\/\/i0.wp.com\/blogdalucianaoliveira.com.br\/blog\/wp-content\/uploads\/2020\/12\/513F7670-9916-4F04-8AD6-5F15EAAEED4A.jpeg?resize=371%2C300 371w, https:\/\/i0.wp.com\/blogdalucianaoliveira.com.br\/blog\/wp-content\/uploads\/2020\/12\/513F7670-9916-4F04-8AD6-5F15EAAEED4A.jpeg?w=1200 1200w\" sizes=\"auto, (max-width: 600px) 100vw, 600px\" \/><\/figure>\n\n\n\n<p>Criado na surdina, Cadastro Base do Cidad\u00e3o j\u00e1 come\u00e7ou a funcionar \u2013 e voc\u00ea n\u00e3o foi avisado sobre isso.<a href=\"https:\/\/theintercept.com\/equipe\/tatianadias\/\">Tatiana Dias<\/a><\/p>\n\n\n\n<!--more-->\n\n\n\n<p>DESDE O ANO PASSADO, o governo est\u00e1 implementando uma megabase de dados dos cidad\u00e3os que n\u00e3o tem precedentes na hist\u00f3ria do pa\u00eds. Criado do dia para noite, sem debate p\u00fablico, o Cadastro Base do Cidad\u00e3o \u00e9 uma integra\u00e7\u00e3o entre diferentes bases de dados do governo, que v\u00e3o de CPF \u00e0s informa\u00e7\u00f5es de emprego, passando por sa\u00fade e at\u00e9 dados biom\u00e9tricos.&nbsp;<\/p>\n\n\n\n<p>O processo de implementa\u00e7\u00e3o e integra\u00e7\u00e3o ainda est\u00e1 no come\u00e7o, mas pelo menos 28 \u00f3rg\u00e3os do governo j\u00e1 consultaram as nossas informa\u00e7\u00f5es que est\u00e3o ali. Entre eles, est\u00e3o a Abin, a Ag\u00eancia Brasileira de Intelig\u00eancia, o Comando do Ex\u00e9rcito e o Minist\u00e9rio da Justi\u00e7a e Seguran\u00e7a P\u00fablica. As informa\u00e7\u00f5es est\u00e3o em um relat\u00f3rio lan\u00e7ado hoje pela Coding Rights, think tank focada em direitos digitais.<\/p>\n\n\n\n<p>No ano passado, o&nbsp;<a href=\"https:\/\/theintercept.com\/2019\/10\/15\/governo-ferramenta-vigilancia\/\"><strong>Intercept&nbsp;<\/strong>mostrou como<\/a>&nbsp;o cadastro, que deve reunir mais de 50 bases de dados diferentes, pode criar uma ferramenta de vigil\u00e2ncia poderosa com um potencial devastador para a nossa privacidade \u2013 especialmente nas m\u00e3os de um governo com fortes tend\u00eancias autorit\u00e1rias. O Cadastro Base do Cidad\u00e3o nasceu de em um decreto com o objetivo de, supostamente, \u201cfacilitar o acesso a servi\u00e7os p\u00fablicos\u201d. Mas o projeto \u00e9 t\u00e3o abrangente que o troca-troca pode incluir at\u00e9 informa\u00e7\u00f5es sens\u00edveis e \u201ccaracter\u00edsticas biol\u00f3gicas e comportamentais mensur\u00e1veis\u201d, como dados biom\u00e9tricos. Isto \u00e9: suas impress\u00f5es digitais, palma das m\u00e3os, retina, \u00edris, rosto, voz e maneira de andar.<\/p>\n\n\n\n<p>Pior: ele prev\u00ea poucos mecanismos para controle p\u00fablico dessa vigil\u00e2ncia e sequer conversa com a Lei Geral de Prote\u00e7\u00e3o de Dados, a LGPD \u2013 nem a terminologia utilizada para definir dados \u00e9 a mesma do projeto de lei, que entrou em vigor em agosto deste ano.<\/p>\n\n\n\n<p>No relat\u00f3rio, a Coding Rights mostra que, apesar da rea\u00e7\u00e3o da sociedade na \u00e9poca em que Bolsonaro assinou os decretos, o governo seguiu firme na constru\u00e7\u00e3o da megabase. At\u00e9 julho deste ano, \u00e9poca em que foram feitos os pedidos de informa\u00e7\u00e3o, apenas os dados de CPFs e Receita Federal faziam parte dela. Mas outros quatro \u00f3rg\u00e3os j\u00e1 estavam em processo de ades\u00e3o: a Capes, Coordena\u00e7\u00e3o de Aperfei\u00e7oamento de Pessoal de N\u00edvel Superior, o Minist\u00e9rio da Agricultura, Pecu\u00e1ria e Abastecimento, a Ag\u00eancia Nacional de Sa\u00fade Suplementar e a pr\u00f3pria Abin.<\/p>\n\n\n\n<p>Na lista de \u00f3rg\u00e3os p\u00fablicos que j\u00e1 consultaram o cadastro, no entanto, o n\u00famero \u00e9 bem maior. S\u00e3o 28 \u00f3rg\u00e3os, que inclue v\u00e1rios minist\u00e9rios, como o da Mulher, Fam\u00edlia e Direitos Humanos, Minist\u00e9rio da Economia e a Advocacia-Geral da Uni\u00e3o \u2013 al\u00e9m dos j\u00e1 citados Minist\u00e9rio da Justi\u00e7a e Seguran\u00e7a P\u00fablica, Ex\u00e9rcito e Abin.<\/p>\n\n\n\n<div class=\"wp-block-image\"><figure class=\"alignright\"><img data-recalc-dims=\"1\" decoding=\"async\" src=\"https:\/\/i0.wp.com\/theintercept.imgix.net\/wp-uploads\/sites\/1\/2020\/12\/INFO1-CBC.png?w=600&#038;ssl=1\" alt=\"INFO1-CBC\" class=\"wp-image-336330\"\/><\/figure><\/div>\n\n\n\n<p>Apesar da pandemia ter atrasado tramita\u00e7\u00e3o de PLs, implementa\u00e7\u00e3o da megabase continuou a todo vapor.&nbsp;<\/p>\n\n\n\n<p>Infogr\u00e1fico: Coding Rights<\/p>\n\n\n\n<p>E essa base deve engordar. Junto com o Cadastro Base do Cidad\u00e3o, o governo criou o Cadastro Nacional de Informa\u00e7\u00f5es Sociais, o CNIS, que re\u00fane mais de 50 tipos de informa\u00e7\u00f5es diferentes sobre n\u00f3s \u2013 registros de ve\u00edculos, informa\u00e7\u00f5es educacionais e at\u00e9 informa\u00e7\u00f5es de sa\u00fade, como cadastro de gestantes e os sistemas de informa\u00e7\u00e3o de c\u00e2ncer de colo do \u00fatero e de mama.&nbsp;<\/p>\n\n\n\n<p>Na Estrat\u00e9gia de Governo Digital, lan\u00e7ada em abril, o governo pretende emitir identifica\u00e7\u00f5es digitais e unificar os servi\u00e7os p\u00fablicos no portal Gov.br. Seu objetivo \u00e9 que \u201cno m\u00ednimo\u201d 100 servi\u00e7os p\u00fablicos contem com \u201cpreenchimento autom\u00e1tico de informa\u00e7\u00f5es\u201d at\u00e9 o final de 2020, alimentados com a megabase unificada. S\u00f3 em rela\u00e7\u00e3o ao Cadastro Base do Cidad\u00e3o, o plano \u00e9 que 150 servi\u00e7os estejam integrados at\u00e9 o final deste ano. A maioria deles \u00e9 de servi\u00e7os de sa\u00fade, como lista de transplantes e medicamentos, mas a lista tamb\u00e9m inclui Enem e autoriza\u00e7\u00e3o para servi\u00e7os de radiofus\u00e3o e o Canal do Cidad\u00e3o.<\/p>\n\n\n\n<p>O relat\u00f3rio tamb\u00e9m manifesta preocupa\u00e7\u00e3o com a seguran\u00e7a dessa megabase de dados. Imagine se ela cai nas m\u00e3os erradas? Em tese, segundo os decretos, as regras de sigilo e seguran\u00e7a ser\u00e3o definidas por um Comit\u00ea Central de Seguran\u00e7a de Dados, formado apenas por membros do\u2026 pr\u00f3prio governo.<\/p>\n\n\n\n<p>Vindo do mesmo governo respons\u00e1vel pela falha do Minist\u00e9rio da Sa\u00fade que&nbsp;<a href=\"https:\/\/saude.estadao.com.br\/noticias\/geral,nova-falha-do-ministerio-da-saude-expoe-dados-pessoais-de-mais-de-200-milhoes,70003536340\">exp\u00f4s dados de 200 milh\u00f5es de brasileiros<\/a>, temos raz\u00f5es de sobra para nos preocuparmos.<\/p>\n\n\n\n<h3 class=\"wp-block-heading\">P\u00e9 no freio da oposi\u00e7\u00e3o<\/h3>\n\n\n\n<p>Desde que o cadastro foi anunciado, deputados da oposi\u00e7\u00e3o apresentaram seis projetos de decretos legislativos para tentar derrubar os decretos. Eles questionam a n\u00e3o-conformidade do projeto de Bolsonaro com a LGPD \u2013 lei que ele assinou, provavelmente sem ler direito \u2013 e o potencial de vigil\u00e2ncia.<\/p>\n\n\n\n<p>Para a bancada do Psol, autora de um dos projetos, o&nbsp;<a href=\"https:\/\/www.camara.leg.br\/proposicoesWeb\/fichadetramitacao?idProposicao=2226412\">cadastro base d\u00e1 margem<\/a>&nbsp;\u201ca um estado de vigil\u00e2ncia e controle social, que nos remetem \u00e0s mem\u00f3rias mais autorit\u00e1rias contra as quais nos comprometemos a lutar desde a redemocratiza\u00e7\u00e3o\u201d. J\u00e1 o deputado Andr\u00e9 Figueiredo, do PDT, afirmou na&nbsp;<a href=\"https:\/\/www.camara.leg.br\/proposicoesWeb\/fichadetramitacao?idProposicao=2225164\">justificativa do seu PL<\/a>&nbsp;que \u201ca centraliza\u00e7\u00e3o dos dados pessoais que o governo deseja colocar em pr\u00e1tica pode tornar tais dados bastante vulner\u00e1veis&nbsp;<em>e&nbsp;<\/em>provocar, de modo acidental ou il\u00edcito, a destrui\u00e7\u00e3o, a perda, a altera\u00e7\u00e3o, a divulga\u00e7\u00e3o de dados pessoais, ou at\u00e9 mesmo o acesso n\u00e3o autorizado\u201d.<\/p>\n\n\n\n<p>\u201cO Decreto em quest\u00e3o apresenta um risco para a prote\u00e7\u00e3o de dados pessoais dos cidad\u00e3os brasileiros\u201d, afirmou&nbsp;<a href=\"https:\/\/www.camara.leg.br\/proposicoesWeb\/fichadetramitacao?idProposicao=2226295\">em seu projeto<\/a>Orlando Silva, do PCdoB, que foi o respons\u00e1vel por relatar a Lei Geral de Prote\u00e7\u00e3o de Dados.<\/p>\n\n\n\n<p>As iniciativas, no entanto, esbarraram na pandemia. Como o Congresso priorizou pautas relacionadas \u00e0 crise do coronav\u00edrus, os projetos de lei n\u00e3o avan\u00e7aram. Enquanto isso, o governo continuou trabalhando sem ser incomodado na sua megabase.<\/p>\n\n\n\n<p>As pesquisadoras da Coding Rights recomendam que os PLs voltem \u00e0 pauta e que o governo crie um mecanismo de controle para os cidad\u00e3os sobre o uso de suas informa\u00e7\u00f5es. Tamb\u00e9m defendem que a Abin n\u00e3o tem \u201ccompet\u00eancia para a cria\u00e7\u00e3o e execu\u00e7\u00e3o direta de pol\u00edticas p\u00fablicas\u201d e que, por isso, n\u00e3o deve ter facilidade de compartilhamentos de dados. Tamb\u00e9m dizem que o Cadastro Base deve estar sob escrut\u00ednio da ANPD, a Ag\u00eancia Nacional de Prote\u00e7\u00e3o de Dados. Mas, com uma<a href=\"https:\/\/direitosnarede.org.br\/2020\/10\/16\/anpd-militarizada-risco-para-a-protecao-de-dados-pessoais\/\">&nbsp;ag\u00eancia militarizada<\/a>&nbsp;\u2013 tr\u00eas dos quatro diretores s\u00e3o membros do Ex\u00e9rcito \u2013 n\u00e3o \u00e9 dif\u00edcil imaginar a quem ela deve servir.<\/p>\n\n\n\n<figure class=\"wp-block-image\"><img data-recalc-dims=\"1\" decoding=\"async\" src=\"https:\/\/i0.wp.com\/theintercept.imgix.net\/wp-uploads\/sites\/1\/2019\/08\/Vozes-1565201099-promo.jpg?w=600&#038;ssl=1\" alt=\"Vozes\"\/><\/figure>\n\n\n\n<p>Leia Nossa Cobertura CompletaVozes<\/p>\n\n\n\n<p><em><strong>Corre\u00e7\u00e3o<\/strong>: 8 de dezembro de 2020, 17h40<br>Os projetos apresentados pelos deputados s\u00e3o Projetos de Decreto Legislativo de Susta\u00e7\u00e3o de Atos Normativos do Poder Executivo, os PDLs, e n\u00e3o Projetos de Lei. O texto foi corrigido.<\/em><\/p>\n","protected":false},"excerpt":{"rendered":"<p>Criado na surdina, Cadastro Base do Cidad\u00e3o j\u00e1 come\u00e7ou a funcionar \u2013 e voc\u00ea n\u00e3o foi avisado sobre isso.Tatiana Dias<\/p>\n","protected":false},"author":1,"featured_media":0,"comment_status":"closed","ping_status":"open","sticky":false,"template":"","format":"standard","meta":{"_exactmetrics_skip_tracking":false,"_exactmetrics_sitenote_active":false,"_exactmetrics_sitenote_note":"","_exactmetrics_sitenote_category":0,"jetpack_post_was_ever_published":false,"_jetpack_newsletter_access":"","_jetpack_dont_email_post_to_subs":false,"_jetpack_newsletter_tier_id":0,"_jetpack_memberships_contains_paywalled_content":false,"_jetpack_memberships_contains_paid_content":false,"footnotes":"","jetpack_publicize_message":"","jetpack_publicize_feature_enabled":true,"jetpack_social_post_already_shared":true,"jetpack_social_options":{"image_generator_settings":{"template":"highway","enabled":false},"version":2}},"categories":[1],"tags":[],"class_list":["post-30309","post","type-post","status-publish","format-standard","hentry","category-notas"],"jetpack_publicize_connections":[],"jetpack_sharing_enabled":true,"jetpack_featured_media_url":"","jetpack_shortlink":"https:\/\/wp.me\/p7wKYW-7SR","jetpack-related-posts":[],"_links":{"self":[{"href":"http:\/\/blogdalucianaoliveira.com.br\/blog\/wp-json\/wp\/v2\/posts\/30309","targetHints":{"allow":["GET"]}}],"collection":[{"href":"http:\/\/blogdalucianaoliveira.com.br\/blog\/wp-json\/wp\/v2\/posts"}],"about":[{"href":"http:\/\/blogdalucianaoliveira.com.br\/blog\/wp-json\/wp\/v2\/types\/post"}],"author":[{"embeddable":true,"href":"http:\/\/blogdalucianaoliveira.com.br\/blog\/wp-json\/wp\/v2\/users\/1"}],"replies":[{"embeddable":true,"href":"http:\/\/blogdalucianaoliveira.com.br\/blog\/wp-json\/wp\/v2\/comments?post=30309"}],"version-history":[{"count":1,"href":"http:\/\/blogdalucianaoliveira.com.br\/blog\/wp-json\/wp\/v2\/posts\/30309\/revisions"}],"predecessor-version":[{"id":30311,"href":"http:\/\/blogdalucianaoliveira.com.br\/blog\/wp-json\/wp\/v2\/posts\/30309\/revisions\/30311"}],"wp:attachment":[{"href":"http:\/\/blogdalucianaoliveira.com.br\/blog\/wp-json\/wp\/v2\/media?parent=30309"}],"wp:term":[{"taxonomy":"category","embeddable":true,"href":"http:\/\/blogdalucianaoliveira.com.br\/blog\/wp-json\/wp\/v2\/categories?post=30309"},{"taxonomy":"post_tag","embeddable":true,"href":"http:\/\/blogdalucianaoliveira.com.br\/blog\/wp-json\/wp\/v2\/tags?post=30309"}],"curies":[{"name":"wp","href":"https:\/\/api.w.org\/{rel}","templated":true}]}}