{"id":30312,"date":"2020-12-09T20:07:02","date_gmt":"2020-12-10T00:07:02","guid":{"rendered":"http:\/\/blogdalucianaoliveira.com.br\/blog\/?p=30312"},"modified":"2020-12-09T20:07:07","modified_gmt":"2020-12-10T00:07:07","slug":"partido-novo-e-o-unico-a-votar-contra-aprovacao-de-convencao-da-oea-sobre-racismo-na-camara","status":"publish","type":"post","link":"http:\/\/blogdalucianaoliveira.com.br\/blog\/2020\/12\/09\/partido-novo-e-o-unico-a-votar-contra-aprovacao-de-convencao-da-oea-sobre-racismo-na-camara\/","title":{"rendered":"Partido Novo \u00e9 o \u00fanico a votar contra aprova\u00e7\u00e3o de Conven\u00e7\u00e3o da OEA sobre racismo na C\u00e2mara"},"content":{"rendered":"\n<figure class=\"wp-block-image\"><img data-recalc-dims=\"1\" decoding=\"async\" src=\"https:\/\/i0.wp.com\/publisher-publish.s3.eu-central-1.amazonaws.com\/pb-brasil247\/swp\/jtjeq9\/media\/20201209191244_880dccfd-46af-4652-9a48-cc64d8fec8a3.jpeg?w=600&#038;ssl=1\" alt=\"Marcel van Hattem\"\/><\/figure>\n\n\n\n<p><strong>247\u00a0<\/strong>&#8211; O Partido Novo foi o \u00fanico a orientar o voto contra a aprova\u00e7\u00e3o do texto da Conven\u00e7\u00e3o Interamericana contra o Racismo, a Discrimina\u00e7\u00e3o Racial e Formas Correlatas de Intoler\u00e2ncia, adotada na 43\u00aa sess\u00e3o da Assembleia Geral da OEA realizada em 2013. A vota\u00e7\u00e3o aconteceu na C\u00e2mara dos Deputados nesta quarta-feira (9).<br><\/p>\n\n\n\n<!--more-->\n\n\n\n<p>O texto precisa de \u201caprimoramentos\u201d, segundo o deputado federal Marcel Van Hattem (Novo-RS), que proferiu o voto. O parlamentar tamb\u00e9m disse que h\u00e1 \u201cuma s\u00e9rie de dispositivos muito impositivos\u201d na Conven\u00e7\u00e3o e que alguns pa\u00edses importantes &#8211; como Estados Unidos e Canad\u00e1 &#8211; ainda n\u00e3o ratificaram o documento.<\/p>\n\n\n\n<p>Ao todo, 39 deputados votaram contra a aprova\u00e7\u00e3o do texto &#8211; todos brancos. Confira a lista abaixo e assista a um trecho da fala do deputado do Novo:<br><\/p>\n\n\n\n<figure class=\"wp-block-embed-twitter wp-block-embed is-type-rich is-provider-twitter\"><div class=\"wp-block-embed__wrapper\">\n<blockquote class=\"twitter-tweet\" data-width=\"550\" data-dnt=\"true\"><p lang=\"pt\" dir=\"ltr\">O partido Novo votou CONTRA a ratifica\u00e7\u00e3o da Conven\u00e7\u00e3o Interamericana sobre Racismo. Os argumentos s\u00e3o fr\u00e1geis e escondem a mesma hipocrisia que fez o Brasil ser o \u00faltimo pa\u00eds do mundo a abolir a escravid\u00e3o formalmente. S\u00f3 faltou dizer tamb\u00e9m que est\u00e1 na moda falar em racismo. + <a href=\"https:\/\/t.co\/4njsenceJo\">pic.twitter.com\/4njsenceJo<\/a><\/p>&mdash; Dep. Alencar Santana (@AlencarBraga13) <a href=\"https:\/\/twitter.com\/AlencarBraga13\/status\/1336796218140336128?ref_src=twsrc%5Etfw\">December 9, 2020<\/a><\/blockquote><script async src=\"https:\/\/platform.twitter.com\/widgets.js\" charset=\"utf-8\"><\/script>\n<\/div><\/figure>\n\n\n\n<figure class=\"wp-block-embed-twitter wp-block-embed is-type-rich is-provider-twitter\"><div class=\"wp-block-embed__wrapper\">\n<blockquote class=\"twitter-tweet\" data-width=\"550\" data-dnt=\"true\"><p lang=\"pt\" dir=\"ltr\">Os Estados Unidos, citado pelo l\u00edder do NOVO, s\u00e3o historicamente conhecidos por boicotar as iniciativas do sistema internacional em temas de direitos humanos. E o Canad\u00e1, embora internamente promova DHs, nas rela\u00e7\u00f5es exteriores costuma seguir as posi\u00e7\u00f5es dos EUA. Isso \u00e9 not\u00f3rio. <a href=\"https:\/\/t.co\/gQ5tFk9JQt\">pic.twitter.com\/gQ5tFk9JQt<\/a><\/p>&mdash; Dep. Alencar Santana (@AlencarBraga13) <a href=\"https:\/\/twitter.com\/AlencarBraga13\/status\/1336798804704698376?ref_src=twsrc%5Etfw\">December 9, 2020<\/a><\/blockquote><script async src=\"https:\/\/platform.twitter.com\/widgets.js\" charset=\"utf-8\"><\/script>\n<\/div><\/figure>\n\n\n\n<figure class=\"wp-block-embed-twitter wp-block-embed is-type-rich is-provider-twitter\"><div class=\"wp-block-embed__wrapper\">\n<blockquote class=\"twitter-tweet\" data-width=\"550\" data-dnt=\"true\"><p lang=\"pt\" dir=\"ltr\">Que fique registrado para a hist\u00f3ria: o partido NOVO foi o \u00fanico a VOTAR CONTRA a aprova\u00e7\u00e3o do texto da Conven\u00e7\u00e3o Interamericana contra o Racismo, a Discrimina\u00e7\u00e3o Racial e Formas Correlatas de Intoler\u00e2ncia, adotada na 43\u00aa sess\u00e3o da Assembleia Geral da OEA realizada em 2013. <a href=\"https:\/\/t.co\/NrUzagKms0\">pic.twitter.com\/NrUzagKms0<\/a><\/p>&mdash; F\u00e1bio Felix \ud83c\udff3\ufe0f\u200d\ud83c\udf08 (@fabiofelixdf) <a href=\"https:\/\/twitter.com\/fabiofelixdf\/status\/1336777243943727104?ref_src=twsrc%5Etfw\">December 9, 2020<\/a><\/blockquote><script async src=\"https:\/\/platform.twitter.com\/widgets.js\" charset=\"utf-8\"><\/script>\n<\/div><\/figure>\n\n\n\n<figure class=\"wp-block-embed-twitter wp-block-embed is-type-rich is-provider-twitter\"><div class=\"wp-block-embed__wrapper\">\n<blockquote class=\"twitter-tweet\" data-width=\"550\" data-dnt=\"true\"><p lang=\"pt\" dir=\"ltr\">Aprovado, na C\u00e2mara dos Deputados, o PDC 861\/17, que ratifica o texto da Conven\u00e7\u00e3o Interamericana contra o Racismo, a Discrimina\u00e7\u00e3o Racial e Formas Correlatas de Intoler\u00e2ncia.<br><br>O Partido Novo foi o \u00fanico partido que orientou voto contra. Motivo? Alegaram ir contra a &quot;soberania&quot;. <a href=\"https:\/\/t.co\/OuTedeCBU2\">pic.twitter.com\/OuTedeCBU2<\/a><\/p>&mdash; Mateus Oliveira (@mateusno) <a href=\"https:\/\/twitter.com\/mateusno\/status\/1336778395712098304?ref_src=twsrc%5Etfw\">December 9, 2020<\/a><\/blockquote><script async src=\"https:\/\/platform.twitter.com\/widgets.js\" charset=\"utf-8\"><\/script>\n<\/div><\/figure>\n","protected":false},"excerpt":{"rendered":"<p>247\u00a0&#8211; O Partido Novo foi o \u00fanico a orientar o voto contra a aprova\u00e7\u00e3o do texto da Conven\u00e7\u00e3o Interamericana contra o Racismo, a Discrimina\u00e7\u00e3o Racial e Formas Correlatas de Intoler\u00e2ncia, adotada na 43\u00aa sess\u00e3o da Assembleia Geral da OEA realizada em 2013. A vota\u00e7\u00e3o aconteceu na C\u00e2mara dos Deputados nesta quarta-feira (9).<\/p>\n","protected":false},"author":1,"featured_media":0,"comment_status":"closed","ping_status":"open","sticky":false,"template":"","format":"standard","meta":{"_exactmetrics_skip_tracking":false,"_exactmetrics_sitenote_active":false,"_exactmetrics_sitenote_note":"","_exactmetrics_sitenote_category":0,"jetpack_post_was_ever_published":false,"_jetpack_newsletter_access":"","_jetpack_dont_email_post_to_subs":false,"_jetpack_newsletter_tier_id":0,"_jetpack_memberships_contains_paywalled_content":false,"_jetpack_memberships_contains_paid_content":false,"footnotes":"","jetpack_publicize_message":"","jetpack_publicize_feature_enabled":true,"jetpack_social_post_already_shared":true,"jetpack_social_options":{"image_generator_settings":{"template":"highway","enabled":false},"version":2}},"categories":[1],"tags":[],"class_list":["post-30312","post","type-post","status-publish","format-standard","hentry","category-notas"],"jetpack_publicize_connections":[],"jetpack_sharing_enabled":true,"jetpack_featured_media_url":"","jetpack_shortlink":"https:\/\/wp.me\/p7wKYW-7SU","jetpack-related-posts":[],"_links":{"self":[{"href":"http:\/\/blogdalucianaoliveira.com.br\/blog\/wp-json\/wp\/v2\/posts\/30312","targetHints":{"allow":["GET"]}}],"collection":[{"href":"http:\/\/blogdalucianaoliveira.com.br\/blog\/wp-json\/wp\/v2\/posts"}],"about":[{"href":"http:\/\/blogdalucianaoliveira.com.br\/blog\/wp-json\/wp\/v2\/types\/post"}],"author":[{"embeddable":true,"href":"http:\/\/blogdalucianaoliveira.com.br\/blog\/wp-json\/wp\/v2\/users\/1"}],"replies":[{"embeddable":true,"href":"http:\/\/blogdalucianaoliveira.com.br\/blog\/wp-json\/wp\/v2\/comments?post=30312"}],"version-history":[{"count":2,"href":"http:\/\/blogdalucianaoliveira.com.br\/blog\/wp-json\/wp\/v2\/posts\/30312\/revisions"}],"predecessor-version":[{"id":30314,"href":"http:\/\/blogdalucianaoliveira.com.br\/blog\/wp-json\/wp\/v2\/posts\/30312\/revisions\/30314"}],"wp:attachment":[{"href":"http:\/\/blogdalucianaoliveira.com.br\/blog\/wp-json\/wp\/v2\/media?parent=30312"}],"wp:term":[{"taxonomy":"category","embeddable":true,"href":"http:\/\/blogdalucianaoliveira.com.br\/blog\/wp-json\/wp\/v2\/categories?post=30312"},{"taxonomy":"post_tag","embeddable":true,"href":"http:\/\/blogdalucianaoliveira.com.br\/blog\/wp-json\/wp\/v2\/tags?post=30312"}],"curies":[{"name":"wp","href":"https:\/\/api.w.org\/{rel}","templated":true}]}}