{"id":30315,"date":"2020-12-09T20:12:59","date_gmt":"2020-12-10T00:12:59","guid":{"rendered":"http:\/\/blogdalucianaoliveira.com.br\/blog\/?p=30315"},"modified":"2020-12-09T20:13:03","modified_gmt":"2020-12-10T00:13:03","slug":"senado-aprova-decreto-que-devolve-negros-a-lista-de-homenageados-da-fundacao-palmares","status":"publish","type":"post","link":"http:\/\/blogdalucianaoliveira.com.br\/blog\/2020\/12\/09\/senado-aprova-decreto-que-devolve-negros-a-lista-de-homenageados-da-fundacao-palmares\/","title":{"rendered":"Senado aprova decreto que devolve negros \u00e0 lista de homenageados da Funda\u00e7\u00e3o Palmares"},"content":{"rendered":"\n<figure class=\"wp-block-image\"><img data-recalc-dims=\"1\" decoding=\"async\" src=\"https:\/\/i0.wp.com\/images03.brasildefato.com.br\/3c6c5b28b8ae2c11f0d3be5808b3c260.jpeg?w=600&#038;ssl=1\" alt=\"\"\/><\/figure>\n\n\n\n<p>L\u00edder do governo vota contra S\u00e9rgio Camargo: \u201c\u00c9 uma posi\u00e7\u00e3o pol\u00edtica do Senado Federal contra qualquer forma de racismo\u201d<\/p>\n\n\n\n<!--more-->\n\n\n\n<p>Brasil de Fato<\/p>\n\n\n\n<p>O Senado aprovou, nesta quarta-feira (9), um Projeto de Decreto Legislativo (PDL) que derruba uma portaria da Funda\u00e7\u00e3o Palmares que havia retirado&nbsp;29 pessoas da lista de personalidades negras da entidade. Entre os nomes exclu\u00eddos&nbsp;estavam&nbsp;Gilberto Gil, Milton Nascimento, Marina Silva, Ala\u00edde Costa, Concei\u00e7\u00e3o Evaristo, Martinho da Vila, Vanderlei Cordeiro de Lima, e outros.<\/p>\n\n\n\n<p>A vota\u00e7\u00e3o terminou com 65 senadores&nbsp;favor\u00e1veis e apenas tr\u00eas contr\u00e1rios ao decreto proposto por&nbsp;Humberto Costa (PT-PE) e Alessandro Reis (Cidadania-SE), com relatoria de Fabiano Contarato (Rede-ES). At\u00e9 mesmo Fernando Bezerra (MDB-PE), l\u00edder do governo na Casa, votou favor\u00e1vel ao projeto.<\/p>\n\n\n\n<p>\u201cNessa vota\u00e7\u00e3o n\u00e3o se discute aspectos t\u00e9cnicos assinados pelo presidente da Funda\u00e7\u00e3o Palmares. O que cabe aqui \u00e9 fazer a avalia\u00e7\u00e3o pol\u00edtica do momento que estamos vivendo e a repercuss\u00e3o dessa vota\u00e7\u00e3o, que se constitui numa posi\u00e7\u00e3o pol\u00edtica do Senado Federal contra qualquer forma de racismo. Eu fico numa posi\u00e7\u00e3o muito delicada porque, como l\u00edder do governo teria que fazer a defesa do decreto da Funda\u00e7\u00e3o, mas, como senador de Pernambuco, quero me aliar a todas as lideran\u00e7as e votar sim\u201d, afirmou Bezerra.<\/p>\n\n\n\n<p>Autor do projeto, Costa tamb\u00e9m falou<a href=\"https:\/\/www.youtube.com\/watch?v=gpTQYfNcUdM\" target=\"_blank\" rel=\"noreferrer noopener\">&nbsp;durante a sess\u00e3o<\/a>. \u201cNo Brasil, h\u00e1 a produ\u00e7\u00e3o de diversos tipos de negacionismos. Entre eles, a nega\u00e7\u00e3o da hist\u00f3ria. As pessoas dessa lista, elas deram e continuam dando contribui\u00e7\u00f5es important\u00edssimas em diversos aspectos. Qualquer que seja a homenagem \u00e0 popula\u00e7\u00e3o negra do Brasil ser\u00e1 insuficiente\u201d, afirmou Humberto Costa.<\/p>\n\n\n\n<p>O senador Izalci Lucas (PSDB-DF) homenageou o tamb\u00e9m senador Paulo Paim (PT-RS), que foi retirado da lista. \u201cSempre acompanhamos o Paim como uma refer\u00eancia no Congresso Nacional. \u00c9 lament\u00e1vel, em pleno s\u00e9culo XXI, ter que votar uma mat\u00e9ria como essa. O pa\u00eds j\u00e1 tinha que ter superado isso h\u00e1 muito tempo com pol\u00edticas p\u00fablicas.\u201d<\/p>\n\n\n\n<p>Agora, o projeto segue para a C\u00e2mara dos Deputados. Caso aprovado, os nomes das 29 personalidades retornam \u00e0 lista. Confira a rela\u00e7\u00e3o dos exclu\u00eddos da homenagem.<\/p>\n\n\n\n<p>\u00c1dria Santos<br>Ala\u00edde Costa<br>Benedita da Silva<br>Concei\u00e7\u00e3o Evaristo<br>Elza Soares<br>Emanoel de Ara\u00fajo<br>Gilberto Gil<br>Giv\u00e2nia Maria da Silva<br>Janete Rocha Piet\u00e1<br>Janeth dos Santos Arcain<br>Joaquim Carvalho Cruz<br>Jurema da Silva<br>L\u00e9a Lucas Garcia de Aguiar<br>Leci Brand\u00e3o<br>Luislinda de Valois<br>Madame Sat\u00e3<br>Marina Silva<br>Martinho da Vila<br>Mel\u00e2nia Luz<br>Milton Nascimento<br>Paulo Paim<br>Petronilha Beatriz Gon\u00e7alves e Silva<br>Sandra de S\u00e1<br>Serv\u00edlio de Oliveira<br>Sueli Carneiro<br>Terezinha Guilhermina<br>Vanderlei Cordeiro de Lima<br>Vov\u00f4 do Il\u00ea<br>Zez\u00e9 Motta<\/p>\n\n\n\n<p>Edi\u00e7\u00e3o: Rodrigo Chagas<br><\/p>\n","protected":false},"excerpt":{"rendered":"<p>L\u00edder do governo vota contra S\u00e9rgio Camargo: \u201c\u00c9 uma posi\u00e7\u00e3o pol\u00edtica do Senado Federal contra qualquer forma de racismo\u201d<\/p>\n","protected":false},"author":1,"featured_media":0,"comment_status":"closed","ping_status":"open","sticky":false,"template":"","format":"standard","meta":{"_exactmetrics_skip_tracking":false,"_exactmetrics_sitenote_active":false,"_exactmetrics_sitenote_note":"","_exactmetrics_sitenote_category":0,"jetpack_post_was_ever_published":false,"_jetpack_newsletter_access":"","_jetpack_dont_email_post_to_subs":false,"_jetpack_newsletter_tier_id":0,"_jetpack_memberships_contains_paywalled_content":false,"_jetpack_memberships_contains_paid_content":false,"footnotes":"","jetpack_publicize_message":"","jetpack_publicize_feature_enabled":true,"jetpack_social_post_already_shared":true,"jetpack_social_options":{"image_generator_settings":{"template":"highway","enabled":false},"version":2}},"categories":[1],"tags":[],"class_list":["post-30315","post","type-post","status-publish","format-standard","hentry","category-notas"],"jetpack_publicize_connections":[],"jetpack_sharing_enabled":true,"jetpack_featured_media_url":"","jetpack_shortlink":"https:\/\/wp.me\/p7wKYW-7SX","jetpack-related-posts":[],"_links":{"self":[{"href":"http:\/\/blogdalucianaoliveira.com.br\/blog\/wp-json\/wp\/v2\/posts\/30315","targetHints":{"allow":["GET"]}}],"collection":[{"href":"http:\/\/blogdalucianaoliveira.com.br\/blog\/wp-json\/wp\/v2\/posts"}],"about":[{"href":"http:\/\/blogdalucianaoliveira.com.br\/blog\/wp-json\/wp\/v2\/types\/post"}],"author":[{"embeddable":true,"href":"http:\/\/blogdalucianaoliveira.com.br\/blog\/wp-json\/wp\/v2\/users\/1"}],"replies":[{"embeddable":true,"href":"http:\/\/blogdalucianaoliveira.com.br\/blog\/wp-json\/wp\/v2\/comments?post=30315"}],"version-history":[{"count":1,"href":"http:\/\/blogdalucianaoliveira.com.br\/blog\/wp-json\/wp\/v2\/posts\/30315\/revisions"}],"predecessor-version":[{"id":30316,"href":"http:\/\/blogdalucianaoliveira.com.br\/blog\/wp-json\/wp\/v2\/posts\/30315\/revisions\/30316"}],"wp:attachment":[{"href":"http:\/\/blogdalucianaoliveira.com.br\/blog\/wp-json\/wp\/v2\/media?parent=30315"}],"wp:term":[{"taxonomy":"category","embeddable":true,"href":"http:\/\/blogdalucianaoliveira.com.br\/blog\/wp-json\/wp\/v2\/categories?post=30315"},{"taxonomy":"post_tag","embeddable":true,"href":"http:\/\/blogdalucianaoliveira.com.br\/blog\/wp-json\/wp\/v2\/tags?post=30315"}],"curies":[{"name":"wp","href":"https:\/\/api.w.org\/{rel}","templated":true}]}}