{"id":30317,"date":"2020-12-10T09:55:44","date_gmt":"2020-12-10T13:55:44","guid":{"rendered":"http:\/\/blogdalucianaoliveira.com.br\/blog\/?p=30317"},"modified":"2020-12-10T09:55:51","modified_gmt":"2020-12-10T13:55:51","slug":"bolsonaro-reitera-aval-da-anvisa-para-liberar-vacina-contra-covid-19-e-ataca-doria","status":"publish","type":"post","link":"http:\/\/blogdalucianaoliveira.com.br\/blog\/2020\/12\/10\/bolsonaro-reitera-aval-da-anvisa-para-liberar-vacina-contra-covid-19-e-ataca-doria\/","title":{"rendered":"Bolsonaro reitera aval da Anvisa para liberar vacina contra covid-19 e ataca Doria"},"content":{"rendered":"\n<figure class=\"wp-block-image size-large\"><img loading=\"lazy\" decoding=\"async\" width=\"1086\" height=\"652\" data-attachment-id=\"30319\" data-permalink=\"http:\/\/blogdalucianaoliveira.com.br\/blog\/2020\/12\/10\/bolsonaro-reitera-aval-da-anvisa-para-liberar-vacina-contra-covid-19-e-ataca-doria\/f04bf04c-9ee7-4e7d-8823-4dc32b866355\/\" data-orig-file=\"https:\/\/i0.wp.com\/blogdalucianaoliveira.com.br\/blog\/wp-content\/uploads\/2020\/12\/F04BF04C-9EE7-4E7D-8823-4DC32B866355.jpeg?fit=1086%2C652\" data-orig-size=\"1086,652\" data-comments-opened=\"0\" data-image-meta=\"{&quot;aperture&quot;:&quot;0&quot;,&quot;credit&quot;:&quot;&quot;,&quot;camera&quot;:&quot;&quot;,&quot;caption&quot;:&quot;&quot;,&quot;created_timestamp&quot;:&quot;0&quot;,&quot;copyright&quot;:&quot;&quot;,&quot;focal_length&quot;:&quot;0&quot;,&quot;iso&quot;:&quot;0&quot;,&quot;shutter_speed&quot;:&quot;0&quot;,&quot;title&quot;:&quot;&quot;,&quot;orientation&quot;:&quot;0&quot;}\" data-image-title=\"F04BF04C-9EE7-4E7D-8823-4DC32B866355\" data-image-description=\"\" data-image-caption=\"\" data-medium-file=\"https:\/\/i0.wp.com\/blogdalucianaoliveira.com.br\/blog\/wp-content\/uploads\/2020\/12\/F04BF04C-9EE7-4E7D-8823-4DC32B866355.jpeg?fit=300%2C180\" data-large-file=\"https:\/\/i0.wp.com\/blogdalucianaoliveira.com.br\/blog\/wp-content\/uploads\/2020\/12\/F04BF04C-9EE7-4E7D-8823-4DC32B866355.jpeg?fit=600%2C360\" src=\"https:\/\/i1.wp.com\/blogdalucianaoliveira.com.br\/blog\/wp-content\/uploads\/2020\/12\/F04BF04C-9EE7-4E7D-8823-4DC32B866355.jpeg?fit=600%2C360\" alt=\"\" class=\"wp-image-30319\" srcset=\"https:\/\/i0.wp.com\/blogdalucianaoliveira.com.br\/blog\/wp-content\/uploads\/2020\/12\/F04BF04C-9EE7-4E7D-8823-4DC32B866355.jpeg?w=1086 1086w, https:\/\/i0.wp.com\/blogdalucianaoliveira.com.br\/blog\/wp-content\/uploads\/2020\/12\/F04BF04C-9EE7-4E7D-8823-4DC32B866355.jpeg?resize=300%2C180 300w, https:\/\/i0.wp.com\/blogdalucianaoliveira.com.br\/blog\/wp-content\/uploads\/2020\/12\/F04BF04C-9EE7-4E7D-8823-4DC32B866355.jpeg?resize=1024%2C615 1024w, https:\/\/i0.wp.com\/blogdalucianaoliveira.com.br\/blog\/wp-content\/uploads\/2020\/12\/F04BF04C-9EE7-4E7D-8823-4DC32B866355.jpeg?resize=768%2C461 768w, https:\/\/i0.wp.com\/blogdalucianaoliveira.com.br\/blog\/wp-content\/uploads\/2020\/12\/F04BF04C-9EE7-4E7D-8823-4DC32B866355.jpeg?resize=500%2C300 500w\" sizes=\"auto, (max-width: 600px) 100vw, 600px\" \/><\/figure>\n\n\n\n<p><strong>Valor<\/strong> &#8211; O presidente Jair Bolsonaro afirmou em suas redes sociais que o Brasil vai disponibilizar vacina contra covid-19 somente ap\u00f3s registro na Ag\u00eancia Nacional de Vigil\u00e2ncia Sanit\u00e1ria (Anvisa). Em meio \u00e0 disputa com o governador de S\u00e3o Paulo, Jo\u00e3o Doria, o presidente afirmou que n\u00e3o vai usar a vacina para &#8220;fins pol\u00edticos&#8221; nem colocar a sa\u00fade da popula\u00e7\u00e3o em risco &#8220;por conta de projetos pessoais de poder&#8221;.<\/p>\n\n\n\n<!--more-->\n\n\n\n<p>&#8220;O Brasil disponibilizar\u00e1 vacinas de forma gratuita e volunt\u00e1ria ap\u00f3s COMPROVADA EFIC\u00c1CIA E REGISTRO NA ANVISA. Vamos proteger a popula\u00e7\u00e3o respeitando sua liberdade, e n\u00e3o us\u00e1-la para fins pol\u00edticos, colocando sua sa\u00fade em risco por conta de projetos pessoais de poder&#8221;, escreveu.<\/p>\n\n\n\n<figure class=\"wp-block-image size-large\"><img data-recalc-dims=\"1\" loading=\"lazy\" decoding=\"async\" width=\"600\" height=\"687\" data-attachment-id=\"30318\" data-permalink=\"http:\/\/blogdalucianaoliveira.com.br\/blog\/2020\/12\/10\/bolsonaro-reitera-aval-da-anvisa-para-liberar-vacina-contra-covid-19-e-ataca-doria\/0a35a79b-825b-4f5b-a597-9364db0b1b4b\/\" data-orig-file=\"https:\/\/i0.wp.com\/blogdalucianaoliveira.com.br\/blog\/wp-content\/uploads\/2020\/12\/0A35A79B-825B-4F5B-A597-9364DB0B1B4B.jpeg?fit=828%2C948\" data-orig-size=\"828,948\" data-comments-opened=\"0\" data-image-meta=\"{&quot;aperture&quot;:&quot;0&quot;,&quot;credit&quot;:&quot;&quot;,&quot;camera&quot;:&quot;&quot;,&quot;caption&quot;:&quot;&quot;,&quot;created_timestamp&quot;:&quot;0&quot;,&quot;copyright&quot;:&quot;&quot;,&quot;focal_length&quot;:&quot;0&quot;,&quot;iso&quot;:&quot;0&quot;,&quot;shutter_speed&quot;:&quot;0&quot;,&quot;title&quot;:&quot;&quot;,&quot;orientation&quot;:&quot;1&quot;}\" data-image-title=\"0A35A79B-825B-4F5B-A597-9364DB0B1B4B\" data-image-description=\"\" data-image-caption=\"\" data-medium-file=\"https:\/\/i0.wp.com\/blogdalucianaoliveira.com.br\/blog\/wp-content\/uploads\/2020\/12\/0A35A79B-825B-4F5B-A597-9364DB0B1B4B.jpeg?fit=262%2C300\" data-large-file=\"https:\/\/i0.wp.com\/blogdalucianaoliveira.com.br\/blog\/wp-content\/uploads\/2020\/12\/0A35A79B-825B-4F5B-A597-9364DB0B1B4B.jpeg?fit=600%2C687\" src=\"https:\/\/i0.wp.com\/blogdalucianaoliveira.com.br\/blog\/wp-content\/uploads\/2020\/12\/0A35A79B-825B-4F5B-A597-9364DB0B1B4B.jpeg?resize=600%2C687\" alt=\"\" class=\"wp-image-30318\" srcset=\"https:\/\/i0.wp.com\/blogdalucianaoliveira.com.br\/blog\/wp-content\/uploads\/2020\/12\/0A35A79B-825B-4F5B-A597-9364DB0B1B4B.jpeg?w=828 828w, https:\/\/i0.wp.com\/blogdalucianaoliveira.com.br\/blog\/wp-content\/uploads\/2020\/12\/0A35A79B-825B-4F5B-A597-9364DB0B1B4B.jpeg?resize=262%2C300 262w, https:\/\/i0.wp.com\/blogdalucianaoliveira.com.br\/blog\/wp-content\/uploads\/2020\/12\/0A35A79B-825B-4F5B-A597-9364DB0B1B4B.jpeg?resize=768%2C879 768w\" sizes=\"auto, (max-width: 600px) 100vw, 600px\" \/><\/figure>\n\n\n\n<p>A mensagem do presidente \u00e9 publicada um dia depois de Doria anunciar o plano estadual de vacina\u00e7\u00e3o, que promete iniciar a vacina\u00e7\u00e3o em S\u00e3o Paulo a partir de 25 de janeiro de 2021. A imuniza\u00e7\u00e3o, inicialmente voltada a profissionais da sa\u00fade, ind\u00edgenas e pessoas acima de 60 anos, conta com a Coronavac, vacina produzida pela chinesa Sinovac e testada com apoio do Instituto Butantan. O imunizante, no entanto, ainda n\u00e3o \u00e9 certificado pela Anvisa.<\/p>\n\n\n\n<p>Hoje, o ministro da Sa\u00fade, Eduardo Pazuello, se reuniu com governadores, que cobraram do minist\u00e9rio mais informa\u00e7\u00f5es sobre o plano nacional de imuniza\u00e7\u00e3o.<\/p>\n","protected":false},"excerpt":{"rendered":"<p>Valor &#8211; O presidente Jair Bolsonaro afirmou em suas redes sociais que o Brasil vai disponibilizar vacina contra covid-19 somente ap\u00f3s registro na Ag\u00eancia Nacional de Vigil\u00e2ncia Sanit\u00e1ria (Anvisa). Em meio \u00e0 disputa com o governador de S\u00e3o Paulo, Jo\u00e3o Doria, o presidente afirmou que n\u00e3o vai usar a vacina para &#8220;fins pol\u00edticos&#8221; nem colocar&#8230;<a class=\"more-link\" href=\"http:\/\/blogdalucianaoliveira.com.br\/blog\/2020\/12\/10\/bolsonaro-reitera-aval-da-anvisa-para-liberar-vacina-contra-covid-19-e-ataca-doria\/\">Continue a leitura <span class=\"meta-nav\">&raquo;<\/span><\/a><\/p>\n","protected":false},"author":1,"featured_media":0,"comment_status":"closed","ping_status":"open","sticky":false,"template":"","format":"standard","meta":{"_exactmetrics_skip_tracking":false,"_exactmetrics_sitenote_active":false,"_exactmetrics_sitenote_note":"","_exactmetrics_sitenote_category":0,"jetpack_post_was_ever_published":false,"_jetpack_newsletter_access":"","_jetpack_dont_email_post_to_subs":false,"_jetpack_newsletter_tier_id":0,"_jetpack_memberships_contains_paywalled_content":false,"_jetpack_memberships_contains_paid_content":false,"footnotes":"","jetpack_publicize_message":"","jetpack_publicize_feature_enabled":true,"jetpack_social_post_already_shared":true,"jetpack_social_options":{"image_generator_settings":{"template":"highway","enabled":false},"version":2}},"categories":[1],"tags":[],"class_list":["post-30317","post","type-post","status-publish","format-standard","hentry","category-notas"],"jetpack_publicize_connections":[],"jetpack_sharing_enabled":true,"jetpack_featured_media_url":"","jetpack_shortlink":"https:\/\/wp.me\/p7wKYW-7SZ","jetpack-related-posts":[],"_links":{"self":[{"href":"http:\/\/blogdalucianaoliveira.com.br\/blog\/wp-json\/wp\/v2\/posts\/30317","targetHints":{"allow":["GET"]}}],"collection":[{"href":"http:\/\/blogdalucianaoliveira.com.br\/blog\/wp-json\/wp\/v2\/posts"}],"about":[{"href":"http:\/\/blogdalucianaoliveira.com.br\/blog\/wp-json\/wp\/v2\/types\/post"}],"author":[{"embeddable":true,"href":"http:\/\/blogdalucianaoliveira.com.br\/blog\/wp-json\/wp\/v2\/users\/1"}],"replies":[{"embeddable":true,"href":"http:\/\/blogdalucianaoliveira.com.br\/blog\/wp-json\/wp\/v2\/comments?post=30317"}],"version-history":[{"count":1,"href":"http:\/\/blogdalucianaoliveira.com.br\/blog\/wp-json\/wp\/v2\/posts\/30317\/revisions"}],"predecessor-version":[{"id":30320,"href":"http:\/\/blogdalucianaoliveira.com.br\/blog\/wp-json\/wp\/v2\/posts\/30317\/revisions\/30320"}],"wp:attachment":[{"href":"http:\/\/blogdalucianaoliveira.com.br\/blog\/wp-json\/wp\/v2\/media?parent=30317"}],"wp:term":[{"taxonomy":"category","embeddable":true,"href":"http:\/\/blogdalucianaoliveira.com.br\/blog\/wp-json\/wp\/v2\/categories?post=30317"},{"taxonomy":"post_tag","embeddable":true,"href":"http:\/\/blogdalucianaoliveira.com.br\/blog\/wp-json\/wp\/v2\/tags?post=30317"}],"curies":[{"name":"wp","href":"https:\/\/api.w.org\/{rel}","templated":true}]}}